{"id":10031,"date":"2025-01-06T09:37:13","date_gmt":"2025-01-06T09:37:13","guid":{"rendered":"https:\/\/www.automakers.cz\/?p=10031"},"modified":"2025-01-06T12:24:02","modified_gmt":"2025-01-06T12:24:02","slug":"medea-v-insolvenci-vice-nez-miliarda-dluhu","status":"publish","type":"post","link":"https:\/\/www.automakers.cz\/?p=10031","title":{"rendered":"M\u00e9dea v insolvenci, p\u0159es miliardu dluhu"},"content":{"rendered":"<p><strong>M\u00e9dea, jedna z nejv\u011bt\u0161\u00edch reklamn\u00edch agentur na trhu, kter\u00e1 je\u0161t\u011b loni zastupovala \u0159adu firem z autopr\u016fmyslu nebo skupinu \u010cEZ, spadla na konci lo\u0148sk\u00e9ho roku do insolvence. Na firmu byl vyhl\u00e1\u0161en\u00a0 konkurz a startuje insolven\u010dn\u00ed vypo\u0159\u00e1d\u00e1n\u00ed.<br \/>\n<\/strong><!--more--><\/p>\n<p>Dle insolven\u010dn\u00edho rejst\u0159\u00edku a dal\u0161\u00edch dostupn\u00fdch informac\u00ed se firma hl\u00e1s\u00ed k z\u00e1vazk\u016fm za zhruba 1,1 miliardy korun. V\u011b\u0159itel\u00e9 mohli uplatnit sv\u00e9 pohled\u00e1vky do 23. prosince. Podle dostupn\u00fdch informac\u00ed sv\u00e9 z\u00e1vazky p\u0159ihl\u00e1sila \u0159ada vydavatel\u016f i dal\u0161\u00edch subjekt\u016f z medi\u00e1ln\u00edho sv\u011bta.<\/p>\n<p><strong>Budovy Barrandov TV ji\u017e prod\u00e1ny<\/strong><\/p>\n<p>Ji\u017e loni byly v dra\u017eb\u00e1ch prod\u00e1ny majetky z b\u00fdval\u00e9 medi\u00e1ln\u00ed \u0159\u00ed\u0161e Jarom\u00edra Soukupa, budovy Empresa Media a Barrandov Televizn\u00ed studio, vlastn\u011bn\u00e9 firm J.S.P. Prodaly se dohromady za 759 milion\u016f korun, co\u017e je trojn\u00e1sobek vyvol\u00e1vac\u00edch cen. Kauzou se zab\u00fdval port\u00e1l MediaGuru. <span id=\"more-9814\"><\/span><\/p>\n<p>Objekt v are\u00e1lu Barrandovsk\u00fdch studi\u00ed z\u00edskala spole\u010dnost vlastn\u00edka are\u00e1lu\u00a0<strong>Tom\u00e1\u0161e Chrenka<\/strong>\u00a0za 110 milion\u016f korun. Nemovitosti v Bran\u00edku pak vydra\u017eil za 649 milion\u016f\u00a0<strong>pra\u017esk\u00fd magistr\u00e1t<\/strong>. Vypl\u00fdv\u00e1 to z \u00fadaj\u016f server\u016f OKdra\u017eby.cz a Konkurzn\u00ed noviny. \u00dasp\u011bch v dra\u017eb\u011b potvrdil i magistr\u00e1t.<\/p>\n<p>Exeku\u010dn\u00ed nedobrovoln\u00e9 dra\u017eby se uskute\u010dnily na z\u00e1klad\u011b rozhodnut\u00ed\u00a0<strong>Exekutorsk\u00e9ho \u00fa\u0159adu Brno-venkov<\/strong>. Jejich c\u00edlem je uspokojen\u00ed pohled\u00e1vek, kter\u00e9 m\u00e1 za Soukupem investi\u010dn\u00ed fond\u00a0<strong>IFIS<\/strong>. Fond m\u00e1 z\u00e1rove\u0148 financovat schv\u00e1lenou reorganizaci b\u00fdval\u00fdch soukupov\u00fdch firem Empresa a Barrandov Televizn\u00ed studio.<\/p>\n<p>Budova Empresa Media se nach\u00e1z\u00ed v Mikuleck\u00e9 ulici v Praze 4 \u2013 Bran\u00edku. Sou\u010d\u00e1st\u00ed dra\u017eby byly i pozemky a dal\u0161\u00ed budovy. Nejni\u017e\u0161\u00ed pod\u00e1n\u00ed bylo 201 milion\u016f korun. Budova Barrandov TS, ze kter\u00e9 vys\u00edl\u00e1 TV Barrandov, se nach\u00e1z\u00ed v Hlubo\u010dep\u00edch v are\u00e1lu filmov\u00fdch ateli\u00e9r\u016f Barrandov. Vyvol\u00e1vac\u00ed cena byla 43 milion\u016f korun.<\/p>\n<p>Spole\u010dnosti Empresa Media, Barrandov TS a Media Master ned\u00e1vno od Soukupa z\u00edskal podnikatel\u00a0<strong>Jan \u010cerm\u00e1k<\/strong>. Ve firm\u00e1ch je insolven\u010dn\u00ed \u0159\u00edzen\u00ed a soud povolil jejich reorganizaci.<\/p>\n<p><strong>Zdroj: Insolven\u010dn\u00ed rejst\u0159\u00edk, MediaGuru<\/strong><\/p>\n","protected":false},"excerpt":{"rendered":"<p>M\u00e9dea, jedna z nejv\u011bt\u0161\u00edch reklamn\u00edch agentur na trhu, kter\u00e1 je\u0161t\u011b loni zastupovala \u0159adu firem z&#8230;<\/p>\n","protected":false},"author":1,"featured_media":9815,"comment_status":"closed","ping_status":"closed","sticky":false,"template":"","format":"standard","meta":{"footnotes":""},"categories":[51,49],"tags":[],"class_list":["post-10031","post","type-post","status-publish","format-standard","has-post-thumbnail","hentry","category-kauza","category-media"],"_links":{"self":[{"href":"https:\/\/www.automakers.cz\/index.php?rest_route=\/wp\/v2\/posts\/10031","targetHints":{"allow":["GET"]}}],"collection":[{"href":"https:\/\/www.automakers.cz\/index.php?rest_route=\/wp\/v2\/posts"}],"about":[{"href":"https:\/\/www.automakers.cz\/index.php?rest_route=\/wp\/v2\/types\/post"}],"author":[{"embeddable":true,"href":"https:\/\/www.automakers.cz\/index.php?rest_route=\/wp\/v2\/users\/1"}],"replies":[{"embeddable":true,"href":"https:\/\/www.automakers.cz\/index.php?rest_route=%2Fwp%2Fv2%2Fcomments&post=10031"}],"version-history":[{"count":9,"href":"https:\/\/www.automakers.cz\/index.php?rest_route=\/wp\/v2\/posts\/10031\/revisions"}],"predecessor-version":[{"id":10041,"href":"https:\/\/www.automakers.cz\/index.php?rest_route=\/wp\/v2\/posts\/10031\/revisions\/10041"}],"wp:featuredmedia":[{"embeddable":true,"href":"https:\/\/www.automakers.cz\/index.php?rest_route=\/wp\/v2\/media\/9815"}],"wp:attachment":[{"href":"https:\/\/www.automakers.cz\/index.php?rest_route=%2Fwp%2Fv2%2Fmedia&parent=10031"}],"wp:term":[{"taxonomy":"category","embeddable":true,"href":"https:\/\/www.automakers.cz\/index.php?rest_route=%2Fwp%2Fv2%2Fcategories&post=10031"},{"taxonomy":"post_tag","embeddable":true,"href":"https:\/\/www.automakers.cz\/index.php?rest_route=%2Fwp%2Fv2%2Ftags&post=10031"}],"curies":[{"name":"wp","href":"https:\/\/api.w.org\/{rel}","templated":true}]}}