{"id":10070,"date":"2025-01-08T08:13:36","date_gmt":"2025-01-08T08:13:36","guid":{"rendered":"https:\/\/www.automakers.cz\/?p=10070"},"modified":"2025-01-08T09:17:06","modified_gmt":"2025-01-08T09:17:06","slug":"personalni-zmena-v-top-managementu-kia-czech","status":"publish","type":"post","link":"https:\/\/www.automakers.cz\/?p=10070","title":{"rendered":"Zm\u011bna v top managementu Kia Czech"},"content":{"rendered":"<div class=\"perex\">\n<p><strong>Kia od ledna jmenovala Heung Gu Kanga do pozice prezidenta \u010desk\u00e9ho zastoupen\u00ed. Navazuje t\u00edm na p\u0159edchoz\u00ed kari\u00e9ru u zna\u010dky, kde dosud p\u016fsobil v oblasti mezin\u00e1rodn\u00edho obchodu \u2013 naposledy jako V\u00fdkonn\u00fd koordin\u00e1tor spole\u010dnosti Kia Nizozemsko. Funkci p\u0159eb\u00edr\u00e1 po Kyoungsun Yoo, kter\u00fd uvedenou roli zast\u00e1val posledn\u00ed dva roky.<\/strong><\/p>\n<\/div>\n<p><!--more--><\/p>\n<div class=\"text\">\n<p>Kang p\u0159in\u00e1\u0161\u00ed \u0159adu cenn\u00fdch zku\u0161enost\u00ed z n\u00e1rodn\u00ed i mezin\u00e1rodn\u00ed \u00farovn\u011b, kter\u00e9 nabyl b\u011bhem sv\u00e9ho 19let\u00e9ho p\u016fsoben\u00ed u zna\u010dky Kia. Ve sv\u00e9 kari\u00e9\u0159e se zam\u011b\u0159uje na obchodn\u00ed strategii a provozn\u00ed oblasti \u2013 od prodeje p\u0159es marketing a produkty a\u017e po z\u00e1kaznick\u00e9 slu\u017eby.<\/p>\n<p>Heung Gu Kang zah\u00e1jil svou kari\u00e9ru ve spole\u010dnosti Kia Corporation v roce 2006, kde p\u016fsobil v\u00a0t\u00fdmu koordinuj\u00edc\u00ed r\u016fznorod\u00e9 obchodn\u00ed a prodejn\u00ed aktivity. V\u00a0roce 2016 jeho pracovn\u00ed dr\u00e1ha pokra\u010dovala do Evropy, konkr\u00e9tn\u011b do Kia France, kde po dobu \u010dty\u0159 let zast\u00e1val pozici obchodn\u00edho koordin\u00e1tora v\u00a0prodejn\u00edm odd\u011blen\u00ed. Od roku 2020 byl odpov\u011bdn\u00fd za glob\u00e1ln\u00ed obchodn\u00ed strategii, kterou vykon\u00e1val v\u00a0Kia Corporation. Sv\u00e9 posledn\u00ed anga\u017em\u00e1 v\u00a0podob\u011b V\u00fdkonn\u00e9ho koordin\u00e1tora zast\u00e1val v\u00a0Kia Nizozemsko a to od z\u00e1\u0159\u00ed roku 2022 do 31. prosince 2024.<\/p>\n<p>Heung Gu Kang<strong><em>\u00a0<\/em><\/strong>se narodil v\u00a0roce 1978 v\u00a0Ji\u017en\u00ed Koreji. Vystudoval Hanyang University v\u00a0Soulu obor strojn\u00ed in\u017een\u00fdrstv\u00ed. Je \u017eenat\u00fd a m\u00e1 syna.<\/p>\n<p><strong>Zdroj: Kate\u0159ina Va\u0148kov\u00e1 Jougl\u00ed\u010dkov\u00e1<\/strong><\/p>\n<p><img loading=\"lazy\" decoding=\"async\" class=\"alignnone size-medium wp-image-10073\" src=\"http:\/\/www.automakers.cz\/wp-content\/uploads\/2025\/01\/Heung-Gu-Kang_President-KCz_01-600x900.jpg\" alt=\"\" width=\"600\" height=\"900\" srcset=\"https:\/\/www.automakers.cz\/wp-content\/uploads\/2025\/01\/Heung-Gu-Kang_President-KCz_01-600x900.jpg 600w, https:\/\/www.automakers.cz\/wp-content\/uploads\/2025\/01\/Heung-Gu-Kang_President-KCz_01.jpg 667w\" sizes=\"auto, (max-width: 600px) 100vw, 600px\" \/><\/p>\n<\/div>\n","protected":false},"excerpt":{"rendered":"<p>Kia od ledna jmenovala Heung Gu Kanga do pozice prezidenta \u010desk\u00e9ho zastoupen\u00ed. Navazuje t\u00edm na&#8230;<\/p>\n","protected":false},"author":1,"featured_media":10072,"comment_status":"closed","ping_status":"closed","sticky":false,"template":"","format":"standard","meta":{"footnotes":""},"categories":[11,6,5],"tags":[],"class_list":["post-10070","post","type-post","status-publish","format-standard","has-post-thumbnail","hentry","category-importeri","category-management","category-personalie"],"_links":{"self":[{"href":"https:\/\/www.automakers.cz\/index.php?rest_route=\/wp\/v2\/posts\/10070","targetHints":{"allow":["GET"]}}],"collection":[{"href":"https:\/\/www.automakers.cz\/index.php?rest_route=\/wp\/v2\/posts"}],"about":[{"href":"https:\/\/www.automakers.cz\/index.php?rest_route=\/wp\/v2\/types\/post"}],"author":[{"embeddable":true,"href":"https:\/\/www.automakers.cz\/index.php?rest_route=\/wp\/v2\/users\/1"}],"replies":[{"embeddable":true,"href":"https:\/\/www.automakers.cz\/index.php?rest_route=%2Fwp%2Fv2%2Fcomments&post=10070"}],"version-history":[{"count":5,"href":"https:\/\/www.automakers.cz\/index.php?rest_route=\/wp\/v2\/posts\/10070\/revisions"}],"predecessor-version":[{"id":10085,"href":"https:\/\/www.automakers.cz\/index.php?rest_route=\/wp\/v2\/posts\/10070\/revisions\/10085"}],"wp:featuredmedia":[{"embeddable":true,"href":"https:\/\/www.automakers.cz\/index.php?rest_route=\/wp\/v2\/media\/10072"}],"wp:attachment":[{"href":"https:\/\/www.automakers.cz\/index.php?rest_route=%2Fwp%2Fv2%2Fmedia&parent=10070"}],"wp:term":[{"taxonomy":"category","embeddable":true,"href":"https:\/\/www.automakers.cz\/index.php?rest_route=%2Fwp%2Fv2%2Fcategories&post=10070"},{"taxonomy":"post_tag","embeddable":true,"href":"https:\/\/www.automakers.cz\/index.php?rest_route=%2Fwp%2Fv2%2Ftags&post=10070"}],"curies":[{"name":"wp","href":"https:\/\/api.w.org\/{rel}","templated":true}]}}