{"id":1012,"date":"2023-12-18T11:42:34","date_gmt":"2023-12-18T11:42:34","guid":{"rendered":"https:\/\/www.automakers.cz\/?p=1012"},"modified":"2023-12-18T11:42:34","modified_gmt":"2023-12-18T11:42:34","slug":"mercedes-benz-prodal-prazska-dealerstvi","status":"publish","type":"post","link":"https:\/\/www.automakers.cz\/?p=1012","title":{"rendered":"Mercedes-Benz prodal pra\u017esk\u00e1 dealerstv\u00ed"},"content":{"rendered":"<p><strong>Mercedes-Benz uzav\u0159el dohodu s mezin\u00e1rodn\u00ed spole\u010dnost\u00ed SAGA Mercedes-Benz o prodeji dealerstv\u00ed v Praze na Chodov\u011b a ve Stod\u016flk\u00e1ch.<\/strong><!--more--><\/p>\n<p>Spole\u010dnost Mercedes-Benz PRAHA byla vybudov\u00e1na jako sou\u010d\u00e1st vlastn\u00ed prodejn\u00ed s\u00edt\u011b automobilky Mercedes-Benz. V obou pra\u017esk\u00fdch pobo\u010dk\u00e1ch prob\u00edh\u00e1 prodej a servis osobn\u00edch a u\u017eitkov\u00fdch vozidel, na Chodov\u011b se rovn\u011b\u017e nach\u00e1z\u00ed exkluzivn\u00ed salon AMG Performance Center zna\u010dky Mercedes-AMG.<\/p>\n<p>SAGA Mercedes-Benz bude s 277 zam\u011bstnanci pokra\u010dovat v autorizovan\u00e9m rodeji a servisu kompletn\u00ed \u0159ady osobn\u00edch a dod\u00e1vkov\u00fdch automobil\u016f Mercedes-Benz. V roce 2022 prodala spole\u010dnost Mercedes-Benz PRAHA 2477 nov\u00fdch vozidel, 390 pou\u017eit\u00fdch vozidel a dos\u00e1hla obratu 4,6 miliard K\u010d. Mercedes-Benz je dlouhodob\u011b nejprod\u00e1van\u011bj\u0161\u00ed pr\u00e9miovou zna\u010dkou v \u010cesk\u00e9 republice.<\/p>\n<p>SAGA byla zalo\u017eena Mauricem Chabotem a m\u00e1 rozs\u00e1hl\u00e9 zku\u0161enosti v oboru od roku 1971. Ronan Chabot se ke spole\u010dnosti SAGA p\u0159ipojil koncem 80. let a pozd\u011bji zalo\u017eil skupinu RCM. Ta pokra\u010dovala akvizic\u00ed s\u00edt\u011b prodejn\u00edch m\u00edst Mercedes-Benz ve Francii, \u0160v\u00fdcarsku a Belgii. \u010cesk\u00e1 republika se st\u00e1v\u00e1 \u010dtvrtou zem\u00ed a prvn\u00ed ve st\u0159edn\u00ed Evrop\u011b, kde bude SAGA Mercedes-Benz p\u016fsobit.<\/p>\n<p>V roce 2023 o\u010dek\u00e1v\u00e1 skupina RCM se zna\u010dkami Mercedes-Benz (osobn\u00ed automobily, u\u017eitkov\u00e9 vozy, n\u00e1kladn\u00ed vozidla), Toyota-Lexus a Porsche a tak\u00e9 i se zna\u010dkami lod\u00ed Beneteau, Azimut, obrat ve v\u00fd\u0161i 2,2 miliardy eur. RCM zam\u011bstn\u00e1v\u00e1 v EU a \u0160v\u00fdcarsku v\u00edce ne\u017e 3050 lid\u00ed.<\/p>\n<p>Zdroj: <b>Ladislav Bu\u0161, <\/b>Marketing &amp; PR Manager, <b>SAGA Praha<br \/>\n<\/b><\/p>\n<p><img loading=\"lazy\" decoding=\"async\" class=\"alignnone size-medium wp-image-1015\" src=\"http:\/\/www.automakers.cz\/wp-content\/uploads\/2023\/12\/Mercedes-Chodov-900x511.jpeg\" alt=\"\" width=\"900\" height=\"511\" srcset=\"https:\/\/www.automakers.cz\/wp-content\/uploads\/2023\/12\/Mercedes-Chodov-900x511.jpeg 900w, https:\/\/www.automakers.cz\/wp-content\/uploads\/2023\/12\/Mercedes-Chodov-768x436.jpeg 768w, https:\/\/www.automakers.cz\/wp-content\/uploads\/2023\/12\/Mercedes-Chodov.jpeg 913w\" sizes=\"auto, (max-width: 900px) 100vw, 900px\" \/><\/p>\n","protected":false},"excerpt":{"rendered":"<p>Mercedes-Benz uzav\u0159el dohodu s mezin\u00e1rodn\u00ed spole\u010dnost\u00ed SAGA Mercedes-Benz o prodeji dealerstv\u00ed v Praze na Chodov\u011b&#8230;<\/p>\n","protected":false},"author":1,"featured_media":1014,"comment_status":"open","ping_status":"open","sticky":false,"template":"","format":"standard","meta":{"footnotes":""},"categories":[17,3],"tags":[],"class_list":["post-1012","post","type-post","status-publish","format-standard","has-post-thumbnail","hentry","category-dealeri","category-investice"],"_links":{"self":[{"href":"https:\/\/www.automakers.cz\/index.php?rest_route=\/wp\/v2\/posts\/1012","targetHints":{"allow":["GET"]}}],"collection":[{"href":"https:\/\/www.automakers.cz\/index.php?rest_route=\/wp\/v2\/posts"}],"about":[{"href":"https:\/\/www.automakers.cz\/index.php?rest_route=\/wp\/v2\/types\/post"}],"author":[{"embeddable":true,"href":"https:\/\/www.automakers.cz\/index.php?rest_route=\/wp\/v2\/users\/1"}],"replies":[{"embeddable":true,"href":"https:\/\/www.automakers.cz\/index.php?rest_route=%2Fwp%2Fv2%2Fcomments&post=1012"}],"version-history":[{"count":3,"href":"https:\/\/www.automakers.cz\/index.php?rest_route=\/wp\/v2\/posts\/1012\/revisions"}],"predecessor-version":[{"id":1017,"href":"https:\/\/www.automakers.cz\/index.php?rest_route=\/wp\/v2\/posts\/1012\/revisions\/1017"}],"wp:featuredmedia":[{"embeddable":true,"href":"https:\/\/www.automakers.cz\/index.php?rest_route=\/wp\/v2\/media\/1014"}],"wp:attachment":[{"href":"https:\/\/www.automakers.cz\/index.php?rest_route=%2Fwp%2Fv2%2Fmedia&parent=1012"}],"wp:term":[{"taxonomy":"category","embeddable":true,"href":"https:\/\/www.automakers.cz\/index.php?rest_route=%2Fwp%2Fv2%2Fcategories&post=1012"},{"taxonomy":"post_tag","embeddable":true,"href":"https:\/\/www.automakers.cz\/index.php?rest_route=%2Fwp%2Fv2%2Ftags&post=1012"}],"curies":[{"name":"wp","href":"https:\/\/api.w.org\/{rel}","templated":true}]}}