{"id":10128,"date":"2025-01-10T09:55:38","date_gmt":"2025-01-10T09:55:38","guid":{"rendered":"https:\/\/www.automakers.cz\/?p=10128"},"modified":"2025-01-10T10:55:39","modified_gmt":"2025-01-10T10:55:39","slug":"ceske-volvo-loni-prodalo-pres-5000-aut","status":"publish","type":"post","link":"https:\/\/www.automakers.cz\/?p=10128","title":{"rendered":"\u010cesk\u00e9 Volvo loni prodalo p\u0159es 5000 aut"},"content":{"rendered":"<p><strong>Zna\u010dku Volvo loni celosv\u011btov\u011b prodala 763 389 aut, co\u017e oproti roku 2023 znamen\u00e1 8% n\u00e1r\u016fst a dosa\u017een\u00ed nov\u00e9ho rekordu v glob\u00e1ln\u00edm prodeji. Nem\u00e9n\u011b zda\u0159il\u00fd rok pro\u017eilo Volvo v \u010cesku. \u010c\u00edsla komentuje \u0161\u00e9fka importu \u0160\u00e1rka Heyna Fuchsov\u00e1.<\/strong> <!--more--><\/p>\n<p>&#8222;P\u0159edev\u0161\u00edm se poda\u0159ilo splnit velmi ambici\u00f3zn\u00ed c\u00edl: p\u0159ekonat hranici 5 tis\u00edc prodan\u00fdch voz\u016f \u2013 celkem bylo v lo\u0148sk\u00e9m roce registrov\u00e1no 5025 nov\u00fdch voz\u016f, co\u017e znamen\u00e1 66% n\u00e1r\u016fst oproti roku 2023 a celkov\u011b 2,2% pod\u00edl na trhu, jen\u017e je dosud v r\u00e1mci \u010desk\u00e9ho zastoupen\u00ed historicky nejvy\u0161\u0161\u00ed,&#8220; uvedla zna\u010dka.<\/p>\n<p><img loading=\"lazy\" decoding=\"async\" class=\"alignnone size-medium wp-image-8113\" src=\"http:\/\/www.automakers.cz\/wp-content\/uploads\/2024\/10\/Volvo-XC-90-Fantova-900x506.jpg\" alt=\"\" width=\"900\" height=\"506\" srcset=\"https:\/\/www.automakers.cz\/wp-content\/uploads\/2024\/10\/Volvo-XC-90-Fantova-900x506.jpg 900w, https:\/\/www.automakers.cz\/wp-content\/uploads\/2024\/10\/Volvo-XC-90-Fantova-1024x576.jpg 1024w, https:\/\/www.automakers.cz\/wp-content\/uploads\/2024\/10\/Volvo-XC-90-Fantova-768x432.jpg 768w, https:\/\/www.automakers.cz\/wp-content\/uploads\/2024\/10\/Volvo-XC-90-Fantova-1536x864.jpg 1536w, https:\/\/www.automakers.cz\/wp-content\/uploads\/2024\/10\/Volvo-XC-90-Fantova-1280x720.jpg 1280w, https:\/\/www.automakers.cz\/wp-content\/uploads\/2024\/10\/Volvo-XC-90-Fantova.jpg 2040w\" sizes=\"auto, (max-width: 900px) 100vw, 900px\" \/>Nejprod\u00e1van\u011bj\u0161\u00edm autem roku 2024 bylo Volvo XC90, v\u00fdborn\u011b si ale vedly v\u0161echny SUV modely zna\u010dky. Zvl\u00e1\u0161t\u011b pak plug-in hybridn\u00ed verze XC90 \u2013 ta byla druh\u00fdm nejprod\u00e1van\u011bj\u0161\u00edm plug-in hybridn\u00edm modelem na trhu v\u016fbec \u2013 a obl\u00edben\u00e9 Volvo XC60, je\u017e se v t\u00e9to kategorii um\u00edstilo na p\u00e1t\u00e9 p\u0159\u00ed\u010dce. Celkov\u011b se zna\u010dka Volvo na v\u0161ech PHEV vozech prodan\u00fdch v roce 2024 v \u010cR pod\u00edlela 13,2 %.<\/p>\n<p>Vzrostl i pod\u00edl Volva na \u010desk\u00e9m trhu s \u010dist\u011b elektrick\u00fdmi vozy na 9,7 %. Do \u010ceska dorazily prvn\u00ed kusy pln\u011b elektrick\u00e9 vlajkov\u00e9 lod\u011b, Volva EX90 i nov\u00fd nejmen\u0161\u00ed model, Volvo EX30. To podle importu z\u00faro\u010dilo p\u0159\u00edzniv\u011b nastavenou cenovou politiku a v\u00fdborn\u00e9 technologick\u00e9 vybaven\u00ed, v\u00fdsledkem \u010deho\u017e byl t\u00e9m\u011b\u0159 p\u011btinov\u00fd pod\u00edl na celkov\u00fdch prodej\u00edch zna\u010dky a 4. pozice mezi nejprod\u00e1van\u011bj\u0161\u00edmi BEV vozy v \u010cesk\u00e9 republice.<\/p>\n<p><img loading=\"lazy\" decoding=\"async\" class=\"alignnone size-medium wp-image-6278\" src=\"http:\/\/www.automakers.cz\/wp-content\/uploads\/2024\/08\/Volvo-Cars-small-900x645.jpg\" alt=\"\" width=\"900\" height=\"645\" srcset=\"https:\/\/www.automakers.cz\/wp-content\/uploads\/2024\/08\/Volvo-Cars-small-900x645.jpg 900w, https:\/\/www.automakers.cz\/wp-content\/uploads\/2024\/08\/Volvo-Cars-small-1024x734.jpg 1024w, https:\/\/www.automakers.cz\/wp-content\/uploads\/2024\/08\/Volvo-Cars-small-768x550.jpg 768w, https:\/\/www.automakers.cz\/wp-content\/uploads\/2024\/08\/Volvo-Cars-small.jpg 1256w\" sizes=\"auto, (max-width: 900px) 100vw, 900px\" \/>Stoupaj\u00edc\u00ed \u010d\u00edsla ovlivnila i nab\u00eddka st\u00e1tn\u00edch dotac\u00ed na BEV vozy, kter\u00fdch vyu\u017eilo p\u0159es 550 z\u00e1kazn\u00edk\u016f zna\u010dky Volvo, co\u017e ji celorepublikov\u011b za\u0159adilo na 3. m\u00edsto.<\/p>\n<p><strong>N\u00e1r\u016fst poprodejn\u00edch slu\u017eeb<\/strong><\/p>\n<p>V souvislosti s\u00a0po\u010dtem prodan\u00fdch voz\u016f nar\u016fst\u00e1 i objem poprodejn\u00edch slu\u017eeb. Rekordn\u00ed tak byl v\u00a0lo\u0148sk\u00e9m roce i prodej n\u00e1hradn\u00edch d\u00edl\u016f, kde se poda\u0159ilo p\u0159es\u00e1hnout nastaven\u00fd pl\u00e1n a celkov\u00fd obrat vyk\u00e1zal 13 % meziro\u010dn\u00ed r\u016fst.\u00a0S\u00a0rostouc\u00edm po\u010dtem voz\u016f na na\u0161em trhu souvis\u00ed i dosud nejv\u011bt\u0161\u00ed po\u010det servisn\u00edch \u00fakon\u016f (bylo vy\u0159\u00edzeno o 10,4 % v\u00edce po\u017eadavk\u016f z\u00e1kazn\u00edk\u016f ne\u017e v\u00a0roce 2023) a rovn\u011b\u017e zlep\u0161en\u00ed efektivity v\u00a0r\u00e1mci slu\u017eby Volvo Personal Service a p\u0159i pl\u00e1nov\u00e1n\u00ed n\u00e1hradn\u00edch d\u00edl\u016f. \u010cesk\u00e1 republika pat\u0159\u00ed v\u00a0tomto sm\u011bru mezi nejlep\u0161\u00ed zastoupen\u00ed zna\u010dky Volvo na sv\u011bt\u011b.<\/p>\n<p><strong>Kormidlo dr\u017e\u00ed Heyna Fuchsov\u00e1<\/strong><\/p>\n<p>&#8222;T\u011bchto \u00fasp\u011bch\u016f v\u010detn\u011b p\u0159ekro\u010den\u00ed p\u011btitis\u00edcov\u00e9 hranice prodan\u00fdch voz\u016f dos\u00e1hl t\u00fdm \u010desk\u00e9ho gener\u00e1ln\u00edho import\u00e9ra v \u00fazk\u00e9 spolupr\u00e1ci s dealerskou s\u00edt\u00ed ji\u017e pod veden\u00edm nov\u00e9 gener\u00e1ln\u00ed \u0159editelky Volvo Car Czech Republic \u0160\u00e1rky Heyna Fuchsov\u00e9, kter\u00e1 v polovin\u011b roku vyst\u0159\u00eddala dosavadn\u00edho gener\u00e1ln\u00edho \u0159editele, pana Alicana Emiro\u011flua. \u0160\u00e1rka Heyna Fuchsov\u00e1, je\u017e pro zna\u010dku Volvo pracuje ji\u017e 25 let, p\u0159e\u0161la na tento post z p\u0159edchoz\u00edho p\u016fsoben\u00ed ve veden\u00ed Volvo Car Denmark.<\/p>\n<p>Mezi dal\u0161\u00ed po\u010diny, kter\u00e9 p\u0159inesl lo\u0148sk\u00fd rok, pak pat\u0159\u00ed nap\u0159\u00edklad zm\u011bna dodavatele asisten\u010dn\u00edch slu\u017eeb \u2013 Europ Assistance \u2013 \u010di uzav\u0159en\u00ed nov\u00e9ho partnerstv\u00ed se spole\u010dnost\u00ed ARVAL CZ v oblasti zna\u010dkov\u00e9ho operativn\u00edho leasingu.<\/p>\n<p>\u201eVelmi n\u00e1s t\u011b\u0161\u00ed vysok\u00e1 spokojenost z\u00e1kazn\u00edk\u016f v\u00a0t\u00e9m\u011b\u0159 v\u0161ech oblastech,\u201c uvedla \u0160\u00e1rka Heyna Fuchsov\u00e1 ke zhodnocen\u00ed uplynul\u00e9ho obdob\u00ed. \u201eR\u00e1da bych t\u00edmto pod\u011bkovala cel\u00e9mu komer\u010dn\u00edmu t\u00fdmu za neuv\u011b\u0159iteln\u00e9 \u00fasil\u00ed b\u011bhem cel\u00e9ho uplynul\u00e9ho roku a za skv\u011ble odvedenou pr\u00e1ci rovn\u011b\u017e na\u0161im partner\u016fm v r\u00e1mci dealersk\u00e9 s\u00edt\u011b. Velk\u00fd d\u00edk pak pochopiteln\u011b pat\u0159\u00ed v\u0161em klient\u016fm, kte\u0159\u00ed si vybrali zna\u010dku Volvo. Bereme to jako obrovsk\u00fd z\u00e1vazek a koupi nov\u00e9ho vozu Volvo vn\u00edm\u00e1me jako za\u010d\u00e1tek dlouhodob\u00e9ho vztahu, na jeho\u017e udr\u017een\u00ed budeme v\u017edy usilovn\u011b pracovat.\u201c<\/p>\n<p><strong>Pl\u00e1ny pro rok 2025<\/strong><\/p>\n<p>Letos bude d\u016fraz kladen na nov\u00e9 Volvo XC90 a obecn\u011b SUV modely, o n\u011b\u017e je v \u010cesku ka\u017edoro\u010dn\u011b nejv\u011bt\u0161\u00ed z\u00e1jem. Stejn\u011b tak bude Volvo Car Czech Republic usilovat o dal\u0161\u00ed n\u00e1r\u016fst prodeje pln\u011b elektrick\u00fdch model\u016f a pokra\u010dovat v nab\u00eddce plug-in hybridn\u00edch voz\u016f, kter\u00e9 tvo\u0159\u00ed t\u00e9m\u011b\u0159 polovinu celkov\u00e9ho prodeje v\u0161ech voz\u016f zna\u010dky Volvo a jsou v sou\u010dasn\u00e9 dob\u011b popul\u00e1rn\u00ed volbou pro ty, kte\u0159\u00ed je\u0161t\u011b nejsou zcela p\u0159ipraveni na p\u0159echod k\u00a0pln\u011b elektrick\u00e9mu pohonu.<\/p>\n<p><strong>Zdroj: Volvo, \u0160\u00e1rka Heyna Fuchsov\u00e1<\/strong><\/p>\n<p><img loading=\"lazy\" decoding=\"async\" class=\"alignnone size-medium wp-image-3872\" src=\"http:\/\/www.automakers.cz\/wp-content\/uploads\/2024\/05\/sarkaheynafuchsova-21-600x900.jpg\" alt=\"\" width=\"600\" height=\"900\" \/><\/p>\n<p>&nbsp;<\/p>\n","protected":false},"excerpt":{"rendered":"<p>Zna\u010dku Volvo loni celosv\u011btov\u011b prodala 763 389 aut, co\u017e oproti roku 2023 znamen\u00e1 8% n\u00e1r\u016fst&#8230;<\/p>\n","protected":false},"author":1,"featured_media":8116,"comment_status":"closed","ping_status":"closed","sticky":false,"template":"","format":"standard","meta":{"footnotes":""},"categories":[11,48,10],"tags":[],"class_list":["post-10128","post","type-post","status-publish","format-standard","has-post-thumbnail","hentry","category-importeri","category-registrace","category-statistika"],"_links":{"self":[{"href":"https:\/\/www.automakers.cz\/index.php?rest_route=\/wp\/v2\/posts\/10128","targetHints":{"allow":["GET"]}}],"collection":[{"href":"https:\/\/www.automakers.cz\/index.php?rest_route=\/wp\/v2\/posts"}],"about":[{"href":"https:\/\/www.automakers.cz\/index.php?rest_route=\/wp\/v2\/types\/post"}],"author":[{"embeddable":true,"href":"https:\/\/www.automakers.cz\/index.php?rest_route=\/wp\/v2\/users\/1"}],"replies":[{"embeddable":true,"href":"https:\/\/www.automakers.cz\/index.php?rest_route=%2Fwp%2Fv2%2Fcomments&post=10128"}],"version-history":[{"count":2,"href":"https:\/\/www.automakers.cz\/index.php?rest_route=\/wp\/v2\/posts\/10128\/revisions"}],"predecessor-version":[{"id":10141,"href":"https:\/\/www.automakers.cz\/index.php?rest_route=\/wp\/v2\/posts\/10128\/revisions\/10141"}],"wp:featuredmedia":[{"embeddable":true,"href":"https:\/\/www.automakers.cz\/index.php?rest_route=\/wp\/v2\/media\/8116"}],"wp:attachment":[{"href":"https:\/\/www.automakers.cz\/index.php?rest_route=%2Fwp%2Fv2%2Fmedia&parent=10128"}],"wp:term":[{"taxonomy":"category","embeddable":true,"href":"https:\/\/www.automakers.cz\/index.php?rest_route=%2Fwp%2Fv2%2Fcategories&post=10128"},{"taxonomy":"post_tag","embeddable":true,"href":"https:\/\/www.automakers.cz\/index.php?rest_route=%2Fwp%2Fv2%2Ftags&post=10128"}],"curies":[{"name":"wp","href":"https:\/\/api.w.org\/{rel}","templated":true}]}}