{"id":10131,"date":"2025-01-10T10:03:46","date_gmt":"2025-01-10T10:03:46","guid":{"rendered":"https:\/\/www.automakers.cz\/?p=10131"},"modified":"2025-01-10T10:04:12","modified_gmt":"2025-01-10T10:04:12","slug":"ceska-kia-se-dohodla-na-leasingu-s-arvalem","status":"publish","type":"post","link":"https:\/\/www.automakers.cz\/?p=10131","title":{"rendered":"\u010cesk\u00e1 Kia jde do leasingu s Arvalem"},"content":{"rendered":"<div class=\"perex\">\n<p><strong>\u0160\u00e9f Kia Czech Arno\u0161t Barna se dohodl s \u0159editelem Arvalu Ale\u0161em Pol\u00e1kem na white label spolupr\u00e1ci v oblasti operativn\u00edho leasingu. Od ledna 2025 je produkt Kia Lease dostupn\u00fd ve spolupr\u00e1ci s Arval CZ a nab\u00eddne \u0161irokou \u0161k\u00e1lu slu\u017eeb pro soukrom\u00e9 osoby i podnikatele.<\/strong><\/p>\n<\/div>\n<p><!--more--><\/p>\n<div class=\"text\">\n<p>D\u00edky spolupr\u00e1ci s Arvalem, siln\u00fdm partnerem s dlouholet\u00fdmi zku\u0161enostmi v oblasti zna\u010dkov\u00e9ho financov\u00e1n\u00ed, nab\u00eddne Kia Lease komplexn\u00ed \u0159e\u0161en\u00ed operativn\u00edho leasingu s full servis bal\u00ed\u010dkem. Ten zahrnuje kompletn\u00ed spr\u00e1vu vozidla od poji\u0161t\u011bn\u00ed a \u00fadr\u017eby po asistenci na cest\u00e1ch, flexibiln\u00ed nab\u00eddku vhodnou jak pro soukrom\u00e9 klienty, tak pro podnikatele, a produkty na m\u00edru dle pot\u0159eb ka\u017ed\u00e9ho z\u00e1kazn\u00edka.<\/p>\n<p>\u201eSpole\u010dn\u00fdm c\u00edlem nov\u011b uzav\u0159en\u00e9ho partnerstv\u00ed v oblasti finan\u010dn\u00edch slu\u017eeb pro produkt Kia Lease, je mimo jin\u00e9 popularizace \u010dist\u011b bateriov\u00fdch pohon\u016f Kia a podpora \u0161ir\u0161\u00edho p\u0159echodu k udr\u017eiteln\u011bj\u0161\u00ed mobilit\u011b. Proaktivn\u00ed p\u0159\u00edstup spole\u010dnosti Arval CZ n\u00e1m poskytuje jistotu, \u017ee dok\u00e1\u017eeme dos\u00e1hnout 25 % meziro\u010dn\u00edho n\u00e1r\u016fstu z\u00e1kaznick\u00fdch objedn\u00e1vek. V\u011b\u0159\u00edme, \u017ee na\u0161e produktov\u00e1 ofenz\u00edva, kter\u00e1 zahrnuje osobn\u00ed vozy a nov\u011b tak\u00e9 segment lehk\u00fdch u\u017eitkov\u00fdch vozidel, p\u0159inese \u010desk\u00fdm z\u00e1kazn\u00edk\u016fm atraktivn\u00ed a ekonomicky v\u00fdhodn\u00e9 \u0159e\u0161en\u00ed,\u201c uvedl Arno\u0161t Barna, gener\u00e1ln\u00ed \u0159editel Kia Czech.<\/p>\n<p>\u201eSpole\u010dn\u00e9 aktivity Kia Czech a Arval CZ maj\u00ed za c\u00edl nejen zv\u00fd\u0161it dostupnost elektromobil\u016f na \u010desk\u00e9m trhu, ale tak\u00e9 motivovat z\u00e1kazn\u00edky k vyu\u017e\u00edv\u00e1n\u00ed modern\u00edch a udr\u017eiteln\u00fdch technologi\u00ed,\u201c dodal Barna.<\/p>\n<p>\u201eSpojen\u00ed dvou siln\u00fdch zna\u010dek, jako jsou Kia a Arval, p\u0159in\u00e1\u0161\u00ed je\u0161t\u011b vy\u0161\u0161\u00ed kvalitu, komfort a lep\u0161\u00ed cenovou dostupnost, kterou na\u0161i z\u00e1kazn\u00edci o\u010dek\u00e1vaj\u00ed. Spoluprac\u00ed dos\u00e1hneme na upevn\u011bn\u00ed pozice zna\u010dky Kia na trhu a pos\u00edlen\u00ed pozice Arvalu v oblasti zna\u010dkov\u00e9ho financov\u00e1n\u00ed. Toto partnerstv\u00ed tak\u00e9 umo\u017e\u0148uje p\u0159ibl\u00ed\u017eit operativn\u00ed leasing \u0161ir\u0161\u00edmu okruhu lid\u00ed, \u010d\u00edm\u017e ho \u010din\u00edme dostupn\u011bj\u0161\u00edm a atraktivn\u011bj\u0161\u00edm pro nov\u00e9 z\u00e1kazn\u00edky,\u201c uv\u00e1d\u00ed Ale\u0161 Pol\u00e1k, gener\u00e1ln\u00ed \u0159editel Arvalu.<\/p>\n<p><img loading=\"lazy\" decoding=\"async\" class=\"alignnone size-medium wp-image-10134\" src=\"http:\/\/www.automakers.cz\/wp-content\/uploads\/2025\/01\/Kia_Arval_Podpis_smlouva_Arnost-Barna_generalni-reditel-KiaCzech__Ales-Polak_generalni-reditel_ArvalCZ-2-900x600.jpg\" alt=\"\" width=\"900\" height=\"600\" srcset=\"https:\/\/www.automakers.cz\/wp-content\/uploads\/2025\/01\/Kia_Arval_Podpis_smlouva_Arnost-Barna_generalni-reditel-KiaCzech__Ales-Polak_generalni-reditel_ArvalCZ-2-900x600.jpg 900w, https:\/\/www.automakers.cz\/wp-content\/uploads\/2025\/01\/Kia_Arval_Podpis_smlouva_Arnost-Barna_generalni-reditel-KiaCzech__Ales-Polak_generalni-reditel_ArvalCZ-2-768x512.jpg 768w, https:\/\/www.automakers.cz\/wp-content\/uploads\/2025\/01\/Kia_Arval_Podpis_smlouva_Arnost-Barna_generalni-reditel-KiaCzech__Ales-Polak_generalni-reditel_ArvalCZ-2.jpg 1000w\" sizes=\"auto, (max-width: 900px) 100vw, 900px\" \/><strong>Co je White label?<\/strong><\/p>\n<p>Koncept umo\u017e\u0148uje automobilk\u00e1m jako je Kia, nab\u00edzet jednotlivc\u016fm i mal\u00fdm firm\u00e1m operativn\u00ed leasing s kompletn\u00edm servisem, pod vlastn\u00ed zna\u010dkou. Tento model kombinuje finan\u010dn\u00ed \u0159e\u0161en\u00ed, komplexn\u00ed servis a mobilitu, \u010d\u00edm\u017e poskytuje zna\u010dce Kia a jej\u00ed distribu\u010dn\u00ed s\u00edt\u00ed jedine\u010dnou p\u0159\u00edle\u017eitost nab\u00eddnout z\u00e1kazn\u00edk\u016fm \u0161pi\u010dkovou kvalitu slu\u017eeb.<\/p>\n<p><strong>Zdroj: Kia Express<\/strong><\/p>\n<\/div>\n","protected":false},"excerpt":{"rendered":"<p>\u0160\u00e9f Kia Czech Arno\u0161t Barna se dohodl s \u0159editelem Arvalu Ale\u0161em Pol\u00e1kem na white label&#8230;<\/p>\n","protected":false},"author":1,"featured_media":10133,"comment_status":"closed","ping_status":"closed","sticky":false,"template":"","format":"standard","meta":{"footnotes":""},"categories":[11,33],"tags":[],"class_list":["post-10131","post","type-post","status-publish","format-standard","has-post-thumbnail","hentry","category-importeri","category-leasing"],"_links":{"self":[{"href":"https:\/\/www.automakers.cz\/index.php?rest_route=\/wp\/v2\/posts\/10131","targetHints":{"allow":["GET"]}}],"collection":[{"href":"https:\/\/www.automakers.cz\/index.php?rest_route=\/wp\/v2\/posts"}],"about":[{"href":"https:\/\/www.automakers.cz\/index.php?rest_route=\/wp\/v2\/types\/post"}],"author":[{"embeddable":true,"href":"https:\/\/www.automakers.cz\/index.php?rest_route=\/wp\/v2\/users\/1"}],"replies":[{"embeddable":true,"href":"https:\/\/www.automakers.cz\/index.php?rest_route=%2Fwp%2Fv2%2Fcomments&post=10131"}],"version-history":[{"count":4,"href":"https:\/\/www.automakers.cz\/index.php?rest_route=\/wp\/v2\/posts\/10131\/revisions"}],"predecessor-version":[{"id":10136,"href":"https:\/\/www.automakers.cz\/index.php?rest_route=\/wp\/v2\/posts\/10131\/revisions\/10136"}],"wp:featuredmedia":[{"embeddable":true,"href":"https:\/\/www.automakers.cz\/index.php?rest_route=\/wp\/v2\/media\/10133"}],"wp:attachment":[{"href":"https:\/\/www.automakers.cz\/index.php?rest_route=%2Fwp%2Fv2%2Fmedia&parent=10131"}],"wp:term":[{"taxonomy":"category","embeddable":true,"href":"https:\/\/www.automakers.cz\/index.php?rest_route=%2Fwp%2Fv2%2Fcategories&post=10131"},{"taxonomy":"post_tag","embeddable":true,"href":"https:\/\/www.automakers.cz\/index.php?rest_route=%2Fwp%2Fv2%2Ftags&post=10131"}],"curies":[{"name":"wp","href":"https:\/\/api.w.org\/{rel}","templated":true}]}}