{"id":10161,"date":"2025-01-13T09:16:53","date_gmt":"2025-01-13T09:16:53","guid":{"rendered":"https:\/\/www.automakers.cz\/?p=10161"},"modified":"2025-01-13T09:17:16","modified_gmt":"2025-01-13T09:17:16","slug":"octavia-opet-vede-zebricek-plug-in-hybridu","status":"publish","type":"post","link":"https:\/\/www.automakers.cz\/?p=10161","title":{"rendered":"Octavia op\u011bt vede tabulku plug-in hybrid\u016f"},"content":{"rendered":"<p><strong>\u0160koda Octavia se v uplynul\u00e9m roce stala nejregistrovan\u011bj\u0161\u00edm nov\u00fdm osobn\u00edm plug-in hybridn\u00edm vozidlem v \u010cesk\u00e9 republice, kdy\u017e 682 vozidel sta\u010dilo na obhajobu prvenstv\u00ed z p\u0159edchoz\u00edch t\u0159\u00ed let. Druh\u00e1 pozice, s v\u00fdrazn\u00fdm odstupem, p\u0159ipadla Volvu XC90 se 347 registrovan\u00fdmi vozidly. <\/strong><!--more--><\/p>\n<p>P\u0159es 300 vozidel se dostaly je\u0161t\u011b \u0160koda Kodiaq (303) a Toyota RAV4 (301), vypl\u00fdv\u00e1 z aktualizovan\u00fdch informac\u00ed webu\u00a0<a title=\"\u010cist\u00e1 doprava\" href=\"https:\/\/go.sparkpostmail2.com\/f\/a\/xjyQzVR-DJkOXb2ips0-5Q~~\/AAA-fAA~\/RgRpZ0E3P0QcaHR0cHM6Ly93d3cuY2lzdGFkb3ByYXZhLmN6L1cDc3BjQgpnfze8hGfvPx31UhJpbmZvQGF1dG9tYWtlcnMuY3pYBAAA1CM~\" target=\"_blank\" rel=\"noopener noreferrer\">cistadoprava.cz<\/a>, kter\u00e9 vych\u00e1zej\u00ed ze zdrojov\u00fdch dat Ministerstva dopravy a Svazu dovozc\u016f automobil\u016f.<\/p>\n<p>V roce 2024 bylo registrov\u00e1no 5 900 nov\u00fdch osobn\u00edch plug-in hybridn\u00edch vozidel (PHEVs), meziro\u010dn\u011b o 4,4 % v\u00edce, tr\u017en\u00ed pod\u00edl dos\u00e1hl 2,6 %. P\u0159ibli\u017en\u011b ka\u017ed\u00fd p\u00e1t\u00fd nov\u00fd loni registrovan\u00fd PHEVs byla \u0160koda, kter\u00e1 si p\u0159ipsala nejv\u00edce registrac\u00ed (1 277, tj. 21,6 %), n\u00e1sledovalo Volvo (779, tj. 13,2 %), Mercedes-Benz (623, tj. 10,6 %) BMW (551, tj. 9,3 %) a Toyota (486, tj. 8,2 %). Z pohledu konkr\u00e9tn\u00edch vozidel pak:<\/p>\n<ul>\n<li>\u0160koda Octavia (682)<\/li>\n<li>Volvo XC90 (347)<\/li>\n<li>\u0160koda Kodiaq (303)<\/li>\n<li>Toyota RAV4 (301)<\/li>\n<li>Volvo XC60 (295) a dal\u0161\u00ed.<\/li>\n<\/ul>\n<p><strong>Zdroj: CDV<\/strong><\/p>\n","protected":false},"excerpt":{"rendered":"<p>\u0160koda Octavia se v uplynul\u00e9m roce stala nejregistrovan\u011bj\u0161\u00edm nov\u00fdm osobn\u00edm plug-in hybridn\u00edm vozidlem v \u010cesk\u00e9&#8230;<\/p>\n","protected":false},"author":1,"featured_media":4145,"comment_status":"closed","ping_status":"closed","sticky":false,"template":"","format":"standard","meta":{"footnotes":""},"categories":[42,83],"tags":[],"class_list":["post-10161","post","type-post","status-publish","format-standard","has-post-thumbnail","hentry","category-analyza","category-hybridy"],"_links":{"self":[{"href":"https:\/\/www.automakers.cz\/index.php?rest_route=\/wp\/v2\/posts\/10161","targetHints":{"allow":["GET"]}}],"collection":[{"href":"https:\/\/www.automakers.cz\/index.php?rest_route=\/wp\/v2\/posts"}],"about":[{"href":"https:\/\/www.automakers.cz\/index.php?rest_route=\/wp\/v2\/types\/post"}],"author":[{"embeddable":true,"href":"https:\/\/www.automakers.cz\/index.php?rest_route=\/wp\/v2\/users\/1"}],"replies":[{"embeddable":true,"href":"https:\/\/www.automakers.cz\/index.php?rest_route=%2Fwp%2Fv2%2Fcomments&post=10161"}],"version-history":[{"count":3,"href":"https:\/\/www.automakers.cz\/index.php?rest_route=\/wp\/v2\/posts\/10161\/revisions"}],"predecessor-version":[{"id":10163,"href":"https:\/\/www.automakers.cz\/index.php?rest_route=\/wp\/v2\/posts\/10161\/revisions\/10163"}],"wp:featuredmedia":[{"embeddable":true,"href":"https:\/\/www.automakers.cz\/index.php?rest_route=\/wp\/v2\/media\/4145"}],"wp:attachment":[{"href":"https:\/\/www.automakers.cz\/index.php?rest_route=%2Fwp%2Fv2%2Fmedia&parent=10161"}],"wp:term":[{"taxonomy":"category","embeddable":true,"href":"https:\/\/www.automakers.cz\/index.php?rest_route=%2Fwp%2Fv2%2Fcategories&post=10161"},{"taxonomy":"post_tag","embeddable":true,"href":"https:\/\/www.automakers.cz\/index.php?rest_route=%2Fwp%2Fv2%2Ftags&post=10161"}],"curies":[{"name":"wp","href":"https:\/\/api.w.org\/{rel}","templated":true}]}}