{"id":10165,"date":"2025-01-13T09:21:53","date_gmt":"2025-01-13T09:21:53","guid":{"rendered":"https:\/\/www.automakers.cz\/?p=10165"},"modified":"2025-01-13T09:44:31","modified_gmt":"2025-01-13T09:44:31","slug":"auto-roku-2025-v-cr-jde-do-finale","status":"publish","type":"post","link":"https:\/\/www.automakers.cz\/?p=10165","title":{"rendered":"Auto roku 2025 v \u010cR odjelo fin\u00e1ln\u00ed j\u00edzdy"},"content":{"rendered":"<p><strong>Porotci ankety Auto roku 2025 nabrali posledn\u00ed dojmy a srovn\u00e1n\u00ed p\u0159i j\u00edzd\u00e1ch druh\u00e9ho kola v \u010certousech. O tom, kter\u00fd z p\u011bti finalist\u016f se nakonec bude py\u0161nit titulem, rozhodne z\u00e1v\u011bre\u010dn\u00e9 hlasov\u00e1n\u00ed odborn\u00e9 novin\u00e1\u0159sk\u00e9 poroty. V\u00edt\u011bz bude zn\u00e1m 4. \u00fanora!<br \/>\n<\/strong><!--more--><\/p>\n<p>Hlasov\u00e1n\u00ed v prvn\u00edm kole nazna\u010dilo, \u017ee boj o titul Auto roku 2025 v \u010cesk\u00e9 republice bude velice nap\u00ednav\u00fd \u2013 p\u011bt finalist\u016f se vm\u011bstnalo do rozmez\u00ed jednoho jedin\u00e9ho bodu. Rozhodovat bude ka\u017edi\u010dk\u00fd detail, a i proto jak porotci, tak z\u00e1stupci automobilek neponechali p\u0159i j\u00edzd\u00e1ch druh\u00e9ho kola nic n\u00e1hod\u011b. Od sam\u00e9ho r\u00e1na m\u011bli porotci k dispozici hned n\u011bkolik exempl\u00e1\u0159\u016f od ka\u017ed\u00e9ho modelu s r\u016fzn\u00fdmi motorizacemi a auta se na parkovi\u0161ti Hotelu \u010certousy p\u0159\u00edli\u0161 dlouho<br \/>\nneoh\u0159\u00e1la.<\/p>\n<p><img loading=\"lazy\" decoding=\"async\" class=\"alignnone size-medium wp-image-10178\" src=\"http:\/\/www.automakers.cz\/wp-content\/uploads\/2025\/01\/Kana-Leos-900x600.jpg\" alt=\"\" width=\"900\" height=\"600\" \/>Nyn\u00ed u\u017e je v\u0161e v rukou porotc\u016f, kte\u0159\u00ed ve druh\u00e9m kole hlasov\u00e1n\u00ed p\u0159id\u011bluj\u00ed finalist\u016fm body dle jasn\u011b dan\u00fdch pravidel a krit\u00e9ri\u00ed. Uz\u00e1v\u011brka hlasov\u00e1n\u00ed dvaceti\u010dlenn\u00e9 poroty slo\u017een\u00e9 z p\u0159edn\u00edch \u010desk\u00fdch motoristick\u00fdch novin\u00e1\u0159\u016f je 14. ledna a v\u00edt\u011bz ankety Auto roku 2025 v \u010cesk\u00e9 republice bude ozn\u00e1men na slavnostn\u00edm vyhl\u00e1\u0161en\u00ed 4. \u00fanora.<\/p>\n<p><iframe loading=\"lazy\"  id=\"_ytid_57866\"  width=\"640\" height=\"360\"  data-origwidth=\"640\" data-origheight=\"360\" src=\"https:\/\/www.youtube.com\/embed\/H_R7D6HjgLU?enablejsapi=1&#038;autoplay=0&#038;cc_load_policy=0&#038;cc_lang_pref=&#038;iv_load_policy=1&#038;loop=0&#038;modestbranding=0&#038;rel=1&#038;fs=1&#038;playsinline=0&#038;autohide=2&#038;theme=dark&#038;color=red&#038;controls=1&#038;\" class=\"__youtube_prefs__  epyt-is-override  no-lazyload\" title=\"YouTube player\"  allow=\"accelerometer; autoplay; clipboard-write; encrypted-media; gyroscope; picture-in-picture\" allowfullscreen data-no-lazy=\"1\" data-skipgform_ajax_framebjll=\"\"><\/iframe><\/p>\n<p><strong>Finalist\u00e9 ankety Auto roku 2025 v \u010cesk\u00e9 republice (v abecedn\u00edm po\u0159ad\u00ed) <\/strong><br \/>\nAudi A5<br \/>\nBMW X3<br \/>\nKia EV3<br \/>\nMercedes-Benz T\u0159\u00edda G<br \/>\n\u0160koda Kodiaq<\/p>\n<p>___________________________________________________________________<br \/>\n<strong>Partne\u0159i ankety <\/strong><\/p>\n<p><strong>Bosch Group <\/strong><br \/>\nV \u0159ad\u011b automobil\u016f nominovan\u00fdch v aktu\u00e1ln\u00edm ro\u010dn\u00edku ankety Auto roku v \u010cesk\u00e9 republice lze naj\u00edt komponenty z produkce skupiny, kter\u00e1 je p\u0159edn\u00edm mezin\u00e1rodn\u00edm dodavatelem technologi\u00ed a slu\u017eeb.<\/p>\n<p>Spole\u010dnost celosv\u011btov\u011b zam\u011bstn\u00e1v\u00e1 zhruba 429 000 zam\u011bstnanc\u016f (k 31. 12. 2023). Obrat firmy za rok 2023 dos\u00e1hl hodnoty 91,6 miliard eur. \u010cinnost Bosch Group se d\u011bl\u00ed do \u010dty\u0159 obchodn\u00edch oblast\u00ed: Mobility, Pr\u016fmyslov\u00e1 technika, Spot\u0159ebn\u00ed zbo\u017e\u00ed a Energetika a technika budov. Bosch v \u010cesku tvo\u0159\u00ed \u0161est spole\u010dnost\u00ed, kter\u00e9 zam\u011bstn\u00e1vaj\u00ed p\u0159es 8200 pracovn\u00edk\u016f. Konsolidovan\u00fd obrat na trz\u00edch v \u010cesk\u00e9 republice dos\u00e1hl v roce 2023 v\u00fd\u0161e 21,5 miliardy korun a celkov\u00fd obrat \u010desk\u00fdch spole\u010dnost\u00ed skupiny Bosch v\u010detn\u011b obratu nekonsolidovan\u00fdch spole\u010dnost\u00ed a intern\u00edch dod\u00e1vek sestersk\u00fdm spole\u010dnostem mimo \u010cR dos\u00e1hly \u010d\u00e1stky 55,2 miliardy korun. Bosch p\u016fsob\u00ed v \u010cesk\u00e9 republice v osmi lokalit\u00e1ch, z nich\u017e \u010dty\u0159i jsou v\u00fdrobn\u00ed z\u00e1vody, jedno servisn\u00ed st\u0159edisko, jeden distribu\u010dn\u00ed sklad a jeden prodejn\u00ed sklad.<\/p>\n<p><strong>AMPER e-mobility 2025 <\/strong><br \/>\nMezin\u00e1rodn\u00ed elektrotechnick\u00fd veletrh AMPER, nejv\u011bt\u0161\u00ed ud\u00e1lost sv\u00e9ho druhu v \u010cesku a na Slovensku, prob\u011bhne ve dnech 18.\u201320. b\u0159ezna 2025 na brn\u011bnsk\u00e9m v\u00fdstavi\u0161ti. Sou\u010d\u00e1st\u00ed t\u00e9to presti\u017en\u00ed akce je\u00a0 tradi\u010dn\u00ed expozice elektrick\u00e9 a hybridn\u00ed mobility AMPER e-mobility, kter\u00e1 se p\u0159edstav\u00ed v \u0161ir\u0161\u00ed a atraktivn\u011bj\u0161\u00ed podob\u011b. Sou\u010d\u00e1st\u00ed veletrhu budou konference zam\u011b\u0159en\u00e9 na modern\u00ed energetiku a udr\u017eiteln\u00e9 technologie. Program zahrnuje tak\u00e9 vrcholnou konferenci AMPER Summit, po\u0159\u00e1danou Hospod\u00e1\u0159skou komorou \u010cesk\u00e9 republiky, jej\u00edm\u017e hlavn\u00edm t\u00e9matem budou limity distribu\u010dn\u00edch s\u00edt\u00ed a v\u00fdzvy spojen\u00e9 s rozvojem elektromobility a jej\u00ed integrac\u00ed do st\u00e1vaj\u00edc\u00edch energetick\u00fdch struktur.<\/p>\n<p><img loading=\"lazy\" decoding=\"async\" class=\"alignnone size-medium wp-image-7443\" src=\"http:\/\/www.automakers.cz\/wp-content\/uploads\/2024\/09\/amper-2024-hala-900x428.jpg\" alt=\"\" width=\"900\" height=\"428\" \/>Loni Amper p\u0159il\u00e1kal 25 000 n\u00e1v\u0161t\u011bvn\u00edk\u016f a p\u0159edstavil 410 vystavovatel\u016f z \u010cR a zahrani\u010d\u00ed, konkr\u00e9tn\u011b 131 z 24 zem\u00ed, co\u017e potvrzuje v\u00fdznam veletrhu pro \u010desk\u00fd a slovensk\u00fd pr\u016fmysl a dal\u0161\u00ed odv\u011btv\u00ed.<\/p>\n<p><strong>Zdroj: SDA, Petr Hor\u00e1k, FOTO: Erich Handl, Video z akce: Lud\u011bk Kortus<br \/>\n<\/strong><\/p>\n<p><img loading=\"lazy\" decoding=\"async\" class=\"alignnone size-medium wp-image-10173\" src=\"http:\/\/www.automakers.cz\/wp-content\/uploads\/2025\/01\/Auto-roku-2025-Certousy-leden-900x506.jpg\" alt=\"\" width=\"900\" height=\"506\" srcset=\"https:\/\/www.automakers.cz\/wp-content\/uploads\/2025\/01\/Auto-roku-2025-Certousy-leden-900x506.jpg 900w, https:\/\/www.automakers.cz\/wp-content\/uploads\/2025\/01\/Auto-roku-2025-Certousy-leden-1024x576.jpg 1024w, https:\/\/www.automakers.cz\/wp-content\/uploads\/2025\/01\/Auto-roku-2025-Certousy-leden-768x432.jpg 768w, https:\/\/www.automakers.cz\/wp-content\/uploads\/2025\/01\/Auto-roku-2025-Certousy-leden-1536x864.jpg 1536w, https:\/\/www.automakers.cz\/wp-content\/uploads\/2025\/01\/Auto-roku-2025-Certousy-leden-1280x720.jpg 1280w, https:\/\/www.automakers.cz\/wp-content\/uploads\/2025\/01\/Auto-roku-2025-Certousy-leden.jpg 2040w\" sizes=\"auto, (max-width: 900px) 100vw, 900px\" \/><\/p>\n","protected":false},"excerpt":{"rendered":"<p>Porotci ankety Auto roku 2025 nabrali posledn\u00ed dojmy a srovn\u00e1n\u00ed p\u0159i j\u00edzd\u00e1ch druh\u00e9ho kola v&#8230;<\/p>\n","protected":false},"author":1,"featured_media":10103,"comment_status":"closed","ping_status":"closed","sticky":false,"template":"","format":"standard","meta":{"footnotes":""},"categories":[32,59,27,28,66],"tags":[],"class_list":["post-10165","post","type-post","status-publish","format-standard","has-post-thumbnail","hentry","category-ankety","category-automakers-tv","category-novinari","category-testy","category-video"],"_links":{"self":[{"href":"https:\/\/www.automakers.cz\/index.php?rest_route=\/wp\/v2\/posts\/10165","targetHints":{"allow":["GET"]}}],"collection":[{"href":"https:\/\/www.automakers.cz\/index.php?rest_route=\/wp\/v2\/posts"}],"about":[{"href":"https:\/\/www.automakers.cz\/index.php?rest_route=\/wp\/v2\/types\/post"}],"author":[{"embeddable":true,"href":"https:\/\/www.automakers.cz\/index.php?rest_route=\/wp\/v2\/users\/1"}],"replies":[{"embeddable":true,"href":"https:\/\/www.automakers.cz\/index.php?rest_route=%2Fwp%2Fv2%2Fcomments&post=10165"}],"version-history":[{"count":8,"href":"https:\/\/www.automakers.cz\/index.php?rest_route=\/wp\/v2\/posts\/10165\/revisions"}],"predecessor-version":[{"id":10179,"href":"https:\/\/www.automakers.cz\/index.php?rest_route=\/wp\/v2\/posts\/10165\/revisions\/10179"}],"wp:featuredmedia":[{"embeddable":true,"href":"https:\/\/www.automakers.cz\/index.php?rest_route=\/wp\/v2\/media\/10103"}],"wp:attachment":[{"href":"https:\/\/www.automakers.cz\/index.php?rest_route=%2Fwp%2Fv2%2Fmedia&parent=10165"}],"wp:term":[{"taxonomy":"category","embeddable":true,"href":"https:\/\/www.automakers.cz\/index.php?rest_route=%2Fwp%2Fv2%2Fcategories&post=10165"},{"taxonomy":"post_tag","embeddable":true,"href":"https:\/\/www.automakers.cz\/index.php?rest_route=%2Fwp%2Fv2%2Ftags&post=10165"}],"curies":[{"name":"wp","href":"https:\/\/api.w.org\/{rel}","templated":true}]}}