{"id":10180,"date":"2025-01-14T07:05:34","date_gmt":"2025-01-14T07:05:34","guid":{"rendered":"https:\/\/www.automakers.cz\/?p=10180"},"modified":"2025-01-14T12:28:41","modified_gmt":"2025-01-14T12:28:41","slug":"coty-2025-vitezi-renault-5-alpine-a290","status":"publish","type":"post","link":"https:\/\/www.automakers.cz\/?p=10180","title":{"rendered":"COTY 2025: v\u00edt\u011bz\u00ed Renault 5\/Alpine A290"},"content":{"rendered":"<div><strong>Slavnostn\u00ed vyhl\u00e1\u0161en\u00ed odborn\u00e9 ankety V\u016fz roku (COTY) se v ro\u010dn\u00edku 2025 po dvou letech vr\u00e1tilo na lednov\u00fd autosalon v Bruselu. Evropsk\u00fdm Vozem roku 2025 (COTY) byl zvolen Renault 5 spolu s verz\u00ed Alpine A290.<\/strong><\/div>\n<p><!--more--><\/p>\n<div>&#8222;Renault Scenic byl loni dekorov\u00e1n na \u017eenevsk\u00e9m autosalonu, jen\u017e byl ov\u0161em pozd\u011bji definitivn\u011b zru\u0161en. Leto\u0161n\u00ed ceremoni\u00e1l odstartoval na \u00favod autosalonu bruselsk\u00e9ho, tedy v p\u00e1tek 10. ledna v 11:30, a op\u011bt se vyb\u00edralo ze sedmi finalist\u016f,&#8220; p\u0159ipomn\u011bl \u010desk\u00fd \u010dlen poroty Jirka Ducho\u0148.<\/div>\n<div><\/div>\n<div>Programem prov\u00e1zela jeho britsk\u00e1 kolegyn\u011b Vicky Parrot a S\u00f8ren Rasmussen z D\u00e1nska, prezident poroty Car of the Year. V p\u0159edt\u00e1\u010dk\u00e1ch n\u011bkte\u0159\u00ed z \u010dlen\u016f poroty i z\u00e1stupci automobilek stru\u010dn\u011b p\u0159edstavili jednotliv\u00e9 finalisty. Pak ji\u017e n\u00e1sledovala prezentace hlasov\u00e1n\u00ed podle zem\u00ed v abecedn\u00edm po\u0159ad\u00ed, jeho\u017e dramati\u010dnosti p\u0159id\u00e1valo tradi\u010dn\u00ed p\u0159edkl\u00e1d\u00e1n\u00ed pr\u016fb\u011b\u017en\u00fdch v\u00fdsledk\u016f. Ani \u010dlenov\u00e9 jury op\u011bt nem\u011bli v\u00fdsledky k dispozici p\u0159edem, aby nedo\u0161lo k poru\u0161en\u00ed momentu p\u0159ekvapen\u00ed.<\/div>\n<div><img loading=\"lazy\" decoding=\"async\" class=\"alignnone size-medium wp-image-10230\" src=\"http:\/\/www.automakers.cz\/wp-content\/uploads\/2025\/01\/COTY-Alpine-A290-Renault-5-E-Tech-COTY-900x600.jpg\" alt=\"\" width=\"900\" height=\"600\" \/><\/div>\n<div class=\"elementToProof\"><strong>Tabulka s po\u0159ad\u00edm:\u00a0<\/strong><\/div>\n<ol start=\"1\" data-editing-info=\"{&quot;orderedStyleType&quot;:1}\">\n<li>Renault 5\/Alpine A290\u00a0\u00a0\u00a0\u00a0\u00a0\u00a0\u00a0\u00a0\u00a0 353<\/li>\n<li>Kia EV3\u00a0\u00a0\u00a0\u00a0\u00a0\u00a0\u00a0\u00a0 291<\/li>\n<li>Citroen C3\u00a0\u00a0\u00a0\u00a0\u00a0 215<\/li>\n<li>Hyundai Inster\u00a0\u00a0\u00a0\u00a0\u00a0\u00a0\u00a0\u00a0\u00a0\u00a0 172<\/li>\n<li>Dacia Duster\u00a0 168<\/li>\n<li>Cupra Terramar\u00a0\u00a0\u00a0\u00a0\u00a0\u00a0\u00a0\u00a0 165<\/li>\n<li>Alfa Romeo Junior\u00a0\u00a0\u00a0 136<\/li>\n<\/ol>\n<p><strong>Zdroj: COTY, Ji\u0159\u00ed Ducho\u0148, FOTO: Renault<br \/>\n<\/strong><\/p>\n","protected":false},"excerpt":{"rendered":"<p>Slavnostn\u00ed vyhl\u00e1\u0161en\u00ed odborn\u00e9 ankety V\u016fz roku (COTY) se v ro\u010dn\u00edku 2025 po dvou letech vr\u00e1tilo&#8230;<\/p>\n","protected":false},"author":1,"featured_media":8925,"comment_status":"closed","ping_status":"closed","sticky":false,"template":"","format":"standard","meta":{"footnotes":""},"categories":[32,27,8],"tags":[],"class_list":["post-10180","post","type-post","status-publish","format-standard","has-post-thumbnail","hentry","category-ankety","category-novinari","category-vystavy"],"_links":{"self":[{"href":"https:\/\/www.automakers.cz\/index.php?rest_route=\/wp\/v2\/posts\/10180","targetHints":{"allow":["GET"]}}],"collection":[{"href":"https:\/\/www.automakers.cz\/index.php?rest_route=\/wp\/v2\/posts"}],"about":[{"href":"https:\/\/www.automakers.cz\/index.php?rest_route=\/wp\/v2\/types\/post"}],"author":[{"embeddable":true,"href":"https:\/\/www.automakers.cz\/index.php?rest_route=\/wp\/v2\/users\/1"}],"replies":[{"embeddable":true,"href":"https:\/\/www.automakers.cz\/index.php?rest_route=%2Fwp%2Fv2%2Fcomments&post=10180"}],"version-history":[{"count":6,"href":"https:\/\/www.automakers.cz\/index.php?rest_route=\/wp\/v2\/posts\/10180\/revisions"}],"predecessor-version":[{"id":10232,"href":"https:\/\/www.automakers.cz\/index.php?rest_route=\/wp\/v2\/posts\/10180\/revisions\/10232"}],"wp:featuredmedia":[{"embeddable":true,"href":"https:\/\/www.automakers.cz\/index.php?rest_route=\/wp\/v2\/media\/8925"}],"wp:attachment":[{"href":"https:\/\/www.automakers.cz\/index.php?rest_route=%2Fwp%2Fv2%2Fmedia&parent=10180"}],"wp:term":[{"taxonomy":"category","embeddable":true,"href":"https:\/\/www.automakers.cz\/index.php?rest_route=%2Fwp%2Fv2%2Fcategories&post=10180"},{"taxonomy":"post_tag","embeddable":true,"href":"https:\/\/www.automakers.cz\/index.php?rest_route=%2Fwp%2Fv2%2Ftags&post=10180"}],"curies":[{"name":"wp","href":"https:\/\/api.w.org\/{rel}","templated":true}]}}