{"id":10185,"date":"2025-01-14T10:04:07","date_gmt":"2025-01-14T10:04:07","guid":{"rendered":"https:\/\/www.automakers.cz\/?p=10185"},"modified":"2025-01-14T10:05:45","modified_gmt":"2025-01-14T10:05:45","slug":"hyundai-loni-zustal-dvojkou-ceskeho-trhu","status":"publish","type":"post","link":"https:\/\/www.automakers.cz\/?p=10185","title":{"rendered":"Hyundai loni z\u016fstal dvojkou \u010desk\u00e9ho trhu"},"content":{"rendered":"<p><strong><b>Zna<\/b><\/strong><strong><b>\u010d<\/b><\/strong><strong><b>ka Hyundai zakon<\/b><\/strong><strong><b>\u010d<\/b><\/strong><strong><b>ila podle SDA rok 2024 s celkov\u00fdm po<\/b><\/strong><strong><b>\u010d<\/b><\/strong><strong><b>tem 20 309 registrovan\u00fdch osobn\u00edch voz<\/b><\/strong><strong><b>\u016f<\/b><\/strong><strong><b>\u00a0a oproti roku 2023 zaznamenala n\u00e1r<\/b><\/strong><strong><b>\u016f<\/b><\/strong><strong><b>st o 1,2 %. S tr\u017en\u00edm pod\u00edlem 8,77 % potvrdila pozici dvojky na <\/b><\/strong><strong><b>\u010d<\/b><\/strong><strong><b>esk\u00e9m trhu. V\u00fdsledky komnetoval \u0161\u00e9f importu Martin Saitz.<\/b><\/strong><!--more--><\/p>\n<p>Nejprod\u00e1van\u011bj\u0161\u00edm modelem zna\u010dky je model i30 z v\u00fdrobn\u00edho z\u00e1vodu Hyundai Motor Manufacturing Czech v No\u0161ovic\u00edch, kter\u00fd zaznamenal 8744 registrac\u00ed a je sedm\u00fdm nejprod\u00e1van\u011bj\u0161\u00edm modelem na \u010desk\u00e9m trhu v\u016fbec. Druh\u00fd nejprod\u00e1van\u011bj\u0161\u00ed model zna\u010dky, SUV Hyundai Tucson, je s 5762 registrovan\u00fdmi kusy dev\u00e1t\u00fd.<\/p>\n<p><img loading=\"lazy\" decoding=\"async\" class=\"alignnone size-medium wp-image-10186\" src=\"http:\/\/www.automakers.cz\/wp-content\/uploads\/2025\/01\/Hyundai_Tucson-900x600.jpg\" alt=\"\" width=\"900\" height=\"600\" \/>V\u00a0\u017eeb\u0159\u00ed\u010dku nejpopul\u00e1rn\u011bj\u0161\u00edch model\u016f pak n\u00e1sleduj\u00ed i20 (1 741 registrac\u00ed), Bayon (1 589) a Kona (1 102). Bateriov\u00e9 elektromobily v\u00a0minul\u00e9m roce tvo\u0159ily 2,4 % z celkov\u00e9ho objemu registrac\u00ed zna\u010dky Hyundai na \u010desk\u00e9m trhu.<\/p>\n<p>\u201eData uplynul\u00e9ho roku znovu prokazuj\u00ed, jak d\u016fle\u017eit\u00e1 je pro n\u00e1s produkce z no\u0161ovick\u00e9ho z\u00e1vodu. Modely i30 a Tucson pro\u0161ly modernizac\u00ed a pro Tucson jsme nav\u00edc uvedli limitovanou v\u00fdro\u010dn\u00ed edici 20 Years. Jsme velmi r\u00e1di, \u017ee tyto modely nad\u00e1le z\u016fst\u00e1vaj\u00ed pro \u010desk\u00e9ho z\u00e1kazn\u00edka atraktivn\u00ed volbou,\u201c uvedl gener\u00e1ln\u00ed \u0159editel \u010desk\u00e9ho zastoupen\u00ed zna\u010dky Martin Saitz.<\/p>\n<p><img loading=\"lazy\" decoding=\"async\" class=\"alignnone size-medium wp-image-4878\" src=\"http:\/\/www.automakers.cz\/wp-content\/uploads\/2024\/06\/Saitz-Martin-sirka-showroom-900x600.jpg\" alt=\"\" width=\"900\" height=\"600\" \/>Tradi\u010dn\u011b siln\u00e1 je podle n\u011bj pozice Hyundai v priv\u00e1tn\u00edm segmentu, kde jihokorejsk\u00e1 zna\u010dka s tr\u017en\u00edm pod\u00edlem 12,7 % a 7 363 registrovan\u00fdmi osobn\u00edmi vozy obh\u00e1jila celkovou druhou p\u0159\u00ed\u010dku. Stejn\u011b jako v roce 2023 byla loni v\u016fbec nejpopul\u00e1rn\u011bj\u0161\u00edm modelem u soukrom\u00fdch z\u00e1kazn\u00edk\u016f no\u0161ovick\u00e1 i30, kter\u00e1 zaznamenala 2 752 registrac\u00ed. \u010ctvrt\u00fd Tucson si v priv\u00e1tn\u00edm segmentu p\u0159ipsal 2 292 registrac\u00ed.<\/p>\n<p><strong>Zdroj: HMCZ<\/strong><\/p>\n","protected":false},"excerpt":{"rendered":"<p>Zna\u010dka Hyundai zakon\u010dila podle SDA rok 2024 s celkov\u00fdm po\u010dtem 20 309 registrovan\u00fdch osobn\u00edch voz\u016f\u00a0a&#8230;<\/p>\n","protected":false},"author":1,"featured_media":3556,"comment_status":"closed","ping_status":"closed","sticky":false,"template":"","format":"standard","meta":{"footnotes":""},"categories":[11,48],"tags":[],"class_list":["post-10185","post","type-post","status-publish","format-standard","has-post-thumbnail","hentry","category-importeri","category-registrace"],"_links":{"self":[{"href":"https:\/\/www.automakers.cz\/index.php?rest_route=\/wp\/v2\/posts\/10185","targetHints":{"allow":["GET"]}}],"collection":[{"href":"https:\/\/www.automakers.cz\/index.php?rest_route=\/wp\/v2\/posts"}],"about":[{"href":"https:\/\/www.automakers.cz\/index.php?rest_route=\/wp\/v2\/types\/post"}],"author":[{"embeddable":true,"href":"https:\/\/www.automakers.cz\/index.php?rest_route=\/wp\/v2\/users\/1"}],"replies":[{"embeddable":true,"href":"https:\/\/www.automakers.cz\/index.php?rest_route=%2Fwp%2Fv2%2Fcomments&post=10185"}],"version-history":[{"count":2,"href":"https:\/\/www.automakers.cz\/index.php?rest_route=\/wp\/v2\/posts\/10185\/revisions"}],"predecessor-version":[{"id":10189,"href":"https:\/\/www.automakers.cz\/index.php?rest_route=\/wp\/v2\/posts\/10185\/revisions\/10189"}],"wp:featuredmedia":[{"embeddable":true,"href":"https:\/\/www.automakers.cz\/index.php?rest_route=\/wp\/v2\/media\/3556"}],"wp:attachment":[{"href":"https:\/\/www.automakers.cz\/index.php?rest_route=%2Fwp%2Fv2%2Fmedia&parent=10185"}],"wp:term":[{"taxonomy":"category","embeddable":true,"href":"https:\/\/www.automakers.cz\/index.php?rest_route=%2Fwp%2Fv2%2Fcategories&post=10185"},{"taxonomy":"post_tag","embeddable":true,"href":"https:\/\/www.automakers.cz\/index.php?rest_route=%2Fwp%2Fv2%2Ftags&post=10185"}],"curies":[{"name":"wp","href":"https:\/\/api.w.org\/{rel}","templated":true}]}}