{"id":10190,"date":"2025-01-14T12:16:02","date_gmt":"2025-01-14T12:16:02","guid":{"rendered":"https:\/\/www.automakers.cz\/?p=10190"},"modified":"2025-01-15T18:09:31","modified_gmt":"2025-01-15T18:09:31","slug":"mg-hleda-noveho-dealera-pro-vysocinu","status":"publish","type":"post","link":"https:\/\/www.automakers.cz\/?p=10190","title":{"rendered":"MG hled\u00e1 nov\u00e9ho dealera pro Vyso\u010dinu"},"content":{"rendered":"<p><strong>\u0160\u00e9f \u010d\u00ednsk\u00e9 zna\u010dky MG Martin Kr\u00e1l\u00ed\u010dek svolal 14. ledna novin\u00e1\u0159e do restaurantu Mark\u00e9ta v Kr\u00e1lovic\u00edch. Krom\u011b lo\u0148sk\u00e9 bilance se v\u011bnoval i leto\u0161n\u00edmu rozvoji dealersk\u00e9 s\u00edt\u011b. Letos chce p\u0159idat dva partnery.<\/strong><span id=\"more-1305\"><\/span><!--more--><\/p>\n<p>MG loni v \u010cR prodala p\u0159es 4101 aut, co\u017e podle \u0161\u00e9fa importu p\u0159ineslo zna\u010dce MG tr\u017en\u00ed pod\u00edl 1,77 % a t\u0159in\u00e1ct\u00e9 m\u00edsto mezi import\u00e9ry.<\/p>\n<p>&#8222;V n\u011bkolika m\u011bs\u00edc\u00edch jsme se ocitli dokonce v Top 10 a dos\u00e1hli pod\u00edlu p\u0159es dv\u011b procenta,&#8220; pochlubil se Kr\u00e1l\u00ed\u010dek.<\/p>\n<p><img loading=\"lazy\" decoding=\"async\" class=\"alignnone size-medium wp-image-10194\" src=\"http:\/\/www.automakers.cz\/wp-content\/uploads\/2025\/01\/MG-vysledky-2024-graf-900x506.jpg\" alt=\"\" width=\"900\" height=\"506\" srcset=\"https:\/\/www.automakers.cz\/wp-content\/uploads\/2025\/01\/MG-vysledky-2024-graf-900x506.jpg 900w, https:\/\/www.automakers.cz\/wp-content\/uploads\/2025\/01\/MG-vysledky-2024-graf-1024x576.jpg 1024w, https:\/\/www.automakers.cz\/wp-content\/uploads\/2025\/01\/MG-vysledky-2024-graf-768x432.jpg 768w, https:\/\/www.automakers.cz\/wp-content\/uploads\/2025\/01\/MG-vysledky-2024-graf-1536x864.jpg 1536w, https:\/\/www.automakers.cz\/wp-content\/uploads\/2025\/01\/MG-vysledky-2024-graf-1280x720.jpg 1280w, https:\/\/www.automakers.cz\/wp-content\/uploads\/2025\/01\/MG-vysledky-2024-graf.jpg 2040w\" sizes=\"auto, (max-width: 900px) 100vw, 900px\" \/><strong>Letos dal\u0161\u00ed dva deale\u0159i<\/strong><\/p>\n<p>MG v minulosti prod\u00e1vala vozy v \u010cR hlavn\u011b p\u0159es dealery zna\u010dky Mitsubishi, pot\u00e9 za\u010dala budovat vlastn\u00ed s\u00ed\u0165. Loni obsluhovalo z\u00e1kazn\u00edky 27 dealer\u016f a servis\u016f, letos chce import p\u0159idat dal\u0161\u00ed dva.<\/p>\n<p>&#8222;V roce 2025 m\u00e1me pokryto v\u0161ech 14 kraj\u016f, dla\u0161\u00ed obchodn\u00ed expanze u\u017e nebude d\u016fle\u017eit\u00e1 ve smyslu po\u010dtu dealer\u016f, sp\u00ed\u0161e budeme tla\u010dit na kvalit a pokr\u00fdvat slep\u00e1 m\u00edsta. Pro leto\u0161ek to bude znamenat dva nov\u00e9 dealery. U\u017e v lednu otev\u0159eme Klatovy a \u0159e\u0161\u00edme tak\u00e9 Vyso\u010dinu. Pro tento region budeme letos vyb\u00edrat nov\u00e9ho dealera a uzav\u0159eme rok s celkov\u00fdm po\u010dtem 29 dealer\u016f,&#8220; up\u0159esnil Martin Kr\u00e1l\u00ed\u010dek.<\/p>\n<p><strong>Erich Handl, TK MG, Kr\u00e1lovice<\/strong><\/p>\n<p><img loading=\"lazy\" decoding=\"async\" class=\"alignnone size-medium wp-image-10234\" src=\"http:\/\/www.automakers.cz\/wp-content\/uploads\/2025\/01\/MG-Cybester-Handl-Kralovice-orez-900x507.jpg\" alt=\"\" width=\"900\" height=\"507\" srcset=\"https:\/\/www.automakers.cz\/wp-content\/uploads\/2025\/01\/MG-Cybester-Handl-Kralovice-orez-900x507.jpg 900w, https:\/\/www.automakers.cz\/wp-content\/uploads\/2025\/01\/MG-Cybester-Handl-Kralovice-orez-768x433.jpg 768w, https:\/\/www.automakers.cz\/wp-content\/uploads\/2025\/01\/MG-Cybester-Handl-Kralovice-orez.jpg 918w\" sizes=\"auto, (max-width: 900px) 100vw, 900px\" \/><\/p>\n<p><strong>Jak\u00e9 jsou prodejn\u00ed, produktov\u00e9 a marketingov\u00e9 c\u00edle MG pro rok 2025? <\/strong><\/p>\n<p><strong>Podrobnosti p\u0159ineseme v zimn\u00edm ti\u0161t\u011bn\u00e9m Import\u00e9rsk\u00e9m speci\u00e1lu 2025!<\/strong><\/p>\n","protected":false},"excerpt":{"rendered":"<p>\u0160\u00e9f \u010d\u00ednsk\u00e9 zna\u010dky MG Martin Kr\u00e1l\u00ed\u010dek svolal 14. ledna novin\u00e1\u0159e do restaurantu Mark\u00e9ta v Kr\u00e1lovic\u00edch&#8230;.<\/p>\n","protected":false},"author":1,"featured_media":10193,"comment_status":"closed","ping_status":"closed","sticky":false,"template":"","format":"standard","meta":{"footnotes":""},"categories":[17,11,20,53],"tags":[],"class_list":["post-10190","post","type-post","status-publish","format-standard","has-post-thumbnail","hentry","category-dealeri","category-importeri","category-tiskovky","category-vysledky"],"_links":{"self":[{"href":"https:\/\/www.automakers.cz\/index.php?rest_route=\/wp\/v2\/posts\/10190","targetHints":{"allow":["GET"]}}],"collection":[{"href":"https:\/\/www.automakers.cz\/index.php?rest_route=\/wp\/v2\/posts"}],"about":[{"href":"https:\/\/www.automakers.cz\/index.php?rest_route=\/wp\/v2\/types\/post"}],"author":[{"embeddable":true,"href":"https:\/\/www.automakers.cz\/index.php?rest_route=\/wp\/v2\/users\/1"}],"replies":[{"embeddable":true,"href":"https:\/\/www.automakers.cz\/index.php?rest_route=%2Fwp%2Fv2%2Fcomments&post=10190"}],"version-history":[{"count":9,"href":"https:\/\/www.automakers.cz\/index.php?rest_route=\/wp\/v2\/posts\/10190\/revisions"}],"predecessor-version":[{"id":10255,"href":"https:\/\/www.automakers.cz\/index.php?rest_route=\/wp\/v2\/posts\/10190\/revisions\/10255"}],"wp:featuredmedia":[{"embeddable":true,"href":"https:\/\/www.automakers.cz\/index.php?rest_route=\/wp\/v2\/media\/10193"}],"wp:attachment":[{"href":"https:\/\/www.automakers.cz\/index.php?rest_route=%2Fwp%2Fv2%2Fmedia&parent=10190"}],"wp:term":[{"taxonomy":"category","embeddable":true,"href":"https:\/\/www.automakers.cz\/index.php?rest_route=%2Fwp%2Fv2%2Fcategories&post=10190"},{"taxonomy":"post_tag","embeddable":true,"href":"https:\/\/www.automakers.cz\/index.php?rest_route=%2Fwp%2Fv2%2Ftags&post=10190"}],"curies":[{"name":"wp","href":"https:\/\/api.w.org\/{rel}","templated":true}]}}