{"id":10260,"date":"2025-01-21T07:01:02","date_gmt":"2025-01-21T07:01:02","guid":{"rendered":"https:\/\/www.automakers.cz\/?p=10260"},"modified":"2025-01-21T07:53:04","modified_gmt":"2025-01-21T07:53:04","slug":"evropskou-asociaci-sefuje-ola-kallenius","status":"publish","type":"post","link":"https:\/\/www.automakers.cz\/?p=10260","title":{"rendered":"Evropskou asociaci ACEA \u0161\u00e9fuje K\u00e4llenius"},"content":{"rendered":"<p><b>Pozici prezidenta evropsk\u00e9ho sdru\u017een\u00ed v\u00fdrobc\u016f automobil\u016f ACEA zast\u00e1v\u00e1 od ledna \u0161\u00e9f Mercedesu <\/b><b>Sten Ola K\u00e4llenius<\/b><strong> (* 11. \u010dervna 1969). K\u00e4llenius nahradil u zna\u010dky p\u0159ed \u0161esti lety Dietera Zetscheho.<br \/>\n<\/strong><!--more--><\/p>\n<p>\u0160v\u00e9dsko-n\u011bmeck\u00fd obchodn\u00ed mana\u017eer p\u016fsob\u00ed jako p\u0159edseda p\u0159edstavenstva skupiny Mercedes-Benz. Zah\u00e1jil svou kari\u00e9ru v roce 1993 v b\u00fdval\u00e9 spole\u010dnosti Daimler-Benz AG, kde pracoval v &#8222;International Junior Research Group&#8220;. Po dal\u0161\u00edch ran\u00fdch \u00fakolech v oblasti \u0159\u00edzen\u00ed zast\u00e1val r\u016fzn\u00e9 mana\u017eersk\u00e9 pozice ve spole\u010dnosti Daimler AG, v\u010detn\u011b vedouc\u00edho odd\u011blen\u00ed n\u00e1kupu &#8222;Powertrain&#8220; skupiny Mercedes-Benz Cars.<\/p>\n<p>Od \u0159\u00edjna 2013 je \u010dlenem p\u0159edstavenstva spole\u010dnosti Mercedes-Benz Cars a byl zodpov\u011bdn\u00fd za prodej. Do p\u0159edstavenstva spole\u010dnosti Daimler AG byl jmenov\u00e1n 1. ledna 2015.\u00a0Dne 1. ledna 2017 p\u0159evzal jako \u010dlen p\u0159edstavenstva veden\u00ed divize &#8222;Koncernov\u00fd v\u00fdzkum a v\u00fdvoj voz\u016f Mercedes-Benz&#8220;.<\/p>\n<p><iframe loading=\"lazy\"  id=\"_ytid_65601\"  width=\"640\" height=\"360\"  data-origwidth=\"640\" data-origheight=\"360\" src=\"https:\/\/www.youtube.com\/embed\/XzgBMkvOuQ4?enablejsapi=1&#038;autoplay=0&#038;cc_load_policy=0&#038;cc_lang_pref=&#038;iv_load_policy=1&#038;loop=0&#038;modestbranding=0&#038;rel=1&#038;fs=1&#038;playsinline=0&#038;autohide=2&#038;theme=dark&#038;color=red&#038;controls=1&#038;\" class=\"__youtube_prefs__  epyt-is-override  no-lazyload\" title=\"YouTube player\"  allow=\"accelerometer; autoplay; clipboard-write; encrypted-media; gyroscope; picture-in-picture\" allowfullscreen data-no-lazy=\"1\" data-skipgform_ajax_framebjll=\"\"><\/iframe><\/p>\n<p>Ve funkci gener\u00e1ln\u00edho \u0159editele doprov\u00e1zel K\u00e4llenius v roce 2024\u00a0<a title=\"Chancellor of Germany\" href=\"https:\/\/en.wikipedia.org\/wiki\/Chancellor_of_Germany\">kancl\u00e9\u0159e<\/a>\u00a0<a title=\"Olaf Scholz\" href=\"https:\/\/en.wikipedia.org\/wiki\/Olaf_Scholz\">Olafa Scholze<\/a> na st\u00e1tn\u00ed n\u00e1v\u0161t\u011bv\u011b \u010c\u00edny.<\/p>\n<p>K\u00e4llenius je v r\u00e1mci spole\u010dnosti Daimler velk\u00fdm zast\u00e1ncem elektromobility. Prosadil novou iniciativu elektrick\u00fdch model\u016f, produktovou a technologickou zna\u010dku EQ spolu s investic\u00ed 12 miliard dolar\u016f do nov\u00e9 \u0159ady vozidel Mercedes-Benz poh\u00e1n\u011bn\u00fdch bateriemi. V r\u00e1mci t\u00e9to iniciativy navrhl a prosazoval s\u00e9rii deseti nov\u00fdch a \u010dist\u011b elektrick\u00fdch model\u016f Mercedes-Benz, kter\u00e9 maj\u00ed b\u00fdt uvedeny na trh do roku 2022.<\/p>\n<p><strong>Zdroj: ACEA<\/strong><\/p>\n","protected":false},"excerpt":{"rendered":"<p>Pozici prezidenta evropsk\u00e9ho sdru\u017een\u00ed v\u00fdrobc\u016f automobil\u016f ACEA zast\u00e1v\u00e1 od ledna \u0161\u00e9f Mercedesu Sten Ola K\u00e4llenius&#8230;<\/p>\n","protected":false},"author":1,"featured_media":2371,"comment_status":"closed","ping_status":"closed","sticky":false,"template":"","format":"standard","meta":{"footnotes":""},"categories":[59,14,6,5,66],"tags":[],"class_list":["post-10260","post","type-post","status-publish","format-standard","has-post-thumbnail","hentry","category-automakers-tv","category-komentar","category-management","category-personalie","category-video"],"_links":{"self":[{"href":"https:\/\/www.automakers.cz\/index.php?rest_route=\/wp\/v2\/posts\/10260","targetHints":{"allow":["GET"]}}],"collection":[{"href":"https:\/\/www.automakers.cz\/index.php?rest_route=\/wp\/v2\/posts"}],"about":[{"href":"https:\/\/www.automakers.cz\/index.php?rest_route=\/wp\/v2\/types\/post"}],"author":[{"embeddable":true,"href":"https:\/\/www.automakers.cz\/index.php?rest_route=\/wp\/v2\/users\/1"}],"replies":[{"embeddable":true,"href":"https:\/\/www.automakers.cz\/index.php?rest_route=%2Fwp%2Fv2%2Fcomments&post=10260"}],"version-history":[{"count":5,"href":"https:\/\/www.automakers.cz\/index.php?rest_route=\/wp\/v2\/posts\/10260\/revisions"}],"predecessor-version":[{"id":10345,"href":"https:\/\/www.automakers.cz\/index.php?rest_route=\/wp\/v2\/posts\/10260\/revisions\/10345"}],"wp:featuredmedia":[{"embeddable":true,"href":"https:\/\/www.automakers.cz\/index.php?rest_route=\/wp\/v2\/media\/2371"}],"wp:attachment":[{"href":"https:\/\/www.automakers.cz\/index.php?rest_route=%2Fwp%2Fv2%2Fmedia&parent=10260"}],"wp:term":[{"taxonomy":"category","embeddable":true,"href":"https:\/\/www.automakers.cz\/index.php?rest_route=%2Fwp%2Fv2%2Fcategories&post=10260"},{"taxonomy":"post_tag","embeddable":true,"href":"https:\/\/www.automakers.cz\/index.php?rest_route=%2Fwp%2Fv2%2Ftags&post=10260"}],"curies":[{"name":"wp","href":"https:\/\/api.w.org\/{rel}","templated":true}]}}