{"id":10269,"date":"2025-01-16T11:41:59","date_gmt":"2025-01-16T11:41:59","guid":{"rendered":"https:\/\/www.automakers.cz\/?p=10269"},"modified":"2025-01-16T11:45:18","modified_gmt":"2025-01-16T11:45:18","slug":"skoda-auto-loni-dodala-926-600-vozu","status":"publish","type":"post","link":"https:\/\/www.automakers.cz\/?p=10269","title":{"rendered":"\u0160koda Auto loni dodala 926 600 voz\u016f"},"content":{"rendered":"<p><strong>Dod\u00e1vky \u0160kody Auto v roce 2024 dos\u00e1hly po cel\u00e9m sv\u011bt\u011b \u010dinily 926 600 voz\u016f, co\u017e p\u0159edstavuje meziro\u010dn\u00ed n\u00e1r\u016fst o 6,9 %, a to navzdory prom\u011bnliv\u00e9 situaci na trhu. N\u011bmecko z\u016fst\u00e1v\u00e1 nejv\u011bt\u0161\u00edm trhem a dod\u00e1vky 187 100 automobil\u016f znamenaj\u00ed proti roku 2023 nav\u00fd\u0161en\u00ed o 29 200 voz\u016f.<\/strong><!--more--><\/p>\n<p>Z\u00e1sadn\u00ed absolutn\u00ed p\u0159\u00edr\u016fstky vyk\u00e1zalo d\u00e1le\u00a0Turecko (+8\u00a0600 voz\u016f), Spojen\u00e9 kr\u00e1lovstv\u00ed (+8\u00a0400), Polsko (+7 500) a\u00a0\u0160pan\u011blsko (+6 200). Modernizovan\u00fd model Octavia potvrdil roli nejprod\u00e1van\u011bj\u0161\u00edho vozu \u0160koda (215\u00a0700 voz\u016f; +12,4 %).<\/p>\n<p>Navzdory zpomalen\u00ed popt\u00e1vky po pln\u011b elektrick\u00fdch vozidlech v cel\u00e9m odv\u011btv\u00ed se modelov\u00e1 \u0159ada Enyaq t\u011b\u0161ila podle automobilky z\u00e1jmu z\u00e1kazn\u00edk\u016f.<\/p>\n<p>\u0160koda pokra\u010dovala po cel\u00e9m sv\u011bt\u011b v modernizaci sv\u00fdch showroom\u016f v souladu s novou korpor\u00e1tn\u00ed identitou a k dne\u0161n\u00edmu dni prom\u011bnila v\u00edce ne\u017e 230 prodejn\u00edch m\u00edst. Do roku 2025 vstupuje zna\u010dka \u0160koda siln\u011bj\u0161\u00ed ne\u017e kdy d\u0159\u00edve: s historicky nejmlad\u0161\u00ed a z\u00e1rove\u0148 nejpo\u010detn\u011bj\u0161\u00ed nab\u00eddkou 12 modelov\u00fdch \u0159ad. Jejich sou\u010d\u00e1st\u00ed je cenov\u011b dostupn\u00e9 elektrick\u00e9 SUV Elroq, nov\u00e9 proveden\u00ed \u017e\u00e1dan\u00e9ho elektromobilu Enyaq a \u00fasporn\u00e9 SUV Kylaq, kter\u00e9 je p\u0159\u00edslibem n\u00e1r\u016fstu prodeje v Indii.<\/p>\n<p><strong>Zdroj: \u0160koda Auto<\/strong><\/p>\n<p><img loading=\"lazy\" decoding=\"async\" class=\"alignnone size-medium wp-image-10273\" src=\"http:\/\/www.automakers.cz\/wp-content\/uploads\/2025\/01\/Skoda-Auto-dodala-v-roce-2024_page-0001-1-495x900.jpg\" alt=\"\" width=\"495\" height=\"900\" srcset=\"https:\/\/www.automakers.cz\/wp-content\/uploads\/2025\/01\/Skoda-Auto-dodala-v-roce-2024_page-0001-1-495x900.jpg 495w, https:\/\/www.automakers.cz\/wp-content\/uploads\/2025\/01\/Skoda-Auto-dodala-v-roce-2024_page-0001-1-564x1024.jpg 564w, https:\/\/www.automakers.cz\/wp-content\/uploads\/2025\/01\/Skoda-Auto-dodala-v-roce-2024_page-0001-1-768x1395.jpg 768w, https:\/\/www.automakers.cz\/wp-content\/uploads\/2025\/01\/Skoda-Auto-dodala-v-roce-2024_page-0001-1-846x1536.jpg 846w, https:\/\/www.automakers.cz\/wp-content\/uploads\/2025\/01\/Skoda-Auto-dodala-v-roce-2024_page-0001-1-1127x2048.jpg 1127w, https:\/\/www.automakers.cz\/wp-content\/uploads\/2025\/01\/Skoda-Auto-dodala-v-roce-2024_page-0001-1-1024x1860.jpg 1024w, https:\/\/www.automakers.cz\/wp-content\/uploads\/2025\/01\/Skoda-Auto-dodala-v-roce-2024_page-0001-1-scaled.jpg 1409w\" sizes=\"auto, (max-width: 495px) 100vw, 495px\" \/><\/p>\n","protected":false},"excerpt":{"rendered":"<p>Dod\u00e1vky \u0160kody Auto v roce 2024 dos\u00e1hly po cel\u00e9m sv\u011bt\u011b \u010dinily 926 600 voz\u016f, co\u017e&#8230;<\/p>\n","protected":false},"author":1,"featured_media":9446,"comment_status":"closed","ping_status":"closed","sticky":false,"template":"","format":"standard","meta":{"footnotes":""},"categories":[10,18],"tags":[],"class_list":["post-10269","post","type-post","status-publish","format-standard","has-post-thumbnail","hentry","category-statistika","category-vyroba"],"_links":{"self":[{"href":"https:\/\/www.automakers.cz\/index.php?rest_route=\/wp\/v2\/posts\/10269","targetHints":{"allow":["GET"]}}],"collection":[{"href":"https:\/\/www.automakers.cz\/index.php?rest_route=\/wp\/v2\/posts"}],"about":[{"href":"https:\/\/www.automakers.cz\/index.php?rest_route=\/wp\/v2\/types\/post"}],"author":[{"embeddable":true,"href":"https:\/\/www.automakers.cz\/index.php?rest_route=\/wp\/v2\/users\/1"}],"replies":[{"embeddable":true,"href":"https:\/\/www.automakers.cz\/index.php?rest_route=%2Fwp%2Fv2%2Fcomments&post=10269"}],"version-history":[{"count":3,"href":"https:\/\/www.automakers.cz\/index.php?rest_route=\/wp\/v2\/posts\/10269\/revisions"}],"predecessor-version":[{"id":10274,"href":"https:\/\/www.automakers.cz\/index.php?rest_route=\/wp\/v2\/posts\/10269\/revisions\/10274"}],"wp:featuredmedia":[{"embeddable":true,"href":"https:\/\/www.automakers.cz\/index.php?rest_route=\/wp\/v2\/media\/9446"}],"wp:attachment":[{"href":"https:\/\/www.automakers.cz\/index.php?rest_route=%2Fwp%2Fv2%2Fmedia&parent=10269"}],"wp:term":[{"taxonomy":"category","embeddable":true,"href":"https:\/\/www.automakers.cz\/index.php?rest_route=%2Fwp%2Fv2%2Fcategories&post=10269"},{"taxonomy":"post_tag","embeddable":true,"href":"https:\/\/www.automakers.cz\/index.php?rest_route=%2Fwp%2Fv2%2Ftags&post=10269"}],"curies":[{"name":"wp","href":"https:\/\/api.w.org\/{rel}","templated":true}]}}