{"id":103,"date":"2023-11-07T06:37:43","date_gmt":"2023-11-07T06:37:43","guid":{"rendered":"https:\/\/www.automakers.cz\/?p=103"},"modified":"2023-11-07T06:37:43","modified_gmt":"2023-11-07T06:37:43","slug":"mg-ma-v-expozici-model-zs-ev","status":"publish","type":"post","link":"https:\/\/www.automakers.cz\/?p=103","title":{"rendered":"MG m\u00e1 v expozici model ZS EV"},"content":{"rendered":"<p><strong>Zna\u010dka MG letos pronikla mezi velk\u00e9 import\u00e9ry, tomu bude odpov\u00eddat jej\u00ed expozice v Hale 3 na E-SALONu, kter\u00fd se bude konat v pra\u017esk\u00fdch Let\u0148anech od 9. do 12. listopadu.<\/strong><!--more--><\/p>\n<p>\u201cV\u00fdstava E-salon je vrcholem sez\u00f3ny a pro n\u00e1s v\u00a0naprosto ide\u00e1ln\u00edm term\u00ednu, proto\u017ee zanedlouho budeme uv\u00e1d\u011bt hlavn\u00ed novinky pro rok 2024. Rozhodli jsme se tedy p\u0159edstavit hned n\u011bkolik model\u016f MG. T\u0159eba MG ZS EV je zde v\u00a0leto\u0161n\u00ed v\u00fdstavn\u00ed premi\u00e9\u0159e. Velk\u00e1 \u0161koda je, \u017ee se n\u00e1m nepoda\u0159ilo dov\u00e9zt zcela nov\u00e9 MG4 XPower \u2013 fantastick\u00fd elektrick\u00fd hothatch &#8211; a faceliftovan\u00e9 EHS. Oba modely ur\u010dit\u011b budou v\u00a0roce 2024 jedn\u00edm z\u00a0hlavn\u00edch l\u00e1kadel nab\u00eddky MG na trhu. Za\u010dnou se prod\u00e1vat hned na za\u010d\u00e1tku roku a na\u0161i z\u00e1kazn\u00edci se tak prost\u011b maj\u00ed na co t\u011b\u0161it.\u201d, \u0159\u00edk\u00e1 Marek Vodi\u010dka, Marketingov\u00fd a PR mana\u017eer M Motors CZ\/SK.<\/p>\n<p><strong>Zdroj: MG, foto archiv Automakers<\/strong><\/p>\n<p><img loading=\"lazy\" decoding=\"async\" class=\"alignnone size-medium wp-image-105\" src=\"http:\/\/www.automakers.cz\/wp-content\/uploads\/2023\/11\/MG-ZS-EV-eSalon-300x200.jpg\" alt=\"\" width=\"300\" height=\"200\" srcset=\"https:\/\/www.automakers.cz\/wp-content\/uploads\/2023\/11\/MG-ZS-EV-eSalon-300x200.jpg 300w, https:\/\/www.automakers.cz\/wp-content\/uploads\/2023\/11\/MG-ZS-EV-eSalon-1024x682.jpg 1024w, https:\/\/www.automakers.cz\/wp-content\/uploads\/2023\/11\/MG-ZS-EV-eSalon-768x512.jpg 768w, https:\/\/www.automakers.cz\/wp-content\/uploads\/2023\/11\/MG-ZS-EV-eSalon.jpg 1280w\" sizes=\"auto, (max-width: 300px) 100vw, 300px\" \/><\/p>\n<p><strong>\u00a0<\/strong><\/p>\n","protected":false},"excerpt":{"rendered":"<p>Zna\u010dka MG letos pronikla mezi velk\u00e9 import\u00e9ry, tomu bude odpov\u00eddat jej\u00ed expozice v Hale 3&#8230;<\/p>\n","protected":false},"author":1,"featured_media":104,"comment_status":"open","ping_status":"open","sticky":false,"template":"","format":"standard","meta":{"footnotes":""},"categories":[9,8],"tags":[],"class_list":["post-103","post","type-post","status-publish","format-standard","has-post-thumbnail","hentry","category-elektromobily","category-vystavy"],"_links":{"self":[{"href":"https:\/\/www.automakers.cz\/index.php?rest_route=\/wp\/v2\/posts\/103","targetHints":{"allow":["GET"]}}],"collection":[{"href":"https:\/\/www.automakers.cz\/index.php?rest_route=\/wp\/v2\/posts"}],"about":[{"href":"https:\/\/www.automakers.cz\/index.php?rest_route=\/wp\/v2\/types\/post"}],"author":[{"embeddable":true,"href":"https:\/\/www.automakers.cz\/index.php?rest_route=\/wp\/v2\/users\/1"}],"replies":[{"embeddable":true,"href":"https:\/\/www.automakers.cz\/index.php?rest_route=%2Fwp%2Fv2%2Fcomments&post=103"}],"version-history":[{"count":2,"href":"https:\/\/www.automakers.cz\/index.php?rest_route=\/wp\/v2\/posts\/103\/revisions"}],"predecessor-version":[{"id":107,"href":"https:\/\/www.automakers.cz\/index.php?rest_route=\/wp\/v2\/posts\/103\/revisions\/107"}],"wp:featuredmedia":[{"embeddable":true,"href":"https:\/\/www.automakers.cz\/index.php?rest_route=\/wp\/v2\/media\/104"}],"wp:attachment":[{"href":"https:\/\/www.automakers.cz\/index.php?rest_route=%2Fwp%2Fv2%2Fmedia&parent=103"}],"wp:term":[{"taxonomy":"category","embeddable":true,"href":"https:\/\/www.automakers.cz\/index.php?rest_route=%2Fwp%2Fv2%2Fcategories&post=103"},{"taxonomy":"post_tag","embeddable":true,"href":"https:\/\/www.automakers.cz\/index.php?rest_route=%2Fwp%2Fv2%2Ftags&post=103"}],"curies":[{"name":"wp","href":"https:\/\/api.w.org\/{rel}","templated":true}]}}