{"id":10301,"date":"2025-01-19T20:50:42","date_gmt":"2025-01-19T20:50:42","guid":{"rendered":"https:\/\/www.automakers.cz\/?p=10301"},"modified":"2025-01-19T20:53:31","modified_gmt":"2025-01-19T20:53:31","slug":"ales-novak-sefuje-u-gerharda-horejska","status":"publish","type":"post","link":"https:\/\/www.automakers.cz\/?p=10301","title":{"rendered":"Ale\u0161 Nov\u00e1k \u0161\u00e9fuje u Gerharda Horejska"},"content":{"rendered":"<p><strong><b>T\u0159in\u00e1ct let vedl divizi SEAT\/CUPRA v Porsche \u010cR Ale\u0161 Nov\u00e1k. V prosinci se u nejv\u011bt\u0161\u00edho import\u00e9ra rozlou\u010dil a za\u010d\u00e1tkem ledna se objevil ve<\/b><\/strong> <strong>veden\u00ed dealersk\u00e9 spole\u010dnosti Gerhard Horejsek.<\/strong><!--more--><\/p>\n<p>Bude tam zodpov\u011bdn\u00fd za auto divizi na pozici Interim CEO \/Gener\u00e1ln\u00ed \u0159editel spole\u010dnosti.<\/p>\n<p>&#8222;Nov\u00e1k m\u00e1 dlouholet\u00e9 zku\u0161enosti v automobilov\u00e9 bran\u017ei, a proto v\u011b\u0159\u00edme \u017ee sv\u00fdm n\u00e1stupem bude i nad\u00e1le \u00fasp\u011b\u0161n\u011b rozv\u00edjet na\u0161i spole\u010dnost a spolupr\u00e1ci\u00a0 s obchodn\u00edmi partnery,&#8220; uvedl Gerhard Horejsek.<\/p>\n<p>Do pozice prokuristy na\u0161\u00ed spole\u010dnosti byla jmenov\u00e1na Ing. Alena Barto\u0161kov\u00e1, kter\u00e1 v pozici finan\u010dn\u00edho \u0159editele dlouhodob\u011b p\u016fsob\u00ed ve v\u0161ech \u010dinnostech skupiny Horejsek, doplnil dal\u0161\u00ed person\u00e1ln\u00ed \u00fapravu v tiskov\u00e9 zpr\u00e1v\u011b majitel firmy.<\/p>\n<p><strong>Ale\u0161e Nov\u00e1ka vyst\u0159\u00eddal v Porsche \u010cR Tom\u00e1\u0161 Navr\u00e1til<\/strong><\/p>\n<p>Nov\u00fdm vedouc\u00edm divize SEAT\/CUPRA byl nam\u00edsto Nov\u00e1ka s platnost\u00ed od 1. ledna 2025 jmenov\u00e1n Tom\u00e1\u0161 Navr\u00e1til, kter\u00fd p\u0159ich\u00e1z\u00ed ze \u0161pan\u011blsk\u00e9 centr\u00e1ly SEAT S.A.<\/p>\n<figure id=\"attachment_9022\" aria-describedby=\"caption-attachment-9022\" style=\"width: 900px\" class=\"wp-caption alignnone\"><img loading=\"lazy\" decoding=\"async\" class=\"size-medium wp-image-9022\" src=\"http:\/\/www.automakers.cz\/wp-content\/uploads\/2024\/11\/Tomas_Navratil-low-small-900x600.jpg\" alt=\"\" width=\"900\" height=\"600\" srcset=\"https:\/\/www.automakers.cz\/wp-content\/uploads\/2024\/11\/Tomas_Navratil-low-small-900x600.jpg 900w, https:\/\/www.automakers.cz\/wp-content\/uploads\/2024\/11\/Tomas_Navratil-low-small-1024x683.jpg 1024w, https:\/\/www.automakers.cz\/wp-content\/uploads\/2024\/11\/Tomas_Navratil-low-small-768x512.jpg 768w, https:\/\/www.automakers.cz\/wp-content\/uploads\/2024\/11\/Tomas_Navratil-low-small.jpg 1274w\" sizes=\"auto, (max-width: 900px) 100vw, 900px\" \/><figcaption id=\"caption-attachment-9022\" class=\"wp-caption-text\">Tom\u00e1\u0161 Navr\u00e1til<\/figcaption><\/figure>\n<p><strong>Zdroj: TZ Gerhard Horejsek, archiv<\/strong><\/p>\n","protected":false},"excerpt":{"rendered":"<p>T\u0159in\u00e1ct let vedl divizi SEAT\/CUPRA v Porsche \u010cR Ale\u0161 Nov\u00e1k. V prosinci se u nejv\u011bt\u0161\u00edho&#8230;<\/p>\n","protected":false},"author":1,"featured_media":2260,"comment_status":"closed","ping_status":"closed","sticky":false,"template":"","format":"standard","meta":{"footnotes":""},"categories":[17,6,5],"tags":[],"class_list":["post-10301","post","type-post","status-publish","format-standard","has-post-thumbnail","hentry","category-dealeri","category-management","category-personalie"],"_links":{"self":[{"href":"https:\/\/www.automakers.cz\/index.php?rest_route=\/wp\/v2\/posts\/10301","targetHints":{"allow":["GET"]}}],"collection":[{"href":"https:\/\/www.automakers.cz\/index.php?rest_route=\/wp\/v2\/posts"}],"about":[{"href":"https:\/\/www.automakers.cz\/index.php?rest_route=\/wp\/v2\/types\/post"}],"author":[{"embeddable":true,"href":"https:\/\/www.automakers.cz\/index.php?rest_route=\/wp\/v2\/users\/1"}],"replies":[{"embeddable":true,"href":"https:\/\/www.automakers.cz\/index.php?rest_route=%2Fwp%2Fv2%2Fcomments&post=10301"}],"version-history":[{"count":5,"href":"https:\/\/www.automakers.cz\/index.php?rest_route=\/wp\/v2\/posts\/10301\/revisions"}],"predecessor-version":[{"id":10312,"href":"https:\/\/www.automakers.cz\/index.php?rest_route=\/wp\/v2\/posts\/10301\/revisions\/10312"}],"wp:featuredmedia":[{"embeddable":true,"href":"https:\/\/www.automakers.cz\/index.php?rest_route=\/wp\/v2\/media\/2260"}],"wp:attachment":[{"href":"https:\/\/www.automakers.cz\/index.php?rest_route=%2Fwp%2Fv2%2Fmedia&parent=10301"}],"wp:term":[{"taxonomy":"category","embeddable":true,"href":"https:\/\/www.automakers.cz\/index.php?rest_route=%2Fwp%2Fv2%2Fcategories&post=10301"},{"taxonomy":"post_tag","embeddable":true,"href":"https:\/\/www.automakers.cz\/index.php?rest_route=%2Fwp%2Fv2%2Ftags&post=10301"}],"curies":[{"name":"wp","href":"https:\/\/api.w.org\/{rel}","templated":true}]}}