{"id":10303,"date":"2025-01-17T16:16:48","date_gmt":"2025-01-17T16:16:48","guid":{"rendered":"https:\/\/www.automakers.cz\/?p=10303"},"modified":"2025-01-20T11:58:35","modified_gmt":"2025-01-20T11:58:35","slug":"dacia-s-novym-sefem-marketingu","status":"publish","type":"post","link":"https:\/\/www.automakers.cz\/?p=10303","title":{"rendered":"Dacia s nov\u00fdm \u0161\u00e9fem marketingu"},"content":{"rendered":"<p><strong>Frank Marotte bude od \u00fanora \u0159editelem marketingu, prodeje a provozn\u00edch operac\u00ed zna\u010dky Dacia. Stane se \u010dlenem v\u00fdkon\u00e9ho v\u00fdboru spole\u010dnosti a bude pod\u0159\u00edzen Denisu Le Votovi, gener\u00e1ln\u00edmu \u0159editeli Dacie.<\/strong> <!--more--><\/p>\n<p>Frank Marotte je absolventem Ecole Centrale Paris a m\u00e1 v\u00edce ne\u017e 30 let zku\u0161enost\u00ed v automobilov\u00e9m pr\u016fmyslu. Svou kari\u00e9ru zah\u00e1jil v roce 1993 ve spole\u010dnosti Peugeot a zast\u00e1val \u0159adu mana\u017eersk\u00fdch pozic ve Francii i v zahrani\u010d\u00ed. V roce 2008 byl jmenov\u00e1n vedouc\u00edm odd\u011blen\u00ed produktov\u00e9ho pl\u00e1nov\u00e1n\u00ed skupiny PSA Peugeot Citro\u00ebn, kde dohl\u00ed\u017eel na v\u00fdvoj v n\u011bkolika segmentech.<\/p>\n<p>V roce 2013 nastoupil Frank Marotte do spole\u010dnosti Toyota Motor jako \u0159editel produktov\u00e9ho pl\u00e1nov\u00e1n\u00ed pro Evropu, Rusko a Bl\u00edzk\u00fd v\u00fdchod. V r\u00e1mci spole\u010dnosti dohl\u00ed\u017eel na produktov\u00e9 portfolio Toyoty v Evrop\u011b a byl \u010dlenem v\u00fdkonn\u00e9ho v\u00fdboru Toyota Motor Europe.<\/p>\n<p>V \u010dervenci 2019 byl Frank Marotte jmenov\u00e1n prezidentem a gener\u00e1ln\u00edm \u0159editelem spole\u010dnosti Toyota France, kde byl zodpov\u011bdn\u00fd za strategii a rozvoj aktivit Toyoty a Lexusu ve Francii.<\/p>\n<p><strong>Zdroj: Dacia, Jitka Skali\u010dkov\u00e1<\/strong><\/p>\n","protected":false},"excerpt":{"rendered":"<p>Frank Marotte bude od \u00fanora \u0159editelem marketingu, prodeje a provozn\u00edch operac\u00ed zna\u010dky Dacia. Stane se&#8230;<\/p>\n","protected":false},"author":1,"featured_media":10305,"comment_status":"closed","ping_status":"closed","sticky":false,"template":"","format":"standard","meta":{"footnotes":""},"categories":[6,36,5],"tags":[],"class_list":["post-10303","post","type-post","status-publish","format-standard","has-post-thumbnail","hentry","category-management","category-marketing","category-personalie"],"_links":{"self":[{"href":"https:\/\/www.automakers.cz\/index.php?rest_route=\/wp\/v2\/posts\/10303","targetHints":{"allow":["GET"]}}],"collection":[{"href":"https:\/\/www.automakers.cz\/index.php?rest_route=\/wp\/v2\/posts"}],"about":[{"href":"https:\/\/www.automakers.cz\/index.php?rest_route=\/wp\/v2\/types\/post"}],"author":[{"embeddable":true,"href":"https:\/\/www.automakers.cz\/index.php?rest_route=\/wp\/v2\/users\/1"}],"replies":[{"embeddable":true,"href":"https:\/\/www.automakers.cz\/index.php?rest_route=%2Fwp%2Fv2%2Fcomments&post=10303"}],"version-history":[{"count":2,"href":"https:\/\/www.automakers.cz\/index.php?rest_route=\/wp\/v2\/posts\/10303\/revisions"}],"predecessor-version":[{"id":10307,"href":"https:\/\/www.automakers.cz\/index.php?rest_route=\/wp\/v2\/posts\/10303\/revisions\/10307"}],"wp:featuredmedia":[{"embeddable":true,"href":"https:\/\/www.automakers.cz\/index.php?rest_route=\/wp\/v2\/media\/10305"}],"wp:attachment":[{"href":"https:\/\/www.automakers.cz\/index.php?rest_route=%2Fwp%2Fv2%2Fmedia&parent=10303"}],"wp:term":[{"taxonomy":"category","embeddable":true,"href":"https:\/\/www.automakers.cz\/index.php?rest_route=%2Fwp%2Fv2%2Fcategories&post=10303"},{"taxonomy":"post_tag","embeddable":true,"href":"https:\/\/www.automakers.cz\/index.php?rest_route=%2Fwp%2Fv2%2Ftags&post=10303"}],"curies":[{"name":"wp","href":"https:\/\/api.w.org\/{rel}","templated":true}]}}