{"id":10320,"date":"2025-01-20T12:53:47","date_gmt":"2025-01-20T12:53:47","guid":{"rendered":"https:\/\/www.automakers.cz\/?p=10320"},"modified":"2025-01-20T12:53:47","modified_gmt":"2025-01-20T12:53:47","slug":"prokop-dokoncil-svuj-10-dakar-na-11-miste","status":"publish","type":"post","link":"https:\/\/www.automakers.cz\/?p=10320","title":{"rendered":"Prokop dokon\u010dil sv\u016fj 10. Dakar na 11. m\u00edst\u011b"},"content":{"rendered":"<p><strong>Posledn\u00ed dvan\u00e1ct\u00e1 etapa Dakaru obn\u00e1\u0161ela pouh\u00fdch 62 m\u011b\u0159en\u00fdch kilometr\u016f vst\u0159\u00edc bivaku v Shubaytah a po\u0159adatel\u00e9 ji zatraktivnili startem ve vln\u00e1ch po n\u011bkolika automobilech najednou. Martin Prokop s Viktorem Chytkou do n\u00ed startovali z jeden\u00e1ct\u00e9ho m\u00edsta v celkov\u00e9m po\u0159ad\u00ed.<\/strong><!--more--><\/p>\n<p>Pos\u00e1dka Orlen Jipocar Teamu dokon\u010dila p\u00e1te\u010dn\u00ed etapu na dvan\u00e1ct\u00e9m m\u00edst\u011b a na jejich celkov\u00e9m um\u00edst\u011bn\u00ed ve 47. ro\u010dn\u00edku Dakaru se ji\u017e nic nezm\u011bnilo.<\/p>\n<p>Des\u00e1tou \u00fa\u010dast\u00ed na Dakaru se Prokop za\u0159adil mezi po\u0159adatelem ozna\u010dovan\u00e9 \u201eDakar Legends\u201c a je pot\u0159eba p\u0159ipomenout, \u017ee ka\u017ed\u00fd sv\u016fj start za deset let v \u0159ad\u011b prom\u011bnil v \u00fasp\u011b\u0161n\u00e9 dokon\u010den\u00ed t\u00e9to extr\u00e9mn\u00ed sout\u011b\u017ee a z lo\u0148sk\u00e9ho ro\u010dn\u00edku dr\u017e\u00ed rekord historicky nejlep\u0161\u00edho um\u00edst\u011bn\u00ed \u010desk\u00e9ho z\u00e1vodn\u00edka v kategorii automobil\u016f.<\/p>\n<p><strong>Martin Prokop v c\u00edli Dakaru 2025: <\/strong><br \/>\n\u201eM\u016fj des\u00e1t\u00fd Dakar byla neskute\u010dn\u00e1 j\u00edzda, t\u011b\u017ek\u00fd Dakar, \u00fapln\u011b jin\u00fd ne\u017e ten lo\u0148sk\u00fd, ale n\u00e1dhern\u00fd. Nedopadlo to tak, jak jsme cht\u011bli, ale ka\u017edop\u00e1dn\u011b jsem m\u011bl letos nejlep\u0161\u00ed auto, jak\u00e9 jsem kdy m\u011bl. Shrek byl fatastick\u00fd s hodn\u011b rychl\u00fdm motorem a skv\u011bl\u00fdmi tlumi\u010di. Shrek, Viki i j\u00e1 jsme odvedli skv\u011bl\u00fd kus pr\u00e1ce a zlep\u0161ili jsme se hodn\u011b i v navigaci. Zrychlili jsme a jako trojka jsme par\u00e1dn\u00ed! M\u016fj t\u00fdm MP-Sport byl jako v\u017edy neskute\u010dn\u00fd. Na kolena n\u00e1s srazily dva technick\u00e9 probl\u00e9my s materi\u00e1lem, kter\u00e9 souvis\u00ed s t\u00edm, jak se cel\u00e9 auto zrychluje. Je mi to samoz\u0159ejm\u011b l\u00edto, proto\u017ee jsme m\u011bli chu\u0165 na n\u011bco lep\u0161\u00edho, to auto, pos\u00e1dka i cel\u00fd t\u00fdm jsme m\u011bli na v\u00edc. Mus\u00edme to zkusit za rok znovu! D\u011bkuji moc v\u0161em fanou\u0161k\u016fm jak tady na m\u00edst\u011b, tak t\u011bm na d\u00e1lku a na soci\u00e1ln\u00edch s\u00edt\u00edch!\u201c<\/p>\n<p><strong>Celkov\u00e9 v\u00fdsledky Rally Dakar 2025: <\/strong><br \/>\n1. Y. Al Rajhi (SAU) \/ T. Gottschalk (DEU) \u2013 OVERDRIVE RACING 52:52:15<br \/>\n2. H. Lategan (ZAF) \/ B. Cummings (ZAF) \u2013 TOYOTA GAZOO RACING +00:03:57<br \/>\n3. M. Ekstr\u00f6m (SWE) \/ E. Bergkvst (SWE) \u2013 FORD M-SPORT +00:20:21<br \/>\n11. M. Prokop (CZE) \/ V. Chytka (CZE) \u2013 ORLEN JIPOCAR TEAM +03:22:14<\/p>\n<p><iframe loading=\"lazy\"  id=\"_ytid_86558\"  width=\"640\" height=\"360\"  data-origwidth=\"640\" data-origheight=\"360\" src=\"https:\/\/www.youtube.com\/embed\/RVBtun8mVw4?enablejsapi=1&#038;autoplay=0&#038;cc_load_policy=0&#038;cc_lang_pref=&#038;iv_load_policy=1&#038;loop=0&#038;modestbranding=0&#038;rel=1&#038;fs=1&#038;playsinline=0&#038;autohide=2&#038;theme=dark&#038;color=red&#038;controls=1&#038;\" class=\"__youtube_prefs__  epyt-is-override  no-lazyload\" title=\"YouTube player\"  allow=\"accelerometer; autoplay; clipboard-write; encrypted-media; gyroscope; picture-in-picture\" allowfullscreen data-no-lazy=\"1\" data-skipgform_ajax_framebjll=\"\"><\/iframe><\/p>\n","protected":false},"excerpt":{"rendered":"<p>Posledn\u00ed dvan\u00e1ct\u00e1 etapa Dakaru obn\u00e1\u0161ela pouh\u00fdch 62 m\u011b\u0159en\u00fdch kilometr\u016f vst\u0159\u00edc bivaku v Shubaytah a po\u0159adatel\u00e9&#8230;<\/p>\n","protected":false},"author":1,"featured_media":10323,"comment_status":"closed","ping_status":"closed","sticky":false,"template":"","format":"standard","meta":{"footnotes":""},"categories":[19,66],"tags":[],"class_list":["post-10320","post","type-post","status-publish","format-standard","has-post-thumbnail","hentry","category-motorsport","category-video"],"_links":{"self":[{"href":"https:\/\/www.automakers.cz\/index.php?rest_route=\/wp\/v2\/posts\/10320","targetHints":{"allow":["GET"]}}],"collection":[{"href":"https:\/\/www.automakers.cz\/index.php?rest_route=\/wp\/v2\/posts"}],"about":[{"href":"https:\/\/www.automakers.cz\/index.php?rest_route=\/wp\/v2\/types\/post"}],"author":[{"embeddable":true,"href":"https:\/\/www.automakers.cz\/index.php?rest_route=\/wp\/v2\/users\/1"}],"replies":[{"embeddable":true,"href":"https:\/\/www.automakers.cz\/index.php?rest_route=%2Fwp%2Fv2%2Fcomments&post=10320"}],"version-history":[{"count":3,"href":"https:\/\/www.automakers.cz\/index.php?rest_route=\/wp\/v2\/posts\/10320\/revisions"}],"predecessor-version":[{"id":10324,"href":"https:\/\/www.automakers.cz\/index.php?rest_route=\/wp\/v2\/posts\/10320\/revisions\/10324"}],"wp:featuredmedia":[{"embeddable":true,"href":"https:\/\/www.automakers.cz\/index.php?rest_route=\/wp\/v2\/media\/10323"}],"wp:attachment":[{"href":"https:\/\/www.automakers.cz\/index.php?rest_route=%2Fwp%2Fv2%2Fmedia&parent=10320"}],"wp:term":[{"taxonomy":"category","embeddable":true,"href":"https:\/\/www.automakers.cz\/index.php?rest_route=%2Fwp%2Fv2%2Fcategories&post=10320"},{"taxonomy":"post_tag","embeddable":true,"href":"https:\/\/www.automakers.cz\/index.php?rest_route=%2Fwp%2Fv2%2Ftags&post=10320"}],"curies":[{"name":"wp","href":"https:\/\/api.w.org\/{rel}","templated":true}]}}