{"id":10350,"date":"2025-01-21T09:50:38","date_gmt":"2025-01-21T09:50:38","guid":{"rendered":"https:\/\/www.automakers.cz\/?p=10350"},"modified":"2025-01-21T09:50:38","modified_gmt":"2025-01-21T09:50:38","slug":"autodrom-most-chysta-modernizace","status":"publish","type":"post","link":"https:\/\/www.automakers.cz\/?p=10350","title":{"rendered":"Autodrom Most chyst\u00e1 modernizace"},"content":{"rendered":"<p><strong>S bl\u00ed\u017e\u00edc\u00edm se startem sez\u00f3ny pokra\u010duj\u00ed na Autodromu Most p\u0159\u00edpravy na dr\u00e1ze i v cel\u00e9m are\u00e1lu. Leto\u0161n\u00ed kalend\u00e1\u0159 slibuje Mistrovstv\u00ed sv\u011bta superbik\u016f (16.\u201318. kv\u011btna) i tradi\u010dn\u00ed Czech Truck Prix &amp; NASCAR (29.\u201331. srpna). Majitel are\u00e1lu Josef Zaj\u00ed\u010dek letos chyst\u00e1 \u0161est modernizac\u00ed.<br \/>\n<\/strong><!--more--><\/p>\n<p>Milovn\u00edci veter\u00e1n\u016f a historick\u00fdch voz\u016f si p\u0159ijdou na sv\u00e9 b\u011bhem stylov\u00e9 akce <a href=\"https:\/\/autodrom-mostcz.t.mailkit.eu\/PfNybCUA0ALTAvBAKCoUY2FpZGQxMTA1ZGlkX3QAY2xvY2VkYXRhMWF1Jz9odHRwczovL3d3dy5hdXRvZHJvbS1tb3N0LmN6L3RoZS0BDPBOLWNsYXNzaWMtaGlzdG8tY3VwLXAxODY5Mi9naWRfc2VuZCC3kugCYWVyaW5mb0BhdXRvbWFrZXJzLmN6YWFlY2xpY2tkY2hhbmVlbWFpbAGINGUg8a_chANlaWRfbGcABQfwXHVrMTM1NTQxMTE3MTRjY2lkZDk1NDdjbF9jJzZUaGUgTW9zdCBDTEFTU0lDIGEgesOhdm9kxa8gSGlzdG8gQ3VwICgzLuKAkzUuxZnDrWpuYSllaWRfdWwgotcFZQFoKHBpMTQ2NTcwNzc2BXEwYWo5NzI3MTQyODkyZgHJNG1kazIxNDU4OTY0NDkwARNMbXNnINGWCGJnYQFidHMgtNO5vAY\/cn0sCQnOH4SzU67RuBmORFhjtNktWCGU2j_UA0Ek_8Y\/click\" target=\"_blank\" rel=\"noopener noreferrer\">The Most CLASSIC a z\u00e1vod\u016f Histo Cup (3.\u20135.\u0159\u00edjna)<\/a>.<\/p>\n<p>Modernizace kter\u00e9 letos \u010dekaj\u00ed Autodrom Most:<\/p>\n<p><b>Nov\u00e9 ozvu\u010den\u00ed div\u00e1ck\u00e9ho svahu<\/b><\/p>\n<p>Pro lep\u0161\u00ed z\u00e1\u017eitek n\u00e1v\u0161t\u011bvn\u00edk\u016f p\u0159ipravuje Autodrom Most kompletn\u011b nov\u00fd syst\u00e9m ozvu\u010den\u00ed div\u00e1ck\u00e9ho svahu. Aktu\u00e1ln\u011b jsou dokon\u010deny v\u00fdkopov\u00e9 pr\u00e1ce a instalace kabel\u00e1\u017ee. Osazov\u00e1n\u00ed reproduktor\u016f prob\u011bhne a\u017e nastanou lep\u0161\u00ed pov\u011btrnostn\u00ed podm\u00ednky.<\/p>\n<p><img loading=\"lazy\" decoding=\"async\" class=\"alignnone size-medium wp-image-10355\" src=\"http:\/\/www.automakers.cz\/wp-content\/uploads\/2025\/01\/Autodrom-Most-ozvuceni-900x675.jpeg\" alt=\"\" width=\"900\" height=\"675\" srcset=\"https:\/\/www.automakers.cz\/wp-content\/uploads\/2025\/01\/Autodrom-Most-ozvuceni-900x675.jpeg 900w, https:\/\/www.automakers.cz\/wp-content\/uploads\/2025\/01\/Autodrom-Most-ozvuceni-1024x768.jpeg 1024w, https:\/\/www.automakers.cz\/wp-content\/uploads\/2025\/01\/Autodrom-Most-ozvuceni-768x576.jpeg 768w, https:\/\/www.automakers.cz\/wp-content\/uploads\/2025\/01\/Autodrom-Most-ozvuceni.jpeg 1280w\" sizes=\"auto, (max-width: 900px) 100vw, 900px\" \/><b>Opravy povrchu dr\u00e1hy<\/b><\/p>\n<p>Aby byla zaji\u0161t\u011bna \u0161pi\u010dkov\u00e1 kvalita povrchu i v nejv\u00edce nam\u00e1han\u00fdch \u00fasec\u00edch, prob\u011bhla na Autodromu Most oprava v zat\u00e1\u010dk\u00e1ch T1, T2, T7 a T21. Povrch je ji\u017e p\u0159ipraven, zb\u00fdv\u00e1 jen nalajnovat \u010d\u00e1ry, co\u017e se provede t\u011bsn\u011b p\u0159ed zah\u00e1jen\u00edm sez\u00f3ny.<\/p>\n<p><b>Bezpe\u010dnostn\u00ed bari\u00e9ry<\/b><\/p>\n<p>Instalace nov\u00fdch bari\u00e9r mezi zat\u00e1\u010dkami T8 a T12 zlep\u0161\u00ed bezpe\u010dnost a umo\u017en\u00ed novin\u00e1\u0159\u016fm bezpe\u010dn\u00fd p\u0159\u00edstup do dosud nep\u0159\u00edstupn\u00fdch oblast\u00ed. Prvn\u00ed \u010d\u00e1st od T8 do T11 je ji\u017e dokon\u010dena, mont\u00e1\u017e druh\u00e9 \u010d\u00e1sti pokra\u010duje.<\/p>\n<p><b>LED panely a modernizace optick\u00e9 s\u00edt\u011b<\/b><\/p>\n<p>Brzy budou na Autodromu Most nainstalov\u00e1ny nov\u00e9 LED panely v\u010detn\u011b startovac\u00edho za\u0159\u00edzen\u00ed a syst\u00e9mu LCS (Light Control System), kter\u00fd umo\u017en\u00ed informov\u00e1n\u00ed v\u00a0re\u00e1ln\u00e9m \u010dase. Sou\u010d\u00e1st\u00ed t\u011bchto prac\u00ed byla i rozs\u00e1hl\u00e1 revize a roz\u0161\u00ed\u0159en\u00ed optick\u00e9 s\u00edt\u011b, kter\u00e1 nyn\u00ed bude slou\u017eit nejen televizn\u00edm \u0161t\u00e1b\u016fm, ale i \u010dasom\u00ed\u0159e a dal\u0161\u00edm z\u00e1kazn\u00edk\u016fm. Syst\u00e9m je online p\u0159ipojen\u00fd ke\u00a0\u0161pan\u011blsk\u00e9mu dodavateli tak, aby bylo mo\u017en\u00e9 v p\u0159\u00edpad\u011b poruchy v\u0161e ihned vy\u0159e\u0161it. V kooperaci s kamerov\u00fdm syst\u00e9mem bude nov\u00fd syst\u00e9m moci tak\u00e9 efektivn\u011bji rozpozn\u00e1vat stroje p\u0159ekra\u010duj\u00edc\u00ed hlukov\u00e9 limity.<\/p>\n<p><b>Kamerov\u00fd syst\u00e9m<\/b><\/p>\n<p>Modernizace kamerov\u00e9ho syst\u00e9mu na Autodromu Most ve spolupr\u00e1ci s DAHUA a ICT-ONE zlep\u0161\u00ed stabilitu a rychlost p\u0159i zp\u011btn\u00e9m p\u0159ehr\u00e1v\u00e1n\u00ed incident\u016f, co\u017e podpo\u0159\u00ed schopnost sportovn\u00edch komisa\u0159\u016f spr\u00e1vn\u011b a rychle rozhodnout v p\u0159\u00edpad\u011b ohro\u017een\u00ed bezpe\u010dnosti, v\u00fdjezd\u016f ke zran\u011bn\u00edm nebo nap\u0159\u00edklad i p\u0159i poru\u0161en\u00ed pravidel. Aktualizace softwaru byla dokon\u010dena a nyn\u00ed prob\u00edh\u00e1 testov\u00e1n\u00ed.<\/p>\n<p><b>Nov\u00e9 \u010dasom\u011b\u0159i\u010dsk\u00e9 smy\u010dky<\/b><\/p>\n<p>V pr\u016fb\u011bhu \u00fanora budou na Autodromu Most instalov\u00e1ny dal\u0161\u00ed t\u0159i \u010dasom\u011b\u0159i\u010dsk\u00e9 smy\u010dky, kter\u00e9 zefektivn\u00ed kontrolu zpomalovac\u00edch retard\u00e9r\u016f, penaliza\u010dn\u00edho LongLapu a boxov\u00e9 uli\u010dky. Z\u00e1rove\u0148 prob\u011bhne modernizace a odhlu\u010dn\u011bn\u00ed m\u00edstnosti \u010dasom\u00edry.<\/p>\n<p>Autodrom Most se t\u011b\u0161\u00ed na zah\u00e1jen\u00ed sez\u00f3ny a v\u011b\u0159\u00ed, \u017ee tyto zm\u011bny p\u0159isp\u011bj\u00ed ke zkvalitn\u011bn\u00ed z\u00e1\u017eitku pro v\u0161echny n\u00e1v\u0161t\u011bvn\u00edky i \u00fa\u010dastn\u00edky akc\u00ed.<\/p>\n<p><strong>Zdroj: Radek Laube<\/strong><\/p>\n<p><img loading=\"lazy\" decoding=\"async\" class=\"alignnone size-medium wp-image-6415\" src=\"http:\/\/www.automakers.cz\/wp-content\/uploads\/2024\/08\/most-3-small-900x600.jpg\" alt=\"\" width=\"900\" height=\"600\" srcset=\"https:\/\/www.automakers.cz\/wp-content\/uploads\/2024\/08\/most-3-small-900x600.jpg 900w, https:\/\/www.automakers.cz\/wp-content\/uploads\/2024\/08\/most-3-small-1024x683.jpg 1024w, https:\/\/www.automakers.cz\/wp-content\/uploads\/2024\/08\/most-3-small-768x512.jpg 768w, https:\/\/www.automakers.cz\/wp-content\/uploads\/2024\/08\/most-3-small-1536x1024.jpg 1536w, https:\/\/www.automakers.cz\/wp-content\/uploads\/2024\/08\/most-3-small.jpg 2048w\" sizes=\"auto, (max-width: 900px) 100vw, 900px\" \/><\/p>\n","protected":false},"excerpt":{"rendered":"<p>S bl\u00ed\u017e\u00edc\u00edm se startem sez\u00f3ny pokra\u010duj\u00ed na Autodromu Most p\u0159\u00edpravy na dr\u00e1ze i v cel\u00e9m&#8230;<\/p>\n","protected":false},"author":1,"featured_media":10354,"comment_status":"closed","ping_status":"closed","sticky":false,"template":"","format":"standard","meta":{"footnotes":""},"categories":[3,19],"tags":[],"class_list":["post-10350","post","type-post","status-publish","format-standard","has-post-thumbnail","hentry","category-investice","category-motorsport"],"_links":{"self":[{"href":"https:\/\/www.automakers.cz\/index.php?rest_route=\/wp\/v2\/posts\/10350","targetHints":{"allow":["GET"]}}],"collection":[{"href":"https:\/\/www.automakers.cz\/index.php?rest_route=\/wp\/v2\/posts"}],"about":[{"href":"https:\/\/www.automakers.cz\/index.php?rest_route=\/wp\/v2\/types\/post"}],"author":[{"embeddable":true,"href":"https:\/\/www.automakers.cz\/index.php?rest_route=\/wp\/v2\/users\/1"}],"replies":[{"embeddable":true,"href":"https:\/\/www.automakers.cz\/index.php?rest_route=%2Fwp%2Fv2%2Fcomments&post=10350"}],"version-history":[{"count":5,"href":"https:\/\/www.automakers.cz\/index.php?rest_route=\/wp\/v2\/posts\/10350\/revisions"}],"predecessor-version":[{"id":10357,"href":"https:\/\/www.automakers.cz\/index.php?rest_route=\/wp\/v2\/posts\/10350\/revisions\/10357"}],"wp:featuredmedia":[{"embeddable":true,"href":"https:\/\/www.automakers.cz\/index.php?rest_route=\/wp\/v2\/media\/10354"}],"wp:attachment":[{"href":"https:\/\/www.automakers.cz\/index.php?rest_route=%2Fwp%2Fv2%2Fmedia&parent=10350"}],"wp:term":[{"taxonomy":"category","embeddable":true,"href":"https:\/\/www.automakers.cz\/index.php?rest_route=%2Fwp%2Fv2%2Fcategories&post=10350"},{"taxonomy":"post_tag","embeddable":true,"href":"https:\/\/www.automakers.cz\/index.php?rest_route=%2Fwp%2Fv2%2Ftags&post=10350"}],"curies":[{"name":"wp","href":"https:\/\/api.w.org\/{rel}","templated":true}]}}