{"id":10358,"date":"2025-01-22T09:40:08","date_gmt":"2025-01-22T09:40:08","guid":{"rendered":"https:\/\/www.automakers.cz\/?p=10358"},"modified":"2025-01-22T09:40:08","modified_gmt":"2025-01-22T09:40:08","slug":"skoda-zahajila-vyrobu-elektrickeho-elroqu","status":"publish","type":"post","link":"https:\/\/www.automakers.cz\/?p=10358","title":{"rendered":"\u0160koda zah\u00e1jila v\u00fdrobu elektrick\u00e9ho Elroqu"},"content":{"rendered":"<p><strong> \u0160koda Auto ve sv\u00e9m hlavn\u00edm z\u00e1vod\u011b v Mlad\u00e9 Boleslavi spustila s\u00e9riovou v\u00fdrobu nov\u00e9ho elektromobilu Elroq. V\u00fdroba kompaktn\u00edho SUV bude prob\u00edhat na flexibiln\u00ed lince po boku model\u016f \u0160koda Enyaq a Octavia.<\/strong> <!--more--><\/p>\n<p>Aby byla dosa\u017eena v\u00fdrobn\u00ed kapacita 600 voz\u016f Elroq denn\u011b, do\u0161lo vloni k p\u0159esunut\u00ed \u010d\u00e1sti produkce modelu Octavia do z\u00e1vodu v Kvasin\u00e1ch. Elroq p\u0159edstavuje jednu z nejv\u00fdhodn\u011bj\u0161\u00edch nab\u00eddek ve sv\u00e9 t\u0159\u00edd\u011b na evropsk\u00fdch trz\u00edch a na mnoha z nich je cenou pln\u011b srovnateln\u00fd se sv\u00fdm prot\u011bj\u0161kem se spalovac\u00edm motorem. V\u016fz sd\u00edl\u00ed platformu MEB s modelem Enyaq, kter\u00fd se vloni stal jedn\u00edm z nej\u017e\u00e1dan\u011bj\u0161\u00edch elektromobil\u016f v Evrop\u011b.<\/p>\n<p>Andreas Dick, \u010dlen p\u0159edstavenstva spole\u010dnosti \u0160koda Auto pro oblast V\u00fdroby a logistiky: \u201eZah\u00e1jen\u00ed v\u00fdroby nov\u00e9ho kompaktn\u00edho SUV Elroq v na\u0161em hlavn\u00edm z\u00e1vod\u011b je velk\u00fdm \u00fasp\u011bchem pro cel\u00fd kolektiv. R\u00e1d bych pod\u011bkoval v\u0161em koleg\u016fm za jejich nasazen\u00ed p\u0159i p\u0159\u00edprav\u011b tohoto miln\u00edku. Sd\u00edlen\u00ed linky s elektrick\u00fdm sourozencem, nov\u00fdm modelem Enyaq, vytv\u00e1\u0159\u00ed spolu s m\u00edstn\u00ed v\u00fdrobou bateriov\u00fdch syst\u00e9m\u016f pro platformu MEB v\u00fdznamn\u00e9 synergie ve v\u00fdrob\u011b a efektivit\u011b n\u00e1klad\u016f, z \u010deho\u017e v kone\u010dn\u00e9m d\u016fsledku profituj\u00ed na\u0161i z\u00e1kazn\u00edci. V\u00fdrobou tohoto kl\u00ed\u010dov\u00e9ho modelu v na\u0161\u00ed centr\u00e1le potvrzujeme strategickou roli mladoboleslavsk\u00e9ho z\u00e1vodu, kter\u00fd je skute\u010dn\u00fdm srdcem na\u0161\u00ed zna\u010dky.\u201c<\/p>\n<p><strong> V\u00fdroba na ojedin\u011bl\u00e9 flexibiln\u00ed lince <\/strong><br \/>\nZcela nov\u00e1 \u0160koda Elroq se vyr\u00e1b\u00ed v hlavn\u00edm z\u00e1vod\u011b \u010desk\u00e9 automobilky v Mlad\u00e9 Boleslavi \u2013 v jedin\u00e9m evropsk\u00e9m z\u00e1vod\u011b koncernu Volkswagen, v n\u011bm\u017e sou\u010dasn\u011b vznikaj\u00ed automobily Octavia se spalovac\u00edmi motory (na modul\u00e1rn\u00ed platform\u011b MQB) a ned\u00e1vno modernizovan\u00fd pln\u011b elektrick\u00fd Enyaq (na platform\u011b MEB). Toto strategick\u00e9 rozhodnut\u00ed umo\u017e\u0148uje z\u00e1vodu rychle se<br \/>\np\u0159izp\u016fsobit zm\u011bn\u00e1m v popt\u00e1vce z\u00e1kazn\u00edk\u016f.<\/p>\n<p>Pro zaji\u0161t\u011bn\u00ed v\u00fdrobn\u00ed kapacity byla b\u011bhem roku 2024 v\u00fdroba modelu Octavia z\u010d\u00e1sti p\u0159enesena do z\u00e1vodu v Kvasin\u00e1ch. V Mlad\u00e9 Boleslavi tak m\u016f\u017ee denn\u011b vzniknout a\u017e 600 voz\u016f Elroq.<\/p>\n<p>Pro tyto modely na platform\u011b MEB se v z\u00e1vod\u011b \u0160koda Auto v Mlad\u00e9 Boleslavi vyr\u00e1b\u011bj\u00ed tak\u00e9 bateriov\u00e9 syst\u00e9my. Vedle nov\u00e9ho modelu Elroq a modernizovan\u00e9ho vozu Enyaq stejn\u00e9 trak\u010dn\u00ed akumul\u00e1tory pou\u017e\u00edvaj\u00ed i dal\u0161\u00ed elektromobily koncernu Volkswagen. Vloni v prosinci zde automobilka vyrobila ji\u017e miliont\u00fd bateriov\u00fd syst\u00e9m.<\/p>\n<p><strong>Kompaktn\u00ed SUV Elroq: strategicky v\u00fdznamn\u00fd model v nab\u00eddce <\/strong><br \/>\n\u0160koda Elroq je prvn\u00edm pln\u011b elektrick\u00fdm modelem zna\u010dky \u0160koda ve strategicky d\u016fle\u017eit\u00e9m segmentu kompaktn\u00edch SUV a v\u016fz jako prvn\u00ed pou\u017e\u00edv\u00e1 nov\u00fd designov\u00fd jazyk \u0160koda Modern Solid. Sou\u010dasn\u011b je to jeden z cenov\u011b nejdostupn\u011bj\u0161\u00edch elektromobil\u016f ve sv\u00e9m segmentu na trhu, kter\u00fd se v \u010cR prod\u00e1v\u00e1 za konkurenceschopnou z\u00e1kladn\u00ed cenu 799 000 K\u010d v\u010detn\u011b DPH a v Evrop\u011b za \u010d\u00e1stky kolem 33 000 eur (p\u0159ed p\u0159\u00edpadn\u00fdmi st\u00e1tn\u00edmi pob\u00eddkami).<\/p>\n<p>V\u00fdhodnost vynik\u00e1 zvl\u00e1\u0161t\u011b s ohledem na kapacity baterie a rozs\u00e1hlou standardn\u00ed v\u00fdbavu. \u0160koda Auto nab\u00edz\u00ed model Elroq na mnoha trz\u00edch za srovnateln\u00e9 ceny jako jeho prot\u011bj\u0161ek se spalovac\u00edm motorem a t\u00edm napl\u0148uje sv\u016fj z\u00e1m\u011br nab\u00eddnout z\u00e1kazn\u00edk\u016fm svobodnou volbu a to nejlep\u0161\u00ed z obou typ\u016f pohonn\u00fdch jednotek. V\u00edce informac\u00ed o v\u00fdhod\u00e1ch elektromobil\u016f je k dispozici na port\u00e1le koncernu Volkswagen\u201c o e-mobilit\u011b \u201eEnter Electric!\u201c.<\/p>\n<p>Model Elroq je k dispozici se t\u0159emi velikostmi baterie a v r\u016fzn\u00fdch v\u00fdkonov\u00fdch verz\u00edch. Syst\u00e9mov\u00fd v\u00fdkon \u010din\u00ed 125 a\u017e 210 kW, kapacita trak\u010dn\u00edho akumul\u00e1toru \u010din\u00ed a\u017e 82 kWh (vyu\u017eiteln\u00fdch 77 kWh). Proveden\u00ed Elroq 85 m\u016f\u017ee dos\u00e1hnout maxim\u00e1ln\u00edho dojezdu a\u017e 581 km v re\u017eimu WLTP. Dobit\u00ed z 10 % na 80 % kapacity prob\u011bhne podle baterie ji\u017e za 25 a\u017e 28 minut. Popt\u00e1vka po zcela nov\u00e9m modelu \u0160koda Elroq je vysok\u00e1, do konce roku automobilka zaregistrovala p\u0159es 20 000 z\u00e1vazn\u00fdch objedn\u00e1vek.<\/p>\n<p><strong>Zdroj: \u0160koda, Tom\u00e1\u0161 Kotera<\/strong><\/p>\n<p><img loading=\"lazy\" decoding=\"async\" class=\"alignnone size-medium wp-image-9723\" src=\"http:\/\/www.automakers.cz\/wp-content\/uploads\/2024\/12\/Skoda-Gram-Kotera-Elroq-900x506.jpg\" alt=\"\" width=\"900\" height=\"506\" srcset=\"https:\/\/www.automakers.cz\/wp-content\/uploads\/2024\/12\/Skoda-Gram-Kotera-Elroq-900x506.jpg 900w, https:\/\/www.automakers.cz\/wp-content\/uploads\/2024\/12\/Skoda-Gram-Kotera-Elroq-1024x576.jpg 1024w, https:\/\/www.automakers.cz\/wp-content\/uploads\/2024\/12\/Skoda-Gram-Kotera-Elroq-768x432.jpg 768w, https:\/\/www.automakers.cz\/wp-content\/uploads\/2024\/12\/Skoda-Gram-Kotera-Elroq-1536x864.jpg 1536w, https:\/\/www.automakers.cz\/wp-content\/uploads\/2024\/12\/Skoda-Gram-Kotera-Elroq-1280x720.jpg 1280w, https:\/\/www.automakers.cz\/wp-content\/uploads\/2024\/12\/Skoda-Gram-Kotera-Elroq.jpg 2040w\" sizes=\"auto, (max-width: 900px) 100vw, 900px\" \/><\/p>\n","protected":false},"excerpt":{"rendered":"<p>\u0160koda Auto ve sv\u00e9m hlavn\u00edm z\u00e1vod\u011b v Mlad\u00e9 Boleslavi spustila s\u00e9riovou v\u00fdrobu nov\u00e9ho elektromobilu Elroq&#8230;.<\/p>\n","protected":false},"author":1,"featured_media":10360,"comment_status":"closed","ping_status":"closed","sticky":false,"template":"","format":"standard","meta":{"footnotes":""},"categories":[9,18],"tags":[],"class_list":["post-10358","post","type-post","status-publish","format-standard","has-post-thumbnail","hentry","category-elektromobily","category-vyroba"],"_links":{"self":[{"href":"https:\/\/www.automakers.cz\/index.php?rest_route=\/wp\/v2\/posts\/10358","targetHints":{"allow":["GET"]}}],"collection":[{"href":"https:\/\/www.automakers.cz\/index.php?rest_route=\/wp\/v2\/posts"}],"about":[{"href":"https:\/\/www.automakers.cz\/index.php?rest_route=\/wp\/v2\/types\/post"}],"author":[{"embeddable":true,"href":"https:\/\/www.automakers.cz\/index.php?rest_route=\/wp\/v2\/users\/1"}],"replies":[{"embeddable":true,"href":"https:\/\/www.automakers.cz\/index.php?rest_route=%2Fwp%2Fv2%2Fcomments&post=10358"}],"version-history":[{"count":2,"href":"https:\/\/www.automakers.cz\/index.php?rest_route=\/wp\/v2\/posts\/10358\/revisions"}],"predecessor-version":[{"id":10361,"href":"https:\/\/www.automakers.cz\/index.php?rest_route=\/wp\/v2\/posts\/10358\/revisions\/10361"}],"wp:featuredmedia":[{"embeddable":true,"href":"https:\/\/www.automakers.cz\/index.php?rest_route=\/wp\/v2\/media\/10360"}],"wp:attachment":[{"href":"https:\/\/www.automakers.cz\/index.php?rest_route=%2Fwp%2Fv2%2Fmedia&parent=10358"}],"wp:term":[{"taxonomy":"category","embeddable":true,"href":"https:\/\/www.automakers.cz\/index.php?rest_route=%2Fwp%2Fv2%2Fcategories&post=10358"},{"taxonomy":"post_tag","embeddable":true,"href":"https:\/\/www.automakers.cz\/index.php?rest_route=%2Fwp%2Fv2%2Ftags&post=10358"}],"curies":[{"name":"wp","href":"https:\/\/api.w.org\/{rel}","templated":true}]}}