{"id":10365,"date":"2025-01-22T10:07:39","date_gmt":"2025-01-22T10:07:39","guid":{"rendered":"https:\/\/www.automakers.cz\/?p=10365"},"modified":"2025-01-22T10:08:56","modified_gmt":"2025-01-22T10:08:56","slug":"autowallis-kupuje-milan-kral-group","status":"publish","type":"post","link":"https:\/\/www.automakers.cz\/?p=10365","title":{"rendered":"AutoWallis kupuje Milan Kr\u00e1l Group"},"content":{"rendered":"<p><strong><b>AutoWallis dokon\u010dila akvizici Milan Kr\u00e1l Group, \u010desk\u00e9 dealersk\u00e9 skupiny. <\/b>Transakce p\u0159edstavuje dosud nejv\u011bt\u0161\u00ed n\u00e1kup skupiny AutoWallis a pos\u00edl\u00ed jej\u00ed pozici jako region\u00e1ln\u00edho prodejce automobil\u016f. Cena investice nen\u00ed ve\u0159ejn\u00e1.<br \/>\n<\/strong><!--more--><\/p>\n<p>Portfolio AutoWallis se roz\u0161\u00ed\u0159\u00ed o nov\u00e9 zna\u010dky (Mercedes-Benz, Ford) a aktivity (prodej a servis n\u00e1kladn\u00edch voz\u016f Mercedes-Benz Truck LGV).<\/p>\n<p>Milan Kr\u00e1l Group se specializuje na prodej a opravy zna\u010dek BMW, Mercedes-Benz, Mercedes-Benz Truck a Ford. Je tak\u00e9 autorizovan\u00fdm servisem zna\u010dky Opel, nab\u00edz\u00ed ojet\u00e9 vozy p\u0159es platformu auto.pro.Tebe a provozuje karos\u00e1rnu a lakovnu.<\/p>\n<p>Transakce byla \u00fasp\u011b\u0161n\u011b uzav\u0159ena 18. prosince 2024. Hodnota transakce nebyla po dohod\u011b stran zve\u0159ejn\u011bna.<\/p>\n<p><strong>Akvizici \u0159\u00eddila poradensk\u00e1 Dentons<\/strong><\/p>\n<p>Poradensk\u00fd t\u00fdm Dentons vedli p\u0159i akvizici finan\u010dn\u00ed poradce M\u00e1rk V\u00e1czi (Budape\u0161\u0165), partner David \u0160imek, seniorn\u00ed advok\u00e1t Jan Gerych a advok\u00e1tn\u00ed koncipient David Ulvr (v\u0161ichni z Prahy).<\/p>\n<p>T\u00fdm AutoWallis vedli G\u00e1bor Ormosy (CEO), Ferenc V\u00e1clav\u00edk (CFO), P\u00e9ter Antal (Retail Business Unit Director), Zsuzsa Erdei (M&amp;A Manager), Bence Pint\u00e9r (M&amp;A Expert) a Zolt\u00e1n Pataki (Group Legal Director).<\/p>\n<p>\u201eJsme nad\u0161eni z\u00a0\u00fasp\u011b\u0161n\u00e9ho dokon\u010den\u00ed t\u00e9to kl\u00ed\u010dov\u00e9 akvizice, kter\u00e1 dokonale zapad\u00e1 do na\u0161\u00ed strategie expanze na st\u0159edoevropsk\u00e9m trhu. D\u011bkujeme Dentons za podporu,\u201c uvedl Zolt\u00e1n Pataki, Group Legal Director z AutoWallis.<\/p>\n<p>\u201eJsme poct\u011bni, \u017ee t\u00fdm finan\u010dn\u00edho poradenstv\u00ed Dentons v Budape\u0161ti a pr\u00e1vn\u00ed t\u00fdm v Praze sehr\u00e1ly kl\u00ed\u010dovou roli v t\u00e9to v\u00fdznamn\u00e9 transakci. Klient\u016fm poskytujeme \u0161pi\u010dkov\u00e9 pr\u00e1vn\u00ed a finan\u010dn\u00ed poradensk\u00e9 slu\u017eby p\u0159i p\u0159eshrani\u010dn\u00edch transakc\u00ed. D\u011bkujeme spole\u010dnosti AutoWallis za mo\u017enost pod\u00edlet se na t\u00e9to transforma\u010dn\u00ed akvizici a podpo\u0159it jej\u00ed r\u016fstov\u00e9 ambice,\u201c poznamenal M\u00e1rk V\u00e1czi.<\/p>\n<p>David \u0160imek dodal: \u201eJsme hrd\u00ed na to, \u017ee jsme mohli podpo\u0159it spole\u010dnost AutoWallis p\u0159i realizaci t\u00e9to komplexn\u00ed p\u0159eshrani\u010dn\u00ed transakce a pomoci j\u00ed tak dos\u00e1hnout strategick\u00fdch c\u00edl\u016f. Bylo n\u00e1m ct\u00ed spolupracovat s jej\u00edm t\u00fdmem na t\u00e9to p\u0159elomov\u00e9 transakci.\u201c<\/p>\n<p><strong>AutoWalllis ned\u00e1vno zakoupila tak\u00e9 \u010d\u00e1st byznysu dealerstv\u00ed BMW NC Auto, bude ho \u0161\u00e9fovat Daniel Harant.<\/strong><\/p>\n<p><img loading=\"lazy\" decoding=\"async\" class=\"alignnone size-medium wp-image-9699\" src=\"http:\/\/www.automakers.cz\/wp-content\/uploads\/2024\/12\/Wallis-Harant-900x506.jpg\" alt=\"\" width=\"900\" height=\"506\" srcset=\"https:\/\/www.automakers.cz\/wp-content\/uploads\/2024\/12\/Wallis-Harant-900x506.jpg 900w, https:\/\/www.automakers.cz\/wp-content\/uploads\/2024\/12\/Wallis-Harant-1024x576.jpg 1024w, https:\/\/www.automakers.cz\/wp-content\/uploads\/2024\/12\/Wallis-Harant-768x432.jpg 768w, https:\/\/www.automakers.cz\/wp-content\/uploads\/2024\/12\/Wallis-Harant-1536x864.jpg 1536w, https:\/\/www.automakers.cz\/wp-content\/uploads\/2024\/12\/Wallis-Harant-1280x720.jpg 1280w, https:\/\/www.automakers.cz\/wp-content\/uploads\/2024\/12\/Wallis-Harant.jpg 2040w\" sizes=\"auto, (max-width: 900px) 100vw, 900px\" \/><\/p>\n<p><strong>Zdroj: Dentons, archiv<\/strong><\/p>\n","protected":false},"excerpt":{"rendered":"<p>AutoWallis dokon\u010dila akvizici Milan Kr\u00e1l Group, \u010desk\u00e9 dealersk\u00e9 skupiny. Transakce p\u0159edstavuje dosud nejv\u011bt\u0161\u00ed n\u00e1kup skupiny&#8230;<\/p>\n","protected":false},"author":1,"featured_media":9700,"comment_status":"closed","ping_status":"closed","sticky":false,"template":"","format":"standard","meta":{"footnotes":""},"categories":[17,3,31],"tags":[],"class_list":["post-10365","post","type-post","status-publish","format-standard","has-post-thumbnail","hentry","category-dealeri","category-investice","category-news"],"_links":{"self":[{"href":"https:\/\/www.automakers.cz\/index.php?rest_route=\/wp\/v2\/posts\/10365","targetHints":{"allow":["GET"]}}],"collection":[{"href":"https:\/\/www.automakers.cz\/index.php?rest_route=\/wp\/v2\/posts"}],"about":[{"href":"https:\/\/www.automakers.cz\/index.php?rest_route=\/wp\/v2\/types\/post"}],"author":[{"embeddable":true,"href":"https:\/\/www.automakers.cz\/index.php?rest_route=\/wp\/v2\/users\/1"}],"replies":[{"embeddable":true,"href":"https:\/\/www.automakers.cz\/index.php?rest_route=%2Fwp%2Fv2%2Fcomments&post=10365"}],"version-history":[{"count":1,"href":"https:\/\/www.automakers.cz\/index.php?rest_route=\/wp\/v2\/posts\/10365\/revisions"}],"predecessor-version":[{"id":10366,"href":"https:\/\/www.automakers.cz\/index.php?rest_route=\/wp\/v2\/posts\/10365\/revisions\/10366"}],"wp:featuredmedia":[{"embeddable":true,"href":"https:\/\/www.automakers.cz\/index.php?rest_route=\/wp\/v2\/media\/9700"}],"wp:attachment":[{"href":"https:\/\/www.automakers.cz\/index.php?rest_route=%2Fwp%2Fv2%2Fmedia&parent=10365"}],"wp:term":[{"taxonomy":"category","embeddable":true,"href":"https:\/\/www.automakers.cz\/index.php?rest_route=%2Fwp%2Fv2%2Fcategories&post=10365"},{"taxonomy":"post_tag","embeddable":true,"href":"https:\/\/www.automakers.cz\/index.php?rest_route=%2Fwp%2Fv2%2Ftags&post=10365"}],"curies":[{"name":"wp","href":"https:\/\/api.w.org\/{rel}","templated":true}]}}