{"id":10385,"date":"2025-01-23T07:54:45","date_gmt":"2025-01-23T07:54:45","guid":{"rendered":"https:\/\/www.automakers.cz\/?p=10385"},"modified":"2025-01-23T08:04:40","modified_gmt":"2025-01-23T08:04:40","slug":"citroen-faceliftoval-hatchback-c4","status":"publish","type":"post","link":"https:\/\/www.automakers.cz\/?p=10385","title":{"rendered":"Faceliftovan\u00fd Citro\u00ebn C4 m\u00e1 \u010deskou cenu"},"content":{"rendered":"<p><strong>Citro\u00ebn vyu\u017eil pa\u0159\u00ed\u017esk\u00fd autosalon k uveden\u00ed sv\u011btov\u00e9 premi\u00e9ry nov\u00fdch model\u016f C4 a C4 X, kter\u00fdmi modernizuje svou \u0159adu hatchback\u016f segmentu C. V\u016fz m\u00e1 prvn\u00ed cenovku 519 900 K\u010d za Hybrid 100 \u00eb-DCS6.\u00a0<\/strong><!--more--><\/p>\n<p>B\u011bhem jednoho roku Citro\u00ebn obm\u011bnil svou \u0159adu u\u017eitkov\u00fdch voz\u016f, zmodernizoval vozy Berlingo a SpaceTourer, d\u00edky nab\u00eddce Nov\u00e9 C3 a C3 Aircross m\u011bn\u00ed tv\u00e1\u0159 segmentu B a chyst\u00e1 se znovu uv\u00e9st na trh 2 hlavn\u00ed modely v segmentu C.<\/p>\n<p>Citro\u00ebn C4, kter\u00fd byl uveden na trh koncem roku 2020, se v 1. pololet\u00ed roku 2024 za\u0159adil s p\u0159ihl\u00e9dnut\u00edm ke v\u0161em druh\u016fm pohonu na 2. m\u00edsto v Evrop\u011b na trhu kompaktn\u00edch hatchback\u016f segmentu C, hned za nej\u00fasp\u011b\u0161n\u011bj\u0161\u00ed model Golf. Dostupn\u00fd a v\u0161estrann\u00fd v\u016fz, kter\u00fd umo\u017e\u0148uje z\u00e1kazn\u00edk\u016fm naj\u00edt si nab\u00eddku nejl\u00e9pe odpov\u00eddaj\u00edc\u00ed jejich pot\u0159eb\u00e1m, se rovn\u011b\u017e \u0159ad\u00ed na 3. m\u00edsto na trhu s vozy se spalovac\u00edm motorem. Tento pr\u016fkopn\u00edk na trhu elektromobil\u016f segmentu C je dodnes v prvn\u00ed p\u011btce s dob\u0159e vylad\u011bnou nab\u00eddkou, kter\u00e1 je cenov\u011b dostupn\u00e1 a z\u00e1rove\u0148 efektivn\u00ed.<\/p>\n<p>Citro\u00ebn C4 X, kter\u00fd byl uveden na trh v roce 2023, zaznamenal dobr\u00fd start na sv\u00e9m preferovan\u00e9m trhu, na Bl\u00edzk\u00e9m v\u00fdchod\u011b, a to zejm\u00e9na v Turecku. Jeho modernizace urychl\u00ed jeho roz\u0161\u00ed\u0159en\u00ed a v\u00edce ne\u017e kdy jindy bude p\u0159edstavovat velkou p\u0159\u00edle\u017eitost i pro Evropu.<\/p>\n<p><img loading=\"lazy\" decoding=\"async\" class=\"alignnone size-medium wp-image-10387\" src=\"http:\/\/www.automakers.cz\/wp-content\/uploads\/2025\/01\/Citroen-C4-2-900x675.jpg\" alt=\"\" width=\"900\" height=\"675\" srcset=\"https:\/\/www.automakers.cz\/wp-content\/uploads\/2025\/01\/Citroen-C4-2-900x675.jpg 900w, https:\/\/www.automakers.cz\/wp-content\/uploads\/2025\/01\/Citroen-C4-2-1024x768.jpg 1024w, https:\/\/www.automakers.cz\/wp-content\/uploads\/2025\/01\/Citroen-C4-2-768x576.jpg 768w, https:\/\/www.automakers.cz\/wp-content\/uploads\/2025\/01\/Citroen-C4-2-1536x1152.jpg 1536w, https:\/\/www.automakers.cz\/wp-content\/uploads\/2025\/01\/Citroen-C4-2-2048x1536.jpg 2048w\" sizes=\"auto, (max-width: 900px) 100vw, 900px\" \/>Modely C4 a C4 X dnes proch\u00e1zej\u00ed z\u00e1sadn\u00edmi zm\u011bnami, z\u00edsk\u00e1vaj\u00ed na vysp\u011blosti a charakteru a z\u00e1rove\u0148 stav\u00ed na sv\u00fdch historick\u00fdch p\u0159ednostech, jako je komfort a prostornost interi\u00e9ru. Zachovaly si ve sv\u00fdch segmentech vlastn\u00ed identitu op\u00edraj\u00edc\u00ed se o koncepci, kter\u00e1 propojuje r\u016fzn\u00e9 automobilov\u00e9 sv\u011bty, a z\u00e1rove\u0148 m\u011bn\u00ed sv\u016fj p\u0159\u00edstup, nab\u00edzej\u00ed v\u011bt\u0161\u00ed plynulost, vyv\u00e1\u017eenost a homogenitu. Zna\u010dka tak reaguje na o\u010dek\u00e1v\u00e1n\u00ed z\u00e1kazn\u00edk\u016f v tomto segmentu, kte\u0159\u00ed hledaj\u00ed v\u00edce jednoduchosti a nap\u011bt\u00ed, a to modelem, kter\u00fd l\u00e9pe sed\u00ed na silnici.<\/p>\n<p>U obou model\u016f se m\u011bn\u00ed p\u0159edn\u00ed \u010d\u00e1st, kter\u00e1 zahrnuje nov\u00e9 logo a novou identitu zna\u010dky. U modelu C4 do\u0161lo ke zm\u011bn\u011b i zadn\u00ed \u010d\u00e1sti, kter\u00e1 z\u00edskala \u010dist\u0161\u00ed a stabiln\u011bj\u0161\u00ed vzhled, zat\u00edmco C4 X si zachov\u00e1v\u00e1 ji\u017e tak atraktivn\u00ed design fastbacku.<\/p>\n<p>Posun je doprov\u00e1zen zv\u00fd\u0161en\u00edm komfortu na palub\u011b, kde byla pou\u017eita nov\u00e1 p\u0159epracovan\u00e1 sedadla Citro\u00ebn Advanced Comfort\u00ae a nov\u00fd 7&#8243; digit\u00e1ln\u00ed p\u0159\u00edstrojov\u00fd panel, kter\u00fd dopl\u0148uje 10&#8243; dotykov\u00fd displej. D\u016fle\u017eit\u00e9 je rovn\u011b\u017e odpru\u017een\u00ed Citro\u00ebn Advanced Comfort\u00ae, velkorys\u00fd prostor na v\u0161ech sedadlech a t\u00e9m\u011b\u0159 20 technologi\u00ed asisten\u010dn\u00edch syst\u00e9m\u016f, kter\u00e9 jsou skute\u010dn\u011b u\u017eite\u010dn\u00e9 p\u0159i ka\u017edodenn\u00edm \u0159\u00edzen\u00ed. Je z\u0159ejm\u00e9, \u017ee j\u00edzda ve voze C4 nebo C4 X p\u0159inese klidn\u00fd z\u00e1\u017eitek, kter\u00fd nem\u00e1 na trhu obdoby.<\/p>\n<p>V Evrop\u011b tuto zm\u011bnu doprov\u00e1z\u00ed nab\u00eddka motor\u016f, kter\u00e1 klade d\u016fraz na elektrifikaci a z\u00e1kazn\u00edk\u016fm umo\u017e\u0148uje sn\u00ed\u017eit emise CO2 a optimalizovat rozpo\u010det. Vedle osv\u011bd\u010den\u00fdch elektrick\u00fdch verz\u00ed 100 a 115 kW si z\u00e1kazn\u00edci budou moci vybrat z nov\u00fdch verz\u00ed Hybrid 100 a 136. V z\u00e1vislosti na trhu bude k dispozici tak\u00e9 benzinov\u00fd motor PureTech 130 EAT8 o objemu 1,2 litru, aby nab\u00eddka vyhovovala individu\u00e1ln\u00edm pot\u0159eb\u00e1m z\u00e1kazn\u00edk\u016f.<\/p>\n<p><img loading=\"lazy\" decoding=\"async\" class=\"alignnone size-medium wp-image-10388\" src=\"http:\/\/www.automakers.cz\/wp-content\/uploads\/2025\/01\/Citroen-C4-3-900x675.jpg\" alt=\"\" width=\"900\" height=\"675\" srcset=\"https:\/\/www.automakers.cz\/wp-content\/uploads\/2025\/01\/Citroen-C4-3-900x675.jpg 900w, https:\/\/www.automakers.cz\/wp-content\/uploads\/2025\/01\/Citroen-C4-3-1024x768.jpg 1024w, https:\/\/www.automakers.cz\/wp-content\/uploads\/2025\/01\/Citroen-C4-3-768x576.jpg 768w, https:\/\/www.automakers.cz\/wp-content\/uploads\/2025\/01\/Citroen-C4-3.jpg 1280w\" sizes=\"auto, (max-width: 900px) 100vw, 900px\" \/><\/p>\n","protected":false},"excerpt":{"rendered":"<p>Citro\u00ebn vyu\u017eil pa\u0159\u00ed\u017esk\u00fd autosalon k uveden\u00ed sv\u011btov\u00e9 premi\u00e9ry nov\u00fdch model\u016f C4 a C4 X, kter\u00fdmi&#8230;<\/p>\n","protected":false},"author":2,"featured_media":10386,"comment_status":"closed","ping_status":"closed","sticky":false,"template":"","format":"standard","meta":{"footnotes":""},"categories":[13,8],"tags":[],"class_list":["post-10385","post","type-post","status-publish","format-standard","has-post-thumbnail","hentry","category-design","category-vystavy"],"_links":{"self":[{"href":"https:\/\/www.automakers.cz\/index.php?rest_route=\/wp\/v2\/posts\/10385","targetHints":{"allow":["GET"]}}],"collection":[{"href":"https:\/\/www.automakers.cz\/index.php?rest_route=\/wp\/v2\/posts"}],"about":[{"href":"https:\/\/www.automakers.cz\/index.php?rest_route=\/wp\/v2\/types\/post"}],"author":[{"embeddable":true,"href":"https:\/\/www.automakers.cz\/index.php?rest_route=\/wp\/v2\/users\/2"}],"replies":[{"embeddable":true,"href":"https:\/\/www.automakers.cz\/index.php?rest_route=%2Fwp%2Fv2%2Fcomments&post=10385"}],"version-history":[{"count":5,"href":"https:\/\/www.automakers.cz\/index.php?rest_route=\/wp\/v2\/posts\/10385\/revisions"}],"predecessor-version":[{"id":10405,"href":"https:\/\/www.automakers.cz\/index.php?rest_route=\/wp\/v2\/posts\/10385\/revisions\/10405"}],"wp:featuredmedia":[{"embeddable":true,"href":"https:\/\/www.automakers.cz\/index.php?rest_route=\/wp\/v2\/media\/10386"}],"wp:attachment":[{"href":"https:\/\/www.automakers.cz\/index.php?rest_route=%2Fwp%2Fv2%2Fmedia&parent=10385"}],"wp:term":[{"taxonomy":"category","embeddable":true,"href":"https:\/\/www.automakers.cz\/index.php?rest_route=%2Fwp%2Fv2%2Fcategories&post=10385"},{"taxonomy":"post_tag","embeddable":true,"href":"https:\/\/www.automakers.cz\/index.php?rest_route=%2Fwp%2Fv2%2Ftags&post=10385"}],"curies":[{"name":"wp","href":"https:\/\/api.w.org\/{rel}","templated":true}]}}