{"id":10406,"date":"2025-01-23T08:51:22","date_gmt":"2025-01-23T08:51:22","guid":{"rendered":"https:\/\/www.automakers.cz\/?p=10406"},"modified":"2025-01-24T10:12:07","modified_gmt":"2025-01-24T10:12:07","slug":"citroen-dostane-konecne-pr-manazerku","status":"publish","type":"post","link":"https:\/\/www.automakers.cz\/?p=10406","title":{"rendered":"Citro\u00ebn dostane kone\u010dn\u011b PR mana\u017eerku"},"content":{"rendered":"<p class=\"xmprfx_MsoNormal\"><strong>Novin\u00e1\u0159i byli loni zvykl\u00ed adresovat sv\u00e9 dotazy na Citro\u00ebn k ruk\u00e1m Lindy \u0160ed\u00e9. Ta ale v srpnu z importu ode\u0161la a jej\u00ed n\u00e1stupkyn\u011b <\/strong><strong>Quynh Kate\u0159ina Tranov\u00e1 vydr\u017eela na pozici jen p\u00e1r t\u00fddn\u016f. Zna\u010dka tak n\u011bkolik m\u011bs\u00edc\u016f fungovala bez ofici\u00e1ln\u00ed mluv\u010d\u00ed.<br \/>\n<\/strong><!--more--><\/p>\n<p>PR servis tak do\u010dasn\u011b za\u0161ti\u0165ovala \u0159editelka marketingu Lenka Martinov\u00e1 s n\u011bkter\u00fdmi kolegy. Podle dostupn\u00fdch informac\u00ed u\u017e ale C automobil import na\u0161el \u0159e\u0161en\u00ed.<\/p>\n<p><strong>Nastupuje n\u011bkolikan\u00e1sobn\u00e1 PR roku SDA<\/strong><\/p>\n<p class=\"xmprfx_MsoNormal\">&#8222;Odchod Kate\u0159iny n\u00e1s p\u0159ekvapil, m\u011bla zpo\u010d\u00e1tku chu\u0165 do pr\u00e1ce a zd\u00e1lo se, \u017ee m\u00e1me pozici PR mana\u017eera vy\u0159e\u0161enu. Pak ale n\u00e1hle slo\u017eila funkci a ode\u0161la i z firmy. Uva\u017eovali jsme o r\u016fzn\u00fdch variant\u00e1ch obsazen\u00ed pozice, nakonec zv\u00edt\u011bzilo intern\u00ed \u0159e\u0161en\u00ed. PR Citro\u00ebnu si p\u0159ibere ke sv\u00e9 pr\u00e1ci dosavadn\u00ed mluv\u010d\u00ed sestersk\u00e9 zna\u010dky Peugeot Radka Matthey. Novin\u00e1\u0159i ji znaj\u00ed, v komunit\u011b je obl\u00edben\u00e1, \u010dasto vyhr\u00e1v\u00e1 anketu PR roku a redakto\u0159i nejsp\u00ed\u0161 budou vn\u00edmat v\u00fdm\u011bnu \u017eeny za \u017eenu l\u00e9pe, ne\u017e kdybychom francouzsk\u00fd Citro\u00ebn sv\u011b\u0159ili t\u0159eba Martinu Hejralovi z Opelu,&#8220; \u0159ekl n\u00e1m informovan\u00fd zdroj z importu.<\/p>\n<p><strong>O n\u00e1stupu Radky Matthey k Peugeotu jsme poprv\u00e9 psali v roce 2007. Jej\u00ed jmenov\u00e1n\u00ed na pozici u Citro\u00ebnu m\u00e1 prob\u011bhnout v nejbli\u017e\u0161\u00edch dnech.<\/strong><\/p>\n<p><img loading=\"lazy\" decoding=\"async\" class=\"alignnone size-medium wp-image-116\" src=\"http:\/\/www.automakers.cz\/wp-content\/uploads\/2023\/11\/Matthey-Automakers-2007-300x225.jpg\" alt=\"\" width=\"300\" height=\"225\" srcset=\"https:\/\/www.automakers.cz\/wp-content\/uploads\/2023\/11\/Matthey-Automakers-2007-300x225.jpg 300w, https:\/\/www.automakers.cz\/wp-content\/uploads\/2023\/11\/Matthey-Automakers-2007-1024x768.jpg 1024w, https:\/\/www.automakers.cz\/wp-content\/uploads\/2023\/11\/Matthey-Automakers-2007-768x576.jpg 768w, https:\/\/www.automakers.cz\/wp-content\/uploads\/2023\/11\/Matthey-Automakers-2007-1536x1152.jpg 1536w, https:\/\/www.automakers.cz\/wp-content\/uploads\/2023\/11\/Matthey-Automakers-2007-rotated.jpg 2040w\" sizes=\"auto, (max-width: 300px) 100vw, 300px\" \/><\/p>\n","protected":false},"excerpt":{"rendered":"<p>Novin\u00e1\u0159i byli loni zvykl\u00ed adresovat sv\u00e9 dotazy na Citro\u00ebn k ruk\u00e1m Lindy \u0160ed\u00e9. Ta ale&#8230;<\/p>\n","protected":false},"author":1,"featured_media":118,"comment_status":"closed","ping_status":"closed","sticky":false,"template":"","format":"standard","meta":{"footnotes":""},"categories":[11,5,21],"tags":[],"class_list":["post-10406","post","type-post","status-publish","format-standard","has-post-thumbnail","hentry","category-importeri","category-personalie","category-pr"],"_links":{"self":[{"href":"https:\/\/www.automakers.cz\/index.php?rest_route=\/wp\/v2\/posts\/10406","targetHints":{"allow":["GET"]}}],"collection":[{"href":"https:\/\/www.automakers.cz\/index.php?rest_route=\/wp\/v2\/posts"}],"about":[{"href":"https:\/\/www.automakers.cz\/index.php?rest_route=\/wp\/v2\/types\/post"}],"author":[{"embeddable":true,"href":"https:\/\/www.automakers.cz\/index.php?rest_route=\/wp\/v2\/users\/1"}],"replies":[{"embeddable":true,"href":"https:\/\/www.automakers.cz\/index.php?rest_route=%2Fwp%2Fv2%2Fcomments&post=10406"}],"version-history":[{"count":5,"href":"https:\/\/www.automakers.cz\/index.php?rest_route=\/wp\/v2\/posts\/10406\/revisions"}],"predecessor-version":[{"id":10443,"href":"https:\/\/www.automakers.cz\/index.php?rest_route=\/wp\/v2\/posts\/10406\/revisions\/10443"}],"wp:featuredmedia":[{"embeddable":true,"href":"https:\/\/www.automakers.cz\/index.php?rest_route=\/wp\/v2\/media\/118"}],"wp:attachment":[{"href":"https:\/\/www.automakers.cz\/index.php?rest_route=%2Fwp%2Fv2%2Fmedia&parent=10406"}],"wp:term":[{"taxonomy":"category","embeddable":true,"href":"https:\/\/www.automakers.cz\/index.php?rest_route=%2Fwp%2Fv2%2Fcategories&post=10406"},{"taxonomy":"post_tag","embeddable":true,"href":"https:\/\/www.automakers.cz\/index.php?rest_route=%2Fwp%2Fv2%2Ftags&post=10406"}],"curies":[{"name":"wp","href":"https:\/\/api.w.org\/{rel}","templated":true}]}}