{"id":10411,"date":"2025-01-23T09:28:48","date_gmt":"2025-01-23T09:28:48","guid":{"rendered":"https:\/\/www.automakers.cz\/?p=10411"},"modified":"2025-01-23T09:42:03","modified_gmt":"2025-01-23T09:42:03","slug":"zamek-pruhonice-hostil-premieru-citroenu-c3","status":"publish","type":"post","link":"https:\/\/www.automakers.cz\/?p=10411","title":{"rendered":"Pr\u016fhonice hostily premi\u00e9ru Citro\u00ebnu C3"},"content":{"rendered":"<p class=\"xmprfx_MsoNormal\"><strong>\u0160\u00e9f C automobil importu Franti\u0161ek Neuman svolal 22. ledna novin\u00e1\u0159e do Z\u00e1mku Pr\u016fhonice. Na programu byla bilance roku 2024 a p\u0159edstaven\u00ed prvn\u00edch leto\u0161n\u00edch novinek &#8211; voz\u016f Citro\u00ebn \u00eb-C3 a C3.<\/strong><!--more--><\/p>\n<p>V konferen\u010dn\u00edm s\u00e1le z\u00e1mku shl\u00e9dli host\u00e9 divadeln\u00ed etudu z dob Francouzsk\u00e9 revoluce &#8211; vyhn\u00e1n\u00ed \u0161lechty z pansk\u00e9ho s\u00eddla. Evropsk\u00e1 produktov\u00e1 kampa\u0148 z doby revoluce bude toti\u017e evokovat technologickou revoluci Citro\u00ebnu.<\/p>\n<p><img loading=\"lazy\" decoding=\"async\" class=\"alignnone size-medium wp-image-10420\" src=\"http:\/\/www.automakers.cz\/wp-content\/uploads\/2025\/01\/Citroen-C3-Pruhonice-slechta-900x506.jpg\" alt=\"\" width=\"900\" height=\"506\" srcset=\"https:\/\/www.automakers.cz\/wp-content\/uploads\/2025\/01\/Citroen-C3-Pruhonice-slechta-900x506.jpg 900w, https:\/\/www.automakers.cz\/wp-content\/uploads\/2025\/01\/Citroen-C3-Pruhonice-slechta-1024x576.jpg 1024w, https:\/\/www.automakers.cz\/wp-content\/uploads\/2025\/01\/Citroen-C3-Pruhonice-slechta-768x432.jpg 768w, https:\/\/www.automakers.cz\/wp-content\/uploads\/2025\/01\/Citroen-C3-Pruhonice-slechta-1536x864.jpg 1536w, https:\/\/www.automakers.cz\/wp-content\/uploads\/2025\/01\/Citroen-C3-Pruhonice-slechta-1280x720.jpg 1280w, https:\/\/www.automakers.cz\/wp-content\/uploads\/2025\/01\/Citroen-C3-Pruhonice-slechta.jpg 2040w\" sizes=\"auto, (max-width: 900px) 100vw, 900px\" \/><strong>V roce 2024 zaregistroval Citro\u00ebn 4255 vozidel<\/strong><\/p>\n<p>Po herc\u00edch nastoupili na p\u00f3dium mana\u017ee\u0159i importu: &#8222;Prodali bychom na tuzemsk\u00e9m trhu v\u00edce ne\u017e uveden\u00fdch 4255 aut, ale bohu\u017eel se nepoda\u0159ilo v\u010das rozjet v\u00fdrobu modelu C3 v Trnav\u011b. Prvn\u00ed vozy jsme dostali a\u017e na p\u0159elomu \u0159\u00edjna a listopadu, co\u017e nen\u00ed dobr\u00e1 doba na start prodejn\u00ed kampan\u011b nov\u00e9ho auta. Zah\u00e1j\u00edme ji tedy a\u017e letos, reklamn\u00ed spoty se objev\u00ed v m\u00e9di\u00edch poprv\u00e9 27. ledna,&#8220; uvedl Franti\u0161ek Neuman s t\u00edm, \u017ee mu ostatn\u00ed modely d\u011blaly radost. Dob\u0159e \u0161lo loni hlavn\u011b Berlingo, model C4 nebo dod\u00e1vka Jumper.<\/p>\n<p><img loading=\"lazy\" decoding=\"async\" class=\"alignnone size-medium wp-image-10424\" src=\"http:\/\/www.automakers.cz\/wp-content\/uploads\/2025\/01\/Citroen-Pruhonice-tym-900x506.jpg\" alt=\"\" width=\"900\" height=\"506\" srcset=\"https:\/\/www.automakers.cz\/wp-content\/uploads\/2025\/01\/Citroen-Pruhonice-tym-900x506.jpg 900w, https:\/\/www.automakers.cz\/wp-content\/uploads\/2025\/01\/Citroen-Pruhonice-tym-1024x576.jpg 1024w, https:\/\/www.automakers.cz\/wp-content\/uploads\/2025\/01\/Citroen-Pruhonice-tym-768x432.jpg 768w, https:\/\/www.automakers.cz\/wp-content\/uploads\/2025\/01\/Citroen-Pruhonice-tym-1536x864.jpg 1536w, https:\/\/www.automakers.cz\/wp-content\/uploads\/2025\/01\/Citroen-Pruhonice-tym-1280x720.jpg 1280w, https:\/\/www.automakers.cz\/wp-content\/uploads\/2025\/01\/Citroen-Pruhonice-tym.jpg 2040w\" sizes=\"auto, (max-width: 900px) 100vw, 900px\" \/><strong>Pl\u00e1ny na rok 2025<\/strong><\/p>\n<p>&#8222;V roce 2025 c\u00edl\u00edme na registraci p\u011bti tis\u00edc aut, p\u0159i\u010dem\u017e tahounem prodej\u016f m\u00e1 b\u00fdt vedle Berlinga a dal\u0161\u00edch u\u017eitkov\u00fdch voz\u016f pr\u00e1v\u011b nov\u00fd C3. Chceme na trhu um\u00edstit 1200 kus\u016f,&#8220; \u0159ekl Neuman.<\/p>\n<p>Letos chce zna\u010dka tak\u00e9 dokon\u010dit rebranding dealerstv\u00ed a dos\u00e1hnout v \u010cR pod\u00edlu prodan\u00fdch BEV v rozmez\u00ed \u0161esti a\u017e deseti procent. Mezi dal\u0161\u00ed produktov\u00e9 novinky se za\u0159ad\u00ed nap\u0159\u00edklad nov\u00e1 verze C5.<\/p>\n<p><strong>Nov\u00fd C3 na hydraulick\u00e9m dorazu<\/strong><\/p>\n<p>Produktov\u00fd mana\u017eer Jind\u0159ich Hanzl\u00edk pak novin\u00e1\u0159\u016fm p\u0159edstavil \u010dtvrtou generaci C3. V\u016fz je na evropsk\u00e9m trhu od roku 2002 a tvo\u0159\u00ed pln\u00fdch t\u0159icent procent prodej\u016f zna\u010dky.<\/p>\n<p><img loading=\"lazy\" decoding=\"async\" class=\"alignnone size-medium wp-image-10421\" src=\"http:\/\/www.automakers.cz\/wp-content\/uploads\/2025\/01\/Citroen-C3-modry-Pruhonice-2025-900x506.jpg\" alt=\"\" width=\"900\" height=\"506\" srcset=\"https:\/\/www.automakers.cz\/wp-content\/uploads\/2025\/01\/Citroen-C3-modry-Pruhonice-2025-900x506.jpg 900w, https:\/\/www.automakers.cz\/wp-content\/uploads\/2025\/01\/Citroen-C3-modry-Pruhonice-2025-1024x576.jpg 1024w, https:\/\/www.automakers.cz\/wp-content\/uploads\/2025\/01\/Citroen-C3-modry-Pruhonice-2025-768x432.jpg 768w, https:\/\/www.automakers.cz\/wp-content\/uploads\/2025\/01\/Citroen-C3-modry-Pruhonice-2025-1536x864.jpg 1536w, https:\/\/www.automakers.cz\/wp-content\/uploads\/2025\/01\/Citroen-C3-modry-Pruhonice-2025-1280x720.jpg 1280w, https:\/\/www.automakers.cz\/wp-content\/uploads\/2025\/01\/Citroen-C3-modry-Pruhonice-2025.jpg 2040w\" sizes=\"auto, (max-width: 900px) 100vw, 900px\" \/>Leto\u0161n\u00ed verze je postavena na Smart Car platform\u011b automobilky a nab\u00eddne tlumi\u010de s hydraulick\u00fdm dorazem, kterou maj\u00ed krom\u011b Berlinga u\u017e v\u0161echny citroeny.<\/p>\n<p>Pod kapotou bude stoko\u0148ov\u00fd benz\u00edn a od kv\u011btna stoko\u0148ov\u00fd hybrid s motorem 1,2 Turbo. Pln\u011b elektrick\u00e1 verze s 44 kWh bateri\u00ed nab\u00eddne dojezd a\u017e 326 km. Cena startuje na 370 000 K\u010d.<\/p>\n<p><strong>Erich Handl, Z\u00e1mek Pr\u016fhonice<\/strong><\/p>\n<p><iframe loading=\"lazy\"  id=\"_ytid_40498\"  width=\"640\" height=\"360\"  data-origwidth=\"640\" data-origheight=\"360\" src=\"https:\/\/www.youtube.com\/embed\/ToBNSI4ee7w?enablejsapi=1&#038;autoplay=0&#038;cc_load_policy=0&#038;cc_lang_pref=&#038;iv_load_policy=1&#038;loop=0&#038;modestbranding=0&#038;rel=1&#038;fs=1&#038;playsinline=0&#038;autohide=2&#038;theme=dark&#038;color=red&#038;controls=1&#038;\" class=\"__youtube_prefs__  epyt-is-override  no-lazyload\" title=\"YouTube player\"  allow=\"accelerometer; autoplay; clipboard-write; encrypted-media; gyroscope; picture-in-picture\" allowfullscreen data-no-lazy=\"1\" data-skipgform_ajax_framebjll=\"\"><\/iframe><\/p>\n","protected":false},"excerpt":{"rendered":"<p>\u0160\u00e9f C automobil importu Franti\u0161ek Neuman svolal 22. ledna novin\u00e1\u0159e do Z\u00e1mku Pr\u016fhonice. Na programu&#8230;<\/p>\n","protected":false},"author":1,"featured_media":10369,"comment_status":"closed","ping_status":"closed","sticky":false,"template":"","format":"standard","meta":{"footnotes":""},"categories":[9,12,20,66],"tags":[],"class_list":["post-10411","post","type-post","status-publish","format-standard","has-post-thumbnail","hentry","category-elektromobily","category-premiery","category-tiskovky","category-video"],"_links":{"self":[{"href":"https:\/\/www.automakers.cz\/index.php?rest_route=\/wp\/v2\/posts\/10411","targetHints":{"allow":["GET"]}}],"collection":[{"href":"https:\/\/www.automakers.cz\/index.php?rest_route=\/wp\/v2\/posts"}],"about":[{"href":"https:\/\/www.automakers.cz\/index.php?rest_route=\/wp\/v2\/types\/post"}],"author":[{"embeddable":true,"href":"https:\/\/www.automakers.cz\/index.php?rest_route=\/wp\/v2\/users\/1"}],"replies":[{"embeddable":true,"href":"https:\/\/www.automakers.cz\/index.php?rest_route=%2Fwp%2Fv2%2Fcomments&post=10411"}],"version-history":[{"count":12,"href":"https:\/\/www.automakers.cz\/index.php?rest_route=\/wp\/v2\/posts\/10411\/revisions"}],"predecessor-version":[{"id":10426,"href":"https:\/\/www.automakers.cz\/index.php?rest_route=\/wp\/v2\/posts\/10411\/revisions\/10426"}],"wp:featuredmedia":[{"embeddable":true,"href":"https:\/\/www.automakers.cz\/index.php?rest_route=\/wp\/v2\/media\/10369"}],"wp:attachment":[{"href":"https:\/\/www.automakers.cz\/index.php?rest_route=%2Fwp%2Fv2%2Fmedia&parent=10411"}],"wp:term":[{"taxonomy":"category","embeddable":true,"href":"https:\/\/www.automakers.cz\/index.php?rest_route=%2Fwp%2Fv2%2Fcategories&post=10411"},{"taxonomy":"post_tag","embeddable":true,"href":"https:\/\/www.automakers.cz\/index.php?rest_route=%2Fwp%2Fv2%2Ftags&post=10411"}],"curies":[{"name":"wp","href":"https:\/\/api.w.org\/{rel}","templated":true}]}}