{"id":10434,"date":"2025-01-23T10:30:30","date_gmt":"2025-01-23T10:30:30","guid":{"rendered":"https:\/\/www.automakers.cz\/?p=10434"},"modified":"2025-01-26T12:35:12","modified_gmt":"2025-01-26T12:35:12","slug":"toyota-jsme-jednickou-mezi-importery","status":"publish","type":"post","link":"https:\/\/www.automakers.cz\/?p=10434","title":{"rendered":"Toyota: jedni\u010dkou mezi import\u00e9ry jsme my"},"content":{"rendered":"<p><strong>\u010cesk\u00e1 Toyota loni prodala 21 807 aut, a stala se tak podle vlastn\u00edho vyj\u00e1d\u0159en\u00ed absolutn\u00ed jedni\u010dkou mezi import\u00e9ry. V sou\u010dtu osobn\u00edch aut a LUV skute\u010dn\u011b p\u0159ekonala zna\u010dky Hyundai i Volkswagen a ze \u010dtvrt\u00e9 p\u0159\u00ed\u010dky v p\u0159edchoz\u00edm roce se vy\u0161plhala na druh\u00e9 m\u00edsto. Celkov\u00fd pod\u00edl na trhu zv\u00fd\u0161ila na 8,6 %, co\u017e je historick\u00e9 maximum.<\/strong><!--more--><\/p>\n<p class=\"last-child\">Mezi nejprod\u00e1van\u011bj\u0161\u00ed modely pat\u0159ily v\u0161echny verze Corolly, Yaris i Yaris Cross a RAV4. Da\u0159ilo se i u\u017eitkov\u00fdm model\u016fm Proace a Proace City.<\/p>\n<p class=\"last-child\">Toyot\u011b se da\u0159ilo nejen v \u010cesku, ale v cel\u00e9 Evrop\u011b, kde prodala 1 217 132 voz\u016f zna\u010dek Toyota a Lexus, co\u017e znamen\u00e1 meziro\u010dn\u00ed n\u00e1r\u016fst prodej\u016f o 4 procenta a p\u0159ekon\u00e1n\u00ed pr\u016fm\u011bru evropsk\u00e9ho trhu. Z\u00e1jem o bateriov\u00e9 elektromobily vzrostl o 18 procent, prodej plug-in hybrid\u016f se zv\u00fd\u0161il o 36 procent a hybrid\u016f o 9 procent.<\/p>\n<p><img loading=\"lazy\" decoding=\"async\" class=\"alignnone size-medium wp-image-8780\" src=\"http:\/\/www.automakers.cz\/wp-content\/uploads\/2024\/11\/toyotamegahubinkolincz-05-900x600.jpg\" alt=\"\" width=\"900\" height=\"600\" \/><\/p>\n<p><strong>Da\u0159ilo se i v motorsportu<\/strong><\/p>\n<p>Vozy Toyota op\u011bt ovl\u00e1dly nejn\u00e1ro\u010dn\u011bj\u0161\u00ed z\u00e1vod planety Rallye Dakar. V\u00edt\u011bzem se se sv\u00fdm Hiluxem stal poprv\u00e9 v kari\u00e9\u0159e Yazeed Al Rajhi s navig\u00e1torem Timem Gottschalkem, t\u00fdm Toyota Gazoo Racing s Henkem Lateganem a Brettem Cummingsem jsou druz\u00ed.<\/p>\n<p><img loading=\"lazy\" decoding=\"async\" class=\"alignnone size-medium wp-image-10438\" src=\"http:\/\/www.automakers.cz\/wp-content\/uploads\/2025\/01\/Toyota-Dakar-900x600.jpg\" alt=\"\" width=\"900\" height=\"600\" \/>Do prvn\u00ed des\u00edtky se probojovala tak\u00e9 dal\u0161\u00ed pos\u00e1dka TGR Seth Quintero a Dennis Zenz. Lucas Morales a Armand Monleon zv\u00edt\u011bzili v posledn\u00ed etap\u011b a celkov\u011b skon\u010dili patn\u00e1ct\u00ed.<\/p>\n<p><strong>Zdroj: Toyota<\/strong><\/p>\n","protected":false},"excerpt":{"rendered":"<p>\u010cesk\u00e1 Toyota loni prodala 21 807 aut, a stala se tak podle vlastn\u00edho vyj\u00e1d\u0159en\u00ed absolutn\u00ed&#8230;<\/p>\n","protected":false},"author":1,"featured_media":10436,"comment_status":"closed","ping_status":"closed","sticky":false,"template":"","format":"standard","meta":{"footnotes":""},"categories":[11,48,10],"tags":[],"class_list":["post-10434","post","type-post","status-publish","format-standard","has-post-thumbnail","hentry","category-importeri","category-registrace","category-statistika"],"_links":{"self":[{"href":"https:\/\/www.automakers.cz\/index.php?rest_route=\/wp\/v2\/posts\/10434","targetHints":{"allow":["GET"]}}],"collection":[{"href":"https:\/\/www.automakers.cz\/index.php?rest_route=\/wp\/v2\/posts"}],"about":[{"href":"https:\/\/www.automakers.cz\/index.php?rest_route=\/wp\/v2\/types\/post"}],"author":[{"embeddable":true,"href":"https:\/\/www.automakers.cz\/index.php?rest_route=\/wp\/v2\/users\/1"}],"replies":[{"embeddable":true,"href":"https:\/\/www.automakers.cz\/index.php?rest_route=%2Fwp%2Fv2%2Fcomments&post=10434"}],"version-history":[{"count":7,"href":"https:\/\/www.automakers.cz\/index.php?rest_route=\/wp\/v2\/posts\/10434\/revisions"}],"predecessor-version":[{"id":10454,"href":"https:\/\/www.automakers.cz\/index.php?rest_route=\/wp\/v2\/posts\/10434\/revisions\/10454"}],"wp:featuredmedia":[{"embeddable":true,"href":"https:\/\/www.automakers.cz\/index.php?rest_route=\/wp\/v2\/media\/10436"}],"wp:attachment":[{"href":"https:\/\/www.automakers.cz\/index.php?rest_route=%2Fwp%2Fv2%2Fmedia&parent=10434"}],"wp:term":[{"taxonomy":"category","embeddable":true,"href":"https:\/\/www.automakers.cz\/index.php?rest_route=%2Fwp%2Fv2%2Fcategories&post=10434"},{"taxonomy":"post_tag","embeddable":true,"href":"https:\/\/www.automakers.cz\/index.php?rest_route=%2Fwp%2Fv2%2Ftags&post=10434"}],"curies":[{"name":"wp","href":"https:\/\/api.w.org\/{rel}","templated":true}]}}