{"id":1045,"date":"2023-12-19T08:38:13","date_gmt":"2023-12-19T08:38:13","guid":{"rendered":"https:\/\/www.automakers.cz\/?p=1045"},"modified":"2023-12-20T09:53:14","modified_gmt":"2023-12-20T09:53:14","slug":"autosap-euro-7-zustava-vyzvou-pro-autoprumysl","status":"publish","type":"post","link":"https:\/\/www.automakers.cz\/?p=1045","title":{"rendered":"AutoSAP: Euro 7 z\u016fst\u00e1v\u00e1 v\u00fdzvou pro autopr\u016fmysl"},"content":{"rendered":"<p><strong>Evropsk\u00fd parlement se shodl na fin\u00e1ln\u00ed podob\u011b emisn\u00ed normy EURO 7. Situaci komentuje \u010desk\u00e9 Sdru\u017een\u00ed automobilov\u00e9ho pr\u016fmyslu.<\/strong><!--more--><\/p>\n<p>AutoSAP dlouhodob\u011b usiluje o takovou podobu normy Euro 7, kter\u00e1 udr\u017e\u00ed na trhu \u0161irokou paletu dostupn\u00fdch model\u016f vozidel, o kter\u00e1 z\u00e1kazn\u00edci skute\u010dn\u011b stoj\u00ed, a to v\u010detn\u011b vozidel se spalovac\u00edm motorem, plug-in hybrid\u016f nebo pln\u011b elektrick\u00fdch. Proto je t\u0159eba, aby mo\u017en\u00e9 p\u0159\u00ednosy pro \u017eivotn\u00ed prost\u0159ed\u00ed byly posouzeny realisticky a vybalancov\u00e1ny s dopady na zam\u011bstnanost a konkurenceschopnost odv\u011btv\u00ed.<\/p>\n<p>P\u0159edstaven\u00e1 dohoda mezi Evropsk\u00fdm parlamentem a Radou \u010dlensk\u00fdch st\u00e1t\u016f skute\u010dn\u011b v mnoh\u00fdch oblastech p\u0159in\u00e1\u0161\u00ed zlep\u0161en\u00ed, oproti p\u016fvodn\u011b tvrd\u00e9mu n\u00e1vrhu Evropsk\u00e9 komise. Je ov\u0161em t\u0159eba konstatovat, \u017ee i nov\u00e1 podoba Euro 7 bude pro evropsk\u00fd, pota\u017emo tuzemsk\u00fd automobilov\u00fd pr\u016fmysl p\u0159edstavovat nemalou v\u00fdzvu.<\/p>\n<p>\u201eJakkoli Euro 7 po\u0159\u00e1d p\u0159inese mno\u017estv\u00ed nov\u00fdch pravidel a po\u017eadavk\u016f v\u016f\u010di automobilov\u00e9mu pr\u016fmyslu, faktem je, \u017ee dne\u0161n\u00ed podoba Euro 7 je m\u00edrn\u011bj\u0161\u00ed a technicky realisti\u010dt\u011bj\u0161\u00ed, je proto t\u0159eba ocenit pr\u00e1ci, kter\u00e1 k p\u0159edstaven\u00e9mu kompromisu vedla. Velmi si proto v\u00e1\u017e\u00edm nasazen\u00ed zejm\u00e9na z\u00e1stupc\u016f \u010desk\u00e9ho st\u00e1tu v \u010dele s panem ministrem Kupkou i pr\u00e1ce hlavn\u00edho zpravodaje pana europoslance Vondry, kte\u0159\u00ed sehr\u00e1li kl\u00ed\u010dovou roli v jedn\u00e1n\u00edch o to, aby se norma Euro 7 stala co mo\u017en\u00e1 nejracion\u00e1ln\u011bj\u0161\u00ed\u201c, \u0159\u00edk\u00e1 Zden\u011bk Petzl, v\u00fdkonn\u00fd \u0159editel Sdru\u017een\u00ed automobilov\u00e9ho pr\u016fmyslu.<\/p>\n<p>P\u016fvodn\u00ed text Komise vedl k ne\u00fam\u011brn\u011b vysok\u00fdm n\u00e1klad\u016fm a odklonu investic od na\u0159\u00edzen\u00e9ho p\u0159echodu na bezemisn\u00ed mobilitu k roku 2035. To ohro\u017eovalo zejm\u00e9na men\u0161\u00ed a cenov\u011b dostupn\u00e1 spalovac\u00ed vozidla a mohlo v\u00e9st a\u017e k uzav\u0159en\u00ed v\u00fdrobn\u00edch z\u00e1vod\u016f s v\u00e1\u017en\u00fdm dopadem na zam\u011bstnanost a konkurenceschopnost automobilov\u00e9ho pr\u016fmyslu v \u010cR i EU. P\u0159es to v\u0161echno byl o\u010dek\u00e1van\u00fd p\u0159\u00ednos pro \u017eivotn\u00ed prost\u0159ed\u00ed velmi omezen\u00fd.<\/p>\n<p>Skute\u010dn\u00e9ho zlep\u0161en\u00ed by \u0161lo dos\u00e1hnout sp\u00ed\u0161e podporou obm\u011bny vozov\u00e9ho parku nov\u00fdmi modely s aktu\u00e1ln\u00ed normou Euro 6\/VI, v kombinaci s jeho postupnou elektrifikac\u00ed.<\/p>\n<p>Za nejpozitivn\u011bj\u0161\u00ed zpr\u00e1vu dnes p\u0159edstaven\u00e9ho kompromisu pova\u017eujeme zachov\u00e1n\u00ed st\u00e1vaj\u00edc\u00edch testovac\u00edch podm\u00ednek, kter\u00e9 jsou v souladu s aktu\u00e1ln\u00edmi standardy OSN pro v\u0161echny kategorie vozidel a \u010d\u00e1ste\u010dn\u00e9 zachov\u00e1n\u00edlimit\u016f Euro 6 pro osobn\u00ed automobily, s vyv\u00e1\u017een\u00fdm p\u0159\u00edstupem pro dod\u00e1vky. Nicm\u00e9n\u011b, Euro 7 sebou st\u00e1le p\u0159in\u00e1\u0161\u00ed \u0159adu nov\u00fdch a n\u00e1ro\u010dn\u00fdch po\u017eadavk\u016f, kter\u00e9 se dotknou nejen nov\u00fdch spalovac\u00edch, ale i elektrick\u00fdch vozidel.<\/p>\n<p>Jde zejm\u00e9na o zcela nov\u00e1 a unik\u00e1tn\u00ed pravidla pro ot\u011bry z brzd a pneumatik, komplikovn\u011bj\u0161\u00ed palubn\u00ed monitoring, zp\u0159\u00edsn\u011bn\u00e1 pravidla pro \u017eivotnost bateri\u00ed nebo zp\u0159\u00edsn\u011bn\u00ed emisn\u00edch limit\u016f pro n\u00e1kladn\u00ed vozidla.<\/p>\n<p>Nyn\u00ed n\u00e1s \u010dek\u00e1 fin\u00e1ln\u00ed ratifikace t\u00e9to dohody ze strany Evropsk\u00e9ho parlamentu a Rady ministr\u016f. S ohledem na pot\u0159ebu pr\u00e1vn\u00ed jistoty, aby odv\u011btv\u00ed mohlo za\u010d\u00edt na napl\u0148ov\u00e1n\u00ed nov\u00fdch pravidel pracovat, apelujeme na legislativce, aby text v t\u00e9to podob\u011b schv\u00e1lili co nejd\u0159\u00edve.<\/p>\n<p><strong>Zdroj: AutoSAP, Zden\u011bk Petzl<\/strong><\/p>\n<figure id=\"attachment_238\" aria-describedby=\"caption-attachment-238\" style=\"width: 678px\" class=\"wp-caption alignnone\"><img loading=\"lazy\" decoding=\"async\" class=\"size-full wp-image-238\" src=\"http:\/\/www.automakers.cz\/wp-content\/uploads\/2023\/11\/AutoSAP-Petzl-2020-1024x683-1-678x381-1.jpg\" alt=\"\" width=\"678\" height=\"381\" \/><figcaption id=\"caption-attachment-238\" class=\"wp-caption-text\">V\u00fdkonn\u00fd \u0159editel AutoSAP Zden\u011bk Petzl<\/figcaption><\/figure>\n","protected":false},"excerpt":{"rendered":"<p>Evropsk\u00fd parlement se shodl na fin\u00e1ln\u00ed podob\u011b emisn\u00ed normy EURO 7. Situaci komentuje \u010desk\u00e9 Sdru\u017een\u00ed&#8230;<\/p>\n","protected":false},"author":1,"featured_media":165,"comment_status":"open","ping_status":"open","sticky":false,"template":"","format":"standard","meta":{"footnotes":""},"categories":[42,25],"tags":[],"class_list":["post-1045","post","type-post","status-publish","format-standard","has-post-thumbnail","hentry","category-analyza","category-legislativa"],"_links":{"self":[{"href":"https:\/\/www.automakers.cz\/index.php?rest_route=\/wp\/v2\/posts\/1045","targetHints":{"allow":["GET"]}}],"collection":[{"href":"https:\/\/www.automakers.cz\/index.php?rest_route=\/wp\/v2\/posts"}],"about":[{"href":"https:\/\/www.automakers.cz\/index.php?rest_route=\/wp\/v2\/types\/post"}],"author":[{"embeddable":true,"href":"https:\/\/www.automakers.cz\/index.php?rest_route=\/wp\/v2\/users\/1"}],"replies":[{"embeddable":true,"href":"https:\/\/www.automakers.cz\/index.php?rest_route=%2Fwp%2Fv2%2Fcomments&post=1045"}],"version-history":[{"count":1,"href":"https:\/\/www.automakers.cz\/index.php?rest_route=\/wp\/v2\/posts\/1045\/revisions"}],"predecessor-version":[{"id":1046,"href":"https:\/\/www.automakers.cz\/index.php?rest_route=\/wp\/v2\/posts\/1045\/revisions\/1046"}],"wp:featuredmedia":[{"embeddable":true,"href":"https:\/\/www.automakers.cz\/index.php?rest_route=\/wp\/v2\/media\/165"}],"wp:attachment":[{"href":"https:\/\/www.automakers.cz\/index.php?rest_route=%2Fwp%2Fv2%2Fmedia&parent=1045"}],"wp:term":[{"taxonomy":"category","embeddable":true,"href":"https:\/\/www.automakers.cz\/index.php?rest_route=%2Fwp%2Fv2%2Fcategories&post=1045"},{"taxonomy":"post_tag","embeddable":true,"href":"https:\/\/www.automakers.cz\/index.php?rest_route=%2Fwp%2Fv2%2Ftags&post=1045"}],"curies":[{"name":"wp","href":"https:\/\/api.w.org\/{rel}","templated":true}]}}