{"id":10468,"date":"2025-01-28T06:19:12","date_gmt":"2025-01-28T06:19:12","guid":{"rendered":"https:\/\/www.automakers.cz\/?p=10468"},"modified":"2025-01-28T06:19:12","modified_gmt":"2025-01-28T06:19:12","slug":"mezinarodni-den-snizovani-co2","status":"publish","type":"post","link":"https:\/\/www.automakers.cz\/?p=10468","title":{"rendered":"Mezin\u00e1rodn\u00ed den sni\u017eov\u00e1n\u00ed CO2"},"content":{"rendered":"<p><strong>28. ledna si p\u0159ipom\u00edn\u00e1me Mezin\u00e1rodn\u00ed den sni\u017eov\u00e1n\u00ed emis\u00ed CO2, jeho\u017e ko\u0159eny sahaj\u00ed a\u017e do roku 1896, kdy v\u011bdci poprv\u00e9 p\u0159edpov\u011bd\u011bli existenci sklen\u00edkov\u00e9ho efektu. <\/strong><!--more--><\/p>\n<p>Tento den m\u00e1 za c\u00edl zd\u016fraznit d\u016fle\u017eitost sni\u017eov\u00e1n\u00ed uhl\u00edkov\u00e9 stopy, inspirovat jednotlivce i firmy k efektivn\u011bj\u0161\u00edmu vyu\u017e\u00edv\u00e1n\u00ed zdroj\u016f a motivovat k odpov\u011bdn\u00e9mu p\u0159\u00edstupu k \u017eivotn\u00edmu prost\u0159ed\u00ed. S rostouc\u00edmi emisemi uhl\u00edku, kter\u00e9 jsou d\u016fsledkem technologick\u00e9ho rozvoje, a jejich negativn\u00edmi dopady na na\u0161i planetu, se sni\u017eov\u00e1n\u00ed CO2 stalo nezbytnou prioritou pro celou spole\u010dnost.<\/p>\n<p>Tento z\u00e1vazek se odr\u00e1\u017e\u00ed i ve strategi\u00edch mnoha firem. Jedn\u00edm z p\u0159\u00edklad\u016f je spole\u010dnost Wilo, kter\u00e1 prost\u0159ednictv\u00edm sv\u00e9 kampan\u011b \u201eJoin the ecolution\u201c ukazuje, jak lze v\u00fdrazn\u011b sn\u00ed\u017eit spot\u0159ebu energie a emis\u00ed CO2 v\u00fdm\u011bnou zastaral\u00fdch a neefektivn\u00edch \u010derpadel. Krom\u011b toho Wilo aktivn\u011b pracuje na sni\u017eov\u00e1n\u00ed emis\u00ed i v r\u00e1mci v\u00fdrobn\u00edch proces\u016f a dal\u0161\u00edch oblast\u00ed podnik\u00e1n\u00ed.<\/p>\n<p>Existuje \u0159ada zp\u016fsob\u016f, jak ka\u017ed\u00fd z n\u00e1s m\u016f\u017ee denn\u011b p\u0159isp\u00edvat ke sni\u017eov\u00e1n\u00ed uhl\u00edkov\u00e9 stopy. Jednou z cest m\u016f\u017ee b\u00fdt i revize a p\u0159\u00edpadn\u00e1 v\u00fdm\u011bna ob\u011bhov\u00fdch a cirkula\u010dn\u00edch \u010derpadel v na\u0161ich domovech. Zastaral\u00e1 \u010derpadla toti\u017e nejen\u017ee zat\u011b\u017euj\u00ed \u017eivotn\u00ed prost\u0159ed\u00ed, ale i na\u0161e pen\u011b\u017eenky.<\/p>\n<p><img loading=\"lazy\" decoding=\"async\" class=\"alignnone size-medium wp-image-10473\" src=\"http:\/\/www.automakers.cz\/wp-content\/uploads\/2025\/01\/Wilo_Join_the_ecolution_2-small-1-900x692.jpg\" alt=\"\" width=\"900\" height=\"692\" srcset=\"https:\/\/www.automakers.cz\/wp-content\/uploads\/2025\/01\/Wilo_Join_the_ecolution_2-small-1-900x692.jpg 900w, https:\/\/www.automakers.cz\/wp-content\/uploads\/2025\/01\/Wilo_Join_the_ecolution_2-small-1-1024x787.jpg 1024w, https:\/\/www.automakers.cz\/wp-content\/uploads\/2025\/01\/Wilo_Join_the_ecolution_2-small-1-768x591.jpg 768w, https:\/\/www.automakers.cz\/wp-content\/uploads\/2025\/01\/Wilo_Join_the_ecolution_2-small-1-1536x1181.jpg 1536w, https:\/\/www.automakers.cz\/wp-content\/uploads\/2025\/01\/Wilo_Join_the_ecolution_2-small-1-2048x1575.jpg 2048w\" sizes=\"auto, (max-width: 900px) 100vw, 900px\" \/><\/p>\n<p>\u201eV \u010cesk\u00e9 republice je st\u00e1le mnoho budov, kter\u00e9 ve sv\u00fdch otopn\u00fdch syst\u00e9mech vyu\u017e\u00edvaj\u00ed zastaral\u00e1 a energeticky neefektivn\u00ed \u010derpadla. Tato \u010derpadla spot\u0159ebov\u00e1vaj\u00ed a\u017e o 80 % v\u00edce energie ne\u017e modern\u00ed typy a jejich provoz tak produkuje v\u00fdrazn\u011b vy\u0161\u0161\u00ed emise CO2,\u201c \u0159\u00edk\u00e1 Jan Cidlinsk\u00fd, region\u00e1ln\u00ed \u0159editel spole\u010dnosti Wilo pro st\u0159edn\u00ed Evropu.<\/p>\n<p>\u201ePokud bychom obm\u011bnili tu \u201astar\u0161\u00ed polovinu\u2018 ob\u011bhov\u00fdch \u010derpadel v budov\u00e1ch, dos\u00e1hlo by se jednak v\u00fdznamn\u00e9ho sn\u00ed\u017een\u00ed produkce oxidu uhli\u010dit\u00e9ho, ale tak\u00e9 ro\u010dn\u00ed \u00faspory elekt\u0159iny nejm\u00e9n\u011b za 10 miliard K\u010d. Elekt\u0159inu, kterou by p\u0159\u00edpadn\u011b nebylo nutn\u00e9 vyrobit pro neefektivn\u00ed \u010derpadla, lze kvalifikovan\u00fdm odhadem vy\u010d\u00edslit na 1 350 GWh, co\u017e p\u0159edstavuje ro\u010dn\u00ed uhl\u00edkovou stopu zhruba 500 000 tun CO2*. A to v tomto modelu nepo\u010d\u00edt\u00e1me patrn\u011b je\u0161t\u011b vy\u0161\u0161\u00ed \u00faspory p\u0159i modernizaci \u010derpadel v pr\u016fmyslov\u00e9m vyu\u017eit\u00ed\u201c, dod\u00e1v\u00e1 Jan Cidlinsk\u00fd.<\/p>\n<p>V\u00fdznam sni\u017eov\u00e1n\u00ed emis\u00ed CO2 by m\u011bl b\u00fdt prioritou pro celou spole\u010dnost, jeliko\u017e m\u016f\u017ee v\u00fdznamn\u011b zlep\u0161it kvalitu ovzdu\u0161\u00ed, \u017eivotn\u00edho prost\u0159ed\u00ed, ale tak\u00e9 prosp\u011bt m\u00edstn\u00edm ekonomik\u00e1m, a dokonce zlep\u0161it ve\u0159ejn\u00e9 zdrav\u00ed.<\/p>\n<p>\u201eNa\u0161\u00edm c\u00edlem je nab\u00edzet z\u00e1kazn\u00edk\u016fm \u010derpadla nejvy\u0161\u0161\u00ed mo\u017en\u00e9 kvality s modern\u00edm elektronick\u00fdm \u0159\u00edzen\u00edm a samoregulac\u00ed, d\u00edky kter\u00e9 se v\u00fdkon \u010derpadla p\u0159izp\u016fsobuje dle aktu\u00e1ln\u00edch pot\u0159eb otopn\u00e9ho nebo chladic\u00edho syst\u00e9mu. \u0158e\u0161en\u00ed nab\u00edz\u00edme jak pro budovy, tak pro vodn\u00ed hospod\u00e1\u0159stv\u00ed i pr\u016fmyslov\u00fd sektor, p\u0159i\u010dem\u017e ke v\u0161em v\u00fdrobk\u016fm vystavujeme p\u0159\u00edslu\u0161en\u00e9 certifik\u00e1ty, kter\u00e9 kalkuluj\u00ed nejen p\u0159esnou spot\u0159ebu CO2 v r\u00e1mci provozu \u010derpadla, ale z\u00e1rove\u0148 uhl\u00edkovou stopu vzniklou p\u0159i jeho v\u00fdrob\u011b. D\u00edky tomu je na\u0161e snaha o ekologicky \u0161etrn\u00e1 \u0159e\u0161en\u00ed transparentn\u011b dolo\u017eena. To oce\u0148uj\u00ed p\u0159edev\u0161\u00edm velk\u00e9 firmy, kter\u00e9 se vzhledem k povinnosti reportovat ESG o udr\u017eiteln\u00e1 \u0159e\u0161en\u00ed zaj\u00edmaj\u00ed st\u00e1le v\u00edce,\u201c dod\u00e1v\u00e1 Cidlinsk\u00fd.<\/p>\n<p>Sni\u017eov\u00e1n\u00ed uhl\u00edkov\u00fdch emis\u00ed je jedn\u00edm ze st\u011b\u017eejn\u00edch bod\u016f strategie udr\u017eitelnosti cel\u00e9 skupiny Wilo, proto na tuto problematiku pohl\u00ed\u017e\u00ed komplexn\u011b. Produkci CO2 sni\u017euje tak\u00e9 v dal\u0161\u00edch oblastech, jako jsou nap\u0159\u00edklad nep\u0159\u00edm\u00e9 emise z n\u00e1kup\u016f elekt\u0159iny a tepla nebo pr\u016fmyslov\u00e9 procesy v r\u00e1mci v\u00fdrobn\u00edch z\u00e1vod\u016f. Spole\u010dnost si stanovila ambici\u00f3zn\u00ed c\u00edl dos\u00e1hnout do roku 2025 ve v\u0161ech sv\u00fdch v\u00fdrobn\u00edch z\u00e1vodech uhl\u00edkov\u00e9 neutrality. V r\u00e1mci evropsk\u00fdch a \u010d\u00ednsk\u00fdch z\u00e1vod\u016f se j\u00ed tento c\u00edl ji\u017e poda\u0159ilo naplnit, mimo jin\u00e9 d\u00edky investic\u00edm do fotovoltaiky a dal\u0161\u00edch obnoviteln\u00fdch zdroj\u016f.<\/p>\n<p>&#8222;Redukce emis\u00ed z na\u0161\u00ed \u010dinnosti m\u00e1 pro n\u00e1s nejvy\u0161\u0161\u00ed prioritu. Proto se zam\u011b\u0159ujeme na pravideln\u00e9 investice a inovativn\u00ed koncepty, kter\u00e9 n\u00e1m p\u0159i napl\u0148ov\u00e1n\u00ed tohoto c\u00edle v\u00fdrazn\u011b pom\u00e1haj\u00ed,\u201c dod\u00e1v\u00e1 Cidlinsk\u00fd. D\u00edky zm\u00edn\u011bn\u00fdm krok\u016fm, kter\u00e9 spole\u010dnost ve snaze o redukci CO2 vypou\u0161t\u011bn\u00e9ho do ovzdu\u0161\u00ed podnik\u00e1, se stala nap\u0159\u00edklad dr\u017eitelem platinov\u00e9 medaile od renomovan\u00e9 ratingov\u00e9 agentury Ecovadis. OSN a agentura Bloomberg Wilo v roce 2020 za\u0159adila mezi 50 l\u00eddr\u016f v oblasti ochrany klimatu a v lo\u0148sk\u00e9m roce se nap\u0159\u00edklad spole\u010dnost jako jedin\u00fd v\u00fdrobce \u010derpadel um\u00edstila v \u017eeb\u0159\u00ed\u010dku l\u00eddr\u016f Evropy v oblasti ochrany klimatu pro rok 2024.<\/p>\n<p>* Vypo\u010dteno na z\u00e1klad\u011b hodnoty emisn\u00edho faktoru CO2 dle metodiky MPO \u010cR pro rok 2023 zve\u0159ejn\u011bn\u00e9ho 4.9.2024 zde.<\/p>\n<p><img loading=\"lazy\" decoding=\"async\" class=\"alignnone wp-image-10471\" src=\"http:\/\/www.automakers.cz\/wp-content\/uploads\/2025\/01\/Wilo_Join_the_ecolution_1-smalm-636x900.jpg\" alt=\"\" width=\"769\" height=\"1088\" srcset=\"https:\/\/www.automakers.cz\/wp-content\/uploads\/2025\/01\/Wilo_Join_the_ecolution_1-smalm-636x900.jpg 636w, https:\/\/www.automakers.cz\/wp-content\/uploads\/2025\/01\/Wilo_Join_the_ecolution_1-smalm-724x1024.jpg 724w, https:\/\/www.automakers.cz\/wp-content\/uploads\/2025\/01\/Wilo_Join_the_ecolution_1-smalm-768x1086.jpg 768w, https:\/\/www.automakers.cz\/wp-content\/uploads\/2025\/01\/Wilo_Join_the_ecolution_1-smalm-1086x1536.jpg 1086w, https:\/\/www.automakers.cz\/wp-content\/uploads\/2025\/01\/Wilo_Join_the_ecolution_1-smalm-1448x2048.jpg 1448w, https:\/\/www.automakers.cz\/wp-content\/uploads\/2025\/01\/Wilo_Join_the_ecolution_1-smalm-1024x1448.jpg 1024w, https:\/\/www.automakers.cz\/wp-content\/uploads\/2025\/01\/Wilo_Join_the_ecolution_1-smalm-scaled.jpg 1810w\" sizes=\"auto, (max-width: 769px) 100vw, 769px\" \/><\/p>\n","protected":false},"excerpt":{"rendered":"<p>28. ledna si p\u0159ipom\u00edn\u00e1me Mezin\u00e1rodn\u00ed den sni\u017eov\u00e1n\u00ed emis\u00ed CO2, jeho\u017e ko\u0159eny sahaj\u00ed a\u017e do roku&#8230;<\/p>\n","protected":false},"author":2,"featured_media":10475,"comment_status":"closed","ping_status":"closed","sticky":false,"template":"","format":"standard","meta":{"footnotes":""},"categories":[41,57],"tags":[],"class_list":["post-10468","post","type-post","status-publish","format-standard","has-post-thumbnail","hentry","category-ekologie","category-emise"],"_links":{"self":[{"href":"https:\/\/www.automakers.cz\/index.php?rest_route=\/wp\/v2\/posts\/10468","targetHints":{"allow":["GET"]}}],"collection":[{"href":"https:\/\/www.automakers.cz\/index.php?rest_route=\/wp\/v2\/posts"}],"about":[{"href":"https:\/\/www.automakers.cz\/index.php?rest_route=\/wp\/v2\/types\/post"}],"author":[{"embeddable":true,"href":"https:\/\/www.automakers.cz\/index.php?rest_route=\/wp\/v2\/users\/2"}],"replies":[{"embeddable":true,"href":"https:\/\/www.automakers.cz\/index.php?rest_route=%2Fwp%2Fv2%2Fcomments&post=10468"}],"version-history":[{"count":2,"href":"https:\/\/www.automakers.cz\/index.php?rest_route=\/wp\/v2\/posts\/10468\/revisions"}],"predecessor-version":[{"id":10542,"href":"https:\/\/www.automakers.cz\/index.php?rest_route=\/wp\/v2\/posts\/10468\/revisions\/10542"}],"wp:featuredmedia":[{"embeddable":true,"href":"https:\/\/www.automakers.cz\/index.php?rest_route=\/wp\/v2\/media\/10475"}],"wp:attachment":[{"href":"https:\/\/www.automakers.cz\/index.php?rest_route=%2Fwp%2Fv2%2Fmedia&parent=10468"}],"wp:term":[{"taxonomy":"category","embeddable":true,"href":"https:\/\/www.automakers.cz\/index.php?rest_route=%2Fwp%2Fv2%2Fcategories&post=10468"},{"taxonomy":"post_tag","embeddable":true,"href":"https:\/\/www.automakers.cz\/index.php?rest_route=%2Fwp%2Fv2%2Ftags&post=10468"}],"curies":[{"name":"wp","href":"https:\/\/api.w.org\/{rel}","templated":true}]}}