{"id":10489,"date":"2025-01-27T12:35:20","date_gmt":"2025-01-27T12:35:20","guid":{"rendered":"https:\/\/www.automakers.cz\/?p=10489"},"modified":"2025-01-27T13:17:34","modified_gmt":"2025-01-27T13:17:34","slug":"bedrnova-oslavila-3-misto-z-mcr-v-ecorally","status":"publish","type":"post","link":"https:\/\/www.automakers.cz\/?p=10489","title":{"rendered":"Bedrnov\u00e1 oslavila 3. m\u00edsto DS v ecoRally"},"content":{"rendered":"<p><strong>Zna\u010dka DS vybojovala poh\u00e1r za bronzov\u00e9 um\u00edst\u011bn\u00ed v dom\u00e1c\u00edm \u0161ampion\u00e1tu v ecoRally 2024. Na slavnostn\u00edm vyhl\u00e1\u0161en\u00ed v Autoklubu \u010cR ho p\u0159evzali \u0159editelka DS pro \u010ceskou republiku Martina Bedrnov\u00e1 a pilot DS e-rally teamu Jan \u0158\u00edha. B\u011bhem ceremoni\u00e1lu byl tak\u00e9 zve\u0159ejn\u011bn kalend\u00e1\u0159 sout\u011b\u017e\u00ed pro sez\u00f3nu 2025.<\/strong><!--more--><\/p>\n<p>P\u0159esto\u017ee \u0161lo o premi\u00e9rovou sez\u00f3nu pro zna\u010dku DS v mezin\u00e1rodn\u00edm M\u010cR v ecoRallye, dok\u00e1zala ji pos\u00e1dka Jan \u0158\u00edha a Jakub Kowalski p\u0159etavit ve t\u0159et\u00ed m\u00edsto v hodnocen\u00ed zna\u010dek a v \u0161estou p\u0159\u00ed\u010dku v sout\u011b\u017ei pos\u00e1dek. B\u011bhem slavnostn\u00edho vyhl\u00e1\u0161en\u00ed \u0159editelka DS v \u010cesku Martina Bedrnov\u00e1 potvrdila, \u017ee DS e-rally t\u00fdm pokra\u010duje se stejnou pos\u00e1dkou a stejn\u00fdmi c\u00edli i v nov\u00e9m ro\u010dn\u00edku 2025: \u201eS Honzou a Kubou jsme si dali p\u0159ed premi\u00e9rovou sez\u00f3nou c\u00edle, kter\u00e9 dok\u00e1zali naplnit. Tak\u017ee nen\u00ed d\u016fvod v \u00fasp\u011b\u0161n\u00e9 spolupr\u00e1ci nepokra\u010dovat. Pos\u00e1dka pojede op\u011bt s vozem DS 3 E-TENSE, ov\u0161em v nov\u00e9 barv\u011b i designu. A proto\u017ee kluci uk\u00e1zali konkurenceschopnost, chceme podobn\u00fdch v\u00fdsledk\u016f dos\u00e1hnout i v leto\u0161n\u00ed sez\u00f3n\u011b.\u201c<\/p>\n<p>Pilot t\u00fdmu a televizn\u00ed moder\u00e1tor Jan \u0158\u00edha bere prvn\u00ed kompletn\u00ed sez\u00f3nu jako odrazov\u00fd m\u016fstek k je\u0161t\u011b lep\u0161\u00edm individu\u00e1ln\u00edm v\u00fdsledk\u016fm. \u201eR\u00e1di bychom obh\u00e1jili bronz pro DS, p\u0159esto\u017ee konkurence zna\u010dek bude v nov\u00e9 sez\u00f3n\u011b obrovsk\u00e1. S t\u00fdmy Hyundai a Peugeot, kter\u00e9 do \u0161ampion\u00e1tu nasazuj\u00ed v\u00edce st\u00e1l\u00fdch pos\u00e1dek v\u010detn\u011b dvojn\u00e1sobn\u00fdch v\u00edt\u011bz\u016f sv\u011btov\u00e9ho poh\u00e1ru, se m\u011b\u0159it nem\u016f\u017eeme. Ale v individu\u00e1ln\u00edm hodnocen\u00ed pos\u00e1dek chceme v\u00fd\u0161 ne\u017e letos. Top 5 je na\u0161e meta. A r\u00e1di bychom v n\u011bkter\u00e9 ze sout\u011b\u017e\u00ed cht\u011bli poprv\u00e9 za\u017e\u00edt stupn\u011b v\u00edt\u011bz\u016f. S pokorou si ale uv\u011bdomujeme, \u017ee soupe\u0159i jsou velmi kvalitn\u00ed. Tyt\u00e9\u017e c\u00edle toti\u017e m\u00e1 zhruba osmi\u010dka dom\u00e1c\u00edch pos\u00e1dek.\u201c<\/p>\n<p>\u010ctvrt\u00fd ro\u010dn\u00edk \u0161ampion\u00e1tu ecoRally ur\u010den\u00fd prim\u00e1rn\u011b s\u00e9riov\u00fdm elektromobil\u016fm zah\u00e1j\u00ed \u010deskokrumlovsk\u00e1 Czech New Energies Rallye, kter\u00e1 bude jako jedin\u00e1 z \u010desk\u00fdch sout\u011b\u017e\u00ed sou\u010d\u00e1st\u00ed kalend\u00e1\u0159e sv\u011btov\u00e9ho poh\u00e1ru Bridgestone FIA ecoRally Cup. Nav\u00e1\u017ee na ni kv\u011btnov\u00e1 4. Futures Contproduct Classic Rally Morava, v \u010dervnu se pojede 2. ECO Rallye Beskydy a v \u010dervenci Bohemia ECO energy Regularity v okol\u00ed Liberce a Mlad\u00e9 Boleslavi.<\/p>\n<p>Novinkou v kalend\u00e1\u0159i bude v z\u00e1\u0159\u00ed t\u0159et\u00ed ro\u010dn\u00edk WETTERN CLASSIC RALLY na \u010ceskokrumlovsku a Prachaticku. Sez\u00f3nu zakon\u010d\u00ed listopadov\u00e1 2. New Energies Rallye \u017delezn\u00e9 hory, tentokr\u00e1t v nov\u00e9m form\u00e1tu. Start sout\u011b\u017ee bude v p\u00e1tek b\u011bhem nejv\u011bt\u0161\u00edho sv\u00e1tku elektromobility v \u010cR na v\u00fdstav\u011b e-Salon v Let\u0148anech, odkud se pos\u00e1dky p\u0159esunou do centra \u017delezn\u00fdch hor na Pardubicku. T\u0159\u00eddenn\u00ed sout\u011b\u017e se v ned\u011bli vr\u00e1t\u00ed do Prahy, kde v r\u00e1mci e-Salonu bude vyhl\u00e1\u0161en\u00ed v\u00fdsledk\u016f a zakon\u010den\u00ed sez\u00f3ny 2025.<\/p>\n<p>Zm\u011bny se pro sez\u00f3nu 2025 objevuj\u00ed i v pravidlech. Pat\u0159\u00ed mezi n\u011b nap\u0159\u00edklad roz\u0161\u00ed\u0159en\u00ed bodovan\u00fdch pozic na prvn\u00edch 15 pos\u00e1dek nebo zkr\u00e1cen\u00ed maxim\u00e1ln\u00ed d\u00e9lky jednoho testu na maxim\u00e1ln\u011b 40 kilometr\u016f.<\/p>\n<p><strong>KALEND\u00c1\u0158 MISTROVSTV\u00cd \u010cR V ECORALLY 2025:<\/strong><\/p>\n<p>14. \u2013 15. 3. 2025 13. Czech New Energies Rallye (\u010cesk\u00fd Krumlov)<\/p>\n<p>16. \u2013 17. 5. 2025 4. Futures Contproduct Classic Rally Morava (Olomouc)<\/p>\n<p>13. \u2013 14. 6. 2025 2. ECO Rallye Beskydy (\u010celadn\u00e1)<\/p>\n<p>11. \u2013 13. 7. 2025 Bohemia ECO energy Regularity (Mlad\u00e1 Boleslav)<\/p>\n<p>26. \u2013 27. 9. 2025 3. WETTERN CLASSIC RALLY (Ol\u0161ina)<\/p>\n<p>14. \u2013 16. 11. 2025 2. New Energies Rallye \u017delezn\u00e9 hory (Praha\/Pardubice)<\/p>\n<p><img loading=\"lazy\" decoding=\"async\" class=\"alignnone size-medium wp-image-10503\" src=\"http:\/\/www.automakers.cz\/wp-content\/uploads\/2025\/01\/DS-Automobiles-MCR-v-ecoRally-2024-2-900x675.jpg\" alt=\"\" width=\"900\" height=\"675\" srcset=\"https:\/\/www.automakers.cz\/wp-content\/uploads\/2025\/01\/DS-Automobiles-MCR-v-ecoRally-2024-2-900x675.jpg 900w, https:\/\/www.automakers.cz\/wp-content\/uploads\/2025\/01\/DS-Automobiles-MCR-v-ecoRally-2024-2-1024x768.jpg 1024w, https:\/\/www.automakers.cz\/wp-content\/uploads\/2025\/01\/DS-Automobiles-MCR-v-ecoRally-2024-2-768x576.jpg 768w, https:\/\/www.automakers.cz\/wp-content\/uploads\/2025\/01\/DS-Automobiles-MCR-v-ecoRally-2024-2-1536x1152.jpg 1536w, https:\/\/www.automakers.cz\/wp-content\/uploads\/2025\/01\/DS-Automobiles-MCR-v-ecoRally-2024-2.jpg 1600w\" sizes=\"auto, (max-width: 900px) 100vw, 900px\" \/><\/p>\n","protected":false},"excerpt":{"rendered":"<p>Zna\u010dka DS vybojovala poh\u00e1r za bronzov\u00e9 um\u00edst\u011bn\u00ed v dom\u00e1c\u00edm \u0161ampion\u00e1tu v ecoRally 2024. Na slavnostn\u00edm&#8230;<\/p>\n","protected":false},"author":2,"featured_media":10500,"comment_status":"closed","ping_status":"closed","sticky":false,"template":"","format":"standard","meta":{"footnotes":""},"categories":[19,53],"tags":[],"class_list":["post-10489","post","type-post","status-publish","format-standard","has-post-thumbnail","hentry","category-motorsport","category-vysledky"],"_links":{"self":[{"href":"https:\/\/www.automakers.cz\/index.php?rest_route=\/wp\/v2\/posts\/10489","targetHints":{"allow":["GET"]}}],"collection":[{"href":"https:\/\/www.automakers.cz\/index.php?rest_route=\/wp\/v2\/posts"}],"about":[{"href":"https:\/\/www.automakers.cz\/index.php?rest_route=\/wp\/v2\/types\/post"}],"author":[{"embeddable":true,"href":"https:\/\/www.automakers.cz\/index.php?rest_route=\/wp\/v2\/users\/2"}],"replies":[{"embeddable":true,"href":"https:\/\/www.automakers.cz\/index.php?rest_route=%2Fwp%2Fv2%2Fcomments&post=10489"}],"version-history":[{"count":6,"href":"https:\/\/www.automakers.cz\/index.php?rest_route=\/wp\/v2\/posts\/10489\/revisions"}],"predecessor-version":[{"id":10538,"href":"https:\/\/www.automakers.cz\/index.php?rest_route=\/wp\/v2\/posts\/10489\/revisions\/10538"}],"wp:featuredmedia":[{"embeddable":true,"href":"https:\/\/www.automakers.cz\/index.php?rest_route=\/wp\/v2\/media\/10500"}],"wp:attachment":[{"href":"https:\/\/www.automakers.cz\/index.php?rest_route=%2Fwp%2Fv2%2Fmedia&parent=10489"}],"wp:term":[{"taxonomy":"category","embeddable":true,"href":"https:\/\/www.automakers.cz\/index.php?rest_route=%2Fwp%2Fv2%2Fcategories&post=10489"},{"taxonomy":"post_tag","embeddable":true,"href":"https:\/\/www.automakers.cz\/index.php?rest_route=%2Fwp%2Fv2%2Ftags&post=10489"}],"curies":[{"name":"wp","href":"https:\/\/api.w.org\/{rel}","templated":true}]}}