{"id":10494,"date":"2025-01-26T19:01:38","date_gmt":"2025-01-26T19:01:38","guid":{"rendered":"https:\/\/www.automakers.cz\/?p=10494"},"modified":"2025-01-29T08:32:44","modified_gmt":"2025-01-29T08:32:44","slug":"pr-roku-2024-nominovano-25-manazeru","status":"publish","type":"post","link":"https:\/\/www.automakers.cz\/?p=10494","title":{"rendered":"PR roku 2024: nominov\u00e1no 25 mana\u017eer\u016f"},"content":{"rendered":"<p><strong>Klub motoristick\u00fdch novin\u00e1\u0159\u016f letos op\u011bt organizuje, ve spolupr\u00e1ci s AUTOmakers, anketu o nejlep\u0161\u00ed medi\u00e1ln\u00ed servis v r\u00e1mci SDA v roce 2024. Sout\u011b\u017e je jako ji\u017e obvykle vedlej\u0161\u00ed kategori\u00ed Auta roku v \u010cR. Posledn\u00ed hlasy byly odevzd\u00e1ny 25. ledna, zn\u00e1me jm\u00e9na nominovan\u00fdch mana\u017eer\u016f.<br \/>\n<\/strong><span id=\"more-147229\"><\/span><span id=\"more-7322\"><\/span><span id=\"more-39493\"><\/span><span id=\"more-46318\"><\/span><span id=\"more-1794\"><\/span><!--more--><\/p>\n<p>Klub motoristick\u00fdch novin\u00e1\u0159\u016f vyhl\u00e1sil loni v prosinci anketu v novodob\u00e9 historii u\u017e podev\u00e1t\u00e9.<\/p>\n<p>Jejich \u010dlenov\u00e9 mohli d\u00e1vat sv\u00e9 hlasy v\u0161em ofici\u00e1ln\u00edm mluv\u010d\u00edm spole\u010dnost\u00ed sdru\u017een\u00fdch v SDA, kte\u0159\u00ed poskytovali PR servis v pr\u016fb\u011bhu roku 2024. Loni hlasovalo 29 novin\u00e1\u0159\u016f, letos se akce z\u00fa\u010dastnilo 34 respondent\u016f.<\/p>\n<p><strong>Vyhl\u00e1\u0161en\u00ed v\u00edt\u011bze: 4. \u00fanora<br \/>\n<\/strong><\/p>\n<p>Vyhl\u00e1\u0161en\u00ed mana\u017eer\u016f, kte\u0159\u00ed loni poskytovali nejdostupn\u011bj\u0161\u00ed informa\u010dn\u00ed servis pro jejich redakce, chystaj\u00ed organiz\u00e1to\u0159i na 4. \u00fanora v r\u00e1mci fin\u00e1le ankety Auto roku 2024 v \u010cR.<\/p>\n<p><strong>Na startovn\u00ed \u010d\u00e1\u0159e je 25 PR mana\u017eer\u016f, t\u0159i nov\u00e1 jm\u00e9na<br \/>\n<\/strong><\/p>\n<p>Novin\u00e1\u0159i letos nominovali do sout\u011b\u017ee 25 jmen (jeden hlas rovn\u00e1 se nominace). Oproti lo\u0148sku se z\u00e1kladn\u00ed k\u00e1dr borc\u016f p\u0159\u00edli\u0161 nezm\u011bnil.<\/p>\n<p>Z favorit\u016f minul\u00fdch ro\u010dn\u00edk\u016f letos vypadl David Valenta, kter\u00fd loni ode\u0161el od Volkswagenu. Tak\u00e9 ji\u017e nem\u00e1me Lindu \u0160edou (Truhl\u00e1\u0159ovou), kter\u00e1 se na podzim rozlou\u010dila s Citro\u00ebnem. Ve startovn\u00edm poli se d\u00e1le neobjevili \u017e\u00e1dn\u00ed mana\u017ee\u0159i zna\u010dek Honda, Nissan nebo Porsche.<\/p>\n<p>Naopak m\u00e1me jedno staronov\u00e9 jm\u00e9no. Jan Kuhn, d\u0159\u00edve zn\u00e1m\u00fd od zna\u010dky Mercedes-Benz, letos sout\u011b\u017e\u00ed za Scanii. Meziro\u010dn\u011b p\u0159ibyli tak\u00e9 Adam Pr\u016f\u0161a z Mitsubishi a Michael Kudela od zna\u010dek Rolls-Royce a Aston Martin.<\/p>\n<p><strong>Leto\u0161n\u00ed nominace do hlavn\u00ed sout\u011b\u017ee ankety dle abecedy:<\/strong><\/p>\n<p><strong>Dominika Baborsk\u00e1, Suzuki<\/strong><\/p>\n<p><strong>Martina Bedrnov\u00e1, DS<\/strong><\/p>\n<p><strong>Petr Burian, Ford<\/strong><\/p>\n<p><strong>Petra Dole\u017ealov\u00e1, Volvo<\/strong><\/p>\n<p><strong>David Haidinger, BMW, Mini<\/strong><\/p>\n<p><strong>Josef Hl\u00e1vka, Mercedes-Benz<\/strong><\/p>\n<p><strong>Martin Hejral, Opel<\/strong><\/p>\n<p><strong>Tom\u00e1\u0161 Kotera, \u0160koda<\/strong><\/p>\n<p><strong>Michael Kudela, Rolls Royce<\/strong><\/p>\n<p><strong>Mark\u00e9ta Kuklov\u00e1, Mazda<\/strong><\/p>\n<p><strong>Jitka Jechov\u00e1, Toyota, Lexus<br \/>\n<\/strong><\/p>\n<p><strong>Jan Kuhn, Scania<\/strong><\/p>\n<p><strong>Sylva Marounkov\u00e1, FIAT, Jeep, Alfa<\/strong><\/p>\n<p><strong>Lenka Martinov\u00e1, Citro\u00ebn<\/strong><\/p>\n<p><strong>Radka Matthey, Peugeot<\/strong><\/p>\n<p><strong>David Pavl\u00ed\u010dek, Hyundai<\/strong><\/p>\n<p><strong>Adam Pr\u016f\u0161a, Mitsubishi<br \/>\n<\/strong><\/p>\n<p><strong>Ji\u0159\u00ed Rozko\u0161n\u00fd, Audi<\/strong><\/p>\n<p><strong>Jitka Skali\u010dkov\u00e1, Renault, Dacia<\/strong><\/p>\n<p><strong>M\u00ed\u0161a Sklen\u00e1\u0159ov\u00e1, \u0160koda<\/strong><\/p>\n<p><strong>Filip Stoulil, SEAT, CUPRA<br \/>\n<\/strong><\/p>\n<p><strong>Kate\u0159ina Va\u0148kov\u00e1 Jougl\u00ed\u010dkov\u00e1, Kia<\/strong><\/p>\n<p><strong>Lenka Va\u0148kov\u00e1, VW U\u017eitkov\u00e9<\/strong><\/p>\n<p><strong>Marek Vodi\u010dka, MG<\/strong><\/p>\n<p><strong>Zden\u011bk Zikmund, Subaru<\/strong><\/p>\n<figure id=\"attachment_13853\" class=\"wp-caption alignnone\" aria-describedby=\"caption-attachment-13853\"><img loading=\"lazy\" decoding=\"async\" class=\"size-large wp-image-13853\" src=\"http:\/\/www.automakersnews.cz\/wp-content\/uploads\/2023\/01\/Auto-roku-2023-Certousy-porota-1024x768.jpg\" alt=\"\" width=\"1024\" height=\"768\" \/><figcaption id=\"caption-attachment-13853\" class=\"wp-caption-text\">Do 4. \u00fanora bude jasn\u00e9, kdo z PR mana\u017eer\u016f se letos prokou\u0161e do fin\u00e1le ankety<\/figcaption><\/figure>\n","protected":false},"excerpt":{"rendered":"<p>Klub motoristick\u00fdch novin\u00e1\u0159\u016f letos op\u011bt organizuje, ve spolupr\u00e1ci s AUTOmakers, anketu o nejlep\u0161\u00ed medi\u00e1ln\u00ed servis&#8230;<\/p>\n","protected":false},"author":1,"featured_media":9264,"comment_status":"closed","ping_status":"closed","sticky":false,"template":"","format":"standard","meta":{"footnotes":""},"categories":[32,11,27,21],"tags":[],"class_list":["post-10494","post","type-post","status-publish","format-standard","has-post-thumbnail","hentry","category-ankety","category-importeri","category-novinari","category-pr"],"_links":{"self":[{"href":"https:\/\/www.automakers.cz\/index.php?rest_route=\/wp\/v2\/posts\/10494","targetHints":{"allow":["GET"]}}],"collection":[{"href":"https:\/\/www.automakers.cz\/index.php?rest_route=\/wp\/v2\/posts"}],"about":[{"href":"https:\/\/www.automakers.cz\/index.php?rest_route=\/wp\/v2\/types\/post"}],"author":[{"embeddable":true,"href":"https:\/\/www.automakers.cz\/index.php?rest_route=\/wp\/v2\/users\/1"}],"replies":[{"embeddable":true,"href":"https:\/\/www.automakers.cz\/index.php?rest_route=%2Fwp%2Fv2%2Fcomments&post=10494"}],"version-history":[{"count":5,"href":"https:\/\/www.automakers.cz\/index.php?rest_route=\/wp\/v2\/posts\/10494\/revisions"}],"predecessor-version":[{"id":10551,"href":"https:\/\/www.automakers.cz\/index.php?rest_route=\/wp\/v2\/posts\/10494\/revisions\/10551"}],"wp:featuredmedia":[{"embeddable":true,"href":"https:\/\/www.automakers.cz\/index.php?rest_route=\/wp\/v2\/media\/9264"}],"wp:attachment":[{"href":"https:\/\/www.automakers.cz\/index.php?rest_route=%2Fwp%2Fv2%2Fmedia&parent=10494"}],"wp:term":[{"taxonomy":"category","embeddable":true,"href":"https:\/\/www.automakers.cz\/index.php?rest_route=%2Fwp%2Fv2%2Fcategories&post=10494"},{"taxonomy":"post_tag","embeddable":true,"href":"https:\/\/www.automakers.cz\/index.php?rest_route=%2Fwp%2Fv2%2Ftags&post=10494"}],"curies":[{"name":"wp","href":"https:\/\/api.w.org\/{rel}","templated":true}]}}