{"id":1051,"date":"2023-12-20T09:20:17","date_gmt":"2023-12-20T09:20:17","guid":{"rendered":"https:\/\/www.automakers.cz\/?p=1051"},"modified":"2023-12-20T09:20:17","modified_gmt":"2023-12-20T09:20:17","slug":"cez-slibuje-zlevnit-elektrinu-do-e-aut","status":"publish","type":"post","link":"https:\/\/www.automakers.cz\/?p=1051","title":{"rendered":"\u010cEZ slibuje zlevnit elekt\u0159inu do e-aut"},"content":{"rendered":"<p><strong>Tarify pro dob\u00edjen\u00ed elektromobil\u016f v\u00a0s\u00edti ve\u0159ejn\u00fdch stanic \u010cEZ, kter\u00e9 vstoup\u00ed v\u00a0platnost od 15. ledna, umo\u017en\u00ed nab\u00edjej\u00edc\u00edm \u0159idi\u010d\u016fm \u010dasto v\u00fdrazn\u011b u\u0161et\u0159it za odebran\u00e9 kWh. Oproti dne\u0161ku tak na tarifu Standard lid\u00e9 uspo\u0159\u00ed 4, resp. 5 korun na kWh na rychl\u00fdch i ultrarychl\u00fdch stanic\u00edch.<\/strong> <!--more--><\/p>\n<p>P\u0159i vyu\u017e\u00edv\u00e1n\u00ed tarifu <strong>Premium<\/strong>\u00a0dokonce 5, resp. 7 korun na ka\u017ed\u00e9 odebran\u00e9 kWh. Podm\u00ednkou bude m\u011bs\u00ed\u010dn\u00ed pau\u0161\u00e1l 100, resp. 300 korun. S\u00ed\u0165 stojan\u016f \u010cEZ je nejvyu\u017e\u00edvan\u011bj\u0161\u00ed v\u00a0\u010cesk\u00e9 republice, za cel\u00fd leto\u0161n\u00ed rok by \u0159idi\u010di u jej\u00edch stojan\u016f m\u011bli odebrat v\u00edce ne\u017e 5 milion\u016f kWh certifikovan\u00e9 bezemisn\u00ed energie. Dob\u00edjec\u00ed stanice vznikaj\u00ed d\u00edky Opera\u010dn\u00edmu programu Doprava i z\u00a0vlastn\u00edch prost\u0159edk\u016f \u010cEZ.<\/p>\n<p><em><i>\u201ePodm\u00ednky pro rozvoj elektromobility v \u010cesk\u00e9 republice chceme pom\u00e1hat zlep\u0161ovat v\u00fdstavbou stanic i udr\u017eov\u00e1n\u00edm p\u0159ijateln\u00fdch cen za jejich vyu\u017e\u00edv\u00e1n\u00ed. Jen za lo\u0148sk\u00fd a leto\u0161n\u00ed rok jsme pro \u0159idi\u010de e-aut zprovoznili p\u0159es 230 nov\u00fdch stojan\u016f, v posledn\u00ed dob\u011b p\u0159itom st\u00e1le v\u011bt\u0161\u00ed procento nov\u00e9 v\u00fdstavby tvo\u0159\u00ed <\/i><\/em><em><i>ultrarychl\u00e9 stojany schopn\u00e9 doplnit do 10 minut energii pro dal\u0161\u00edch 150 kilometr\u016f j\u00edzdy. Navzdory ne\u00faprosn\u00e9 ekonomice, kterou sr\u00e1\u017e\u00ed p\u0159edev\u0161\u00edm n\u00edzk\u00e1 vyt\u00ed\u017eenost v\u0161ech dob\u00edjec\u00edch stanic v\u00a0\u010cR se dlouhodob\u011b sna\u017e\u00edme o zachov\u00e1n\u00ed p\u0159ijateln\u00fdch cen za odebranou elekt\u0159inu. Energetick\u00e1 krize sice dlouho \u0161la proti t\u011bmto z\u00e1m\u011br\u016fm, ale od ledna chceme umo\u017enit v\u00fdhodn\u011bj\u0161\u00ed dob\u00edjen\u00ed p\u0159edev\u0161\u00edm \u0159idi\u010d\u016fm, kte\u0159\u00ed na\u0161e stanice vyu\u017e\u00edvaj\u00ed nej\u010dast\u011bji. Ti tak mohou u na\u0161ich stanic u\u0161et\u0159it a\u017e 35 procent. Tarif Premium bude nejlevn\u011bj\u0161\u00ed na \u010desk\u00e9m trhu ve srovn\u00e1n\u00ed nejv\u011bt\u0161\u00edch t\u0159\u00ed dodavatel\u016f,\u201c<\/i><\/em>\u00a0\u0159\u00edk\u00e1 <strong><b>Tom\u00e1\u0161 Dzurilla, \u0159editel \u00fatvaru elektromobilita \u010cEZ<\/b><\/strong>.<\/p>\n<p>Nov\u00fd cen\u00edk slu\u017eby <strong><b>futurego<\/b><\/strong> p\u0159in\u00e1\u0161\u00ed p\u0159edev\u0161\u00edm mo\u017enost v\u00fdrazn\u00e9ho zlevn\u011bn\u00ed cen za dob\u00edjen\u00ed na stanic\u00edch ~~~ o v\u00fdkonu 50 kW a na ultrarychl\u00fdch stojanech o v\u00fdkonu 150+ kW. <strong><b>Nejv\u011bt\u0161\u00ed \u00faspory<\/b><\/strong>\u00a0oproti dne\u0161ku dos\u00e1hnou z\u00e1kazn\u00edci na tarifu <strong><b>Premium<\/b><\/strong>\u00a0p\u0159i \u201etankov\u00e1n\u00ed\u201c na ultrarychl\u00fdch stanic\u00edch. Registrovan\u00fd z\u00e1kazn\u00edk zaplat\u00ed 13 K\u010d\/kWh, tj.\u00a0<strong><b>o 7 K\u010d, resp. 35 % m\u00e9n\u011b<\/b><\/strong><strong><b>\u00a0<\/b><\/strong>ve srovn\u00e1n\u00ed s\u00a0neregistrovan\u00fdm \u0159idi\u010dem. Komplexn\u00ed bal\u00ed\u010dek zahrnuje mj. i tarif pro fleetov\u00e9 z\u00e1kazn\u00edky. V\u00edce v\u00a0tabulce n\u00ed\u017ee <em><i>(barevn\u011b jsou ozna\u010deny tarify s\u00a0mo\u017enost\u00ed \u00faspory n\u00e1klad\u016f oproti tarifu Neregistrovan\u00fd u\u017eivatel).<\/i><\/em>\u00a0V\u00a0pr\u016fb\u011bhu ledna bude na webu futurego.cz k\u00a0dispozici tak\u00e9 srovn\u00e1vac\u00ed online kalkula\u010dka.<\/p>\n<table>\n<tbody>\n<tr>\n<td rowspan=\"2\" width=\"152\"><strong><b>Typ<\/b><\/strong><\/p>\n<p><strong><b>stojanu<\/b><\/strong><\/p>\n<p><strong><b>\u00a0<\/b><\/strong><\/p>\n<p><strong><b>Tarif<\/b><\/strong><\/td>\n<td rowspan=\"2\" width=\"146\"><strong><b>Pau\u0161\u00e1l\/vozidlo <\/b><\/strong>[K\u010d \/ m\u011bs\u00edc]<\/td>\n<td colspan=\"3\" width=\"332\"><strong><b>\u010cEZ<\/b><\/strong><\/td>\n<td colspan=\"3\" width=\"307\"><strong><b>Roaming<\/b><\/strong><\/td>\n<\/tr>\n<tr>\n<td width=\"124\">~~<\/p>\n<p>&lt;50 kW<\/p>\n<p>[K\u010d \/ kWh]<\/p>\n<p><strong><b>\u00a0<\/b><\/strong><\/td>\n<td width=\"109\">~~~<\/p>\n<p>&lt;150 kW<\/p>\n<p>[K\u010d \/ kWh]<\/p>\n<p>\u00daspora<\/td>\n<td width=\"99\">~~~~<\/p>\n<p>\u2265150 kW<\/p>\n<p>[K\u010d \/ kWh]<\/p>\n<p>\u00daspora<\/td>\n<td width=\"102\">~~<\/p>\n<p>&lt;50 kW<\/p>\n<p>[K\u010d \/ kWh]<\/p>\n<p>\u00daspora<\/td>\n<td width=\"102\">~~~<\/p>\n<p>&lt;150 kW<\/p>\n<p>[K\u010d \/ kWh]<\/p>\n<p>\u00daspora<\/td>\n<td width=\"102\">~~~~<\/p>\n<p>\u2265150 kW<\/p>\n<p>[K\u010d \/ kWh]<\/p>\n<p>\u00daspora<\/td>\n<\/tr>\n<tr>\n<td width=\"152\"><strong><b>Neregistrovan\u00fd u\u017eivatel<\/b><\/strong><\/td>\n<td width=\"146\">0,-<\/td>\n<td width=\"124\">10,-<\/td>\n<td width=\"109\">15,-<\/td>\n<td width=\"99\">20,-<\/td>\n<td width=\"102\">&#8212;<\/td>\n<td width=\"102\">&#8212;<\/td>\n<td width=\"102\">&#8212;<\/td>\n<\/tr>\n<tr>\n<td width=\"152\"><strong><b>Basic<\/b><\/strong><\/td>\n<td width=\"146\">0,-<\/td>\n<td width=\"124\">8,-<\/p>\n<p>-20%<\/p>\n<p>5,90,-*<\/p>\n<p>-41%<\/td>\n<td width=\"109\">13,-<\/p>\n<p>-13%<\/td>\n<td width=\"99\">18,-<\/p>\n<p>-10%<\/td>\n<td width=\"102\">11,-<\/td>\n<td width=\"102\">16,-<\/td>\n<td width=\"102\">22,-<\/td>\n<\/tr>\n<tr>\n<td width=\"152\"><strong><b>Standard<\/b><\/strong><\/td>\n<td width=\"146\">100,-<\/td>\n<td width=\"124\">8,-<\/p>\n<p>-20%<\/p>\n<p>5,90*<\/p>\n<p>-41%<\/td>\n<td width=\"109\">11,-<\/p>\n<p>-26%<\/td>\n<td width=\"99\">15,-<\/p>\n<p>-25%<\/td>\n<td width=\"102\">11,-<\/td>\n<td width=\"102\">16,-<\/td>\n<td width=\"102\">22,-<\/td>\n<\/tr>\n<tr>\n<td width=\"152\"><strong><b>Premium<\/b><\/strong><\/td>\n<td width=\"146\">300,-<\/td>\n<td width=\"124\">8,-<\/p>\n<p>-20%<\/p>\n<p>5,90*<\/p>\n<p>-41%<\/td>\n<td width=\"109\">10,-<\/p>\n<p>-33%<\/td>\n<td width=\"99\">13,-<\/p>\n<p>-35%<\/td>\n<td width=\"102\">10,-<\/p>\n<p>-10%<\/td>\n<td width=\"102\">14,-<\/p>\n<p>-14%<\/td>\n<td width=\"102\">18,-<\/p>\n<p>-18%<\/td>\n<\/tr>\n<\/tbody>\n<\/table>\n<p><em><i>pozn. ceny jsou uvedeny v\u010detn\u011b DPH. <\/i><\/em><\/p>\n<p><em><i>* dob\u00edjec\u00ed body v\u00a0lokalit\u00e1ch Kaufland<\/i><\/em><\/p>\n<p><strong><b>CO UM\u00cd ULTRARYCHL\u00c9 STANICE<\/b><\/strong>\u00a0B\u011bhem p\u0159est\u00e1vky na ob\u010derstven\u00ed \u0159idi\u010d d\u00edky stojanu ~~~~\u00a0o v\u00fdkonu 150+ kW dopln\u00ed v\u011bt\u0161inu kapacity bateri\u00ed sv\u00e9ho auta zhruba za 10 minut a z\u00edsk\u00e1 energii na dal\u0161\u00edch zhruba 150 kilometr\u016f j\u00edzdy. P\u0159i zastaven\u00ed k\u00a0nab\u00edjen\u00ed se u\u017eivatel identifikuje pomoc\u00ed z\u00e1kaznick\u00e9 RFID karty nebo prost\u0159ednictv\u00edm aplikace Futurego, kter\u00e1 spolu s webov\u00fdm rozhran\u00edm (tzv. futurego \u00fa\u010det) umo\u017e\u0148uje pohodlnou spr\u00e1vu jejich \u00fa\u010dt\u016f. Mobiln\u00ed aplikace futurego um\u00ed vyhledat nejbli\u017e\u0161\u00ed dob\u00edjec\u00ed m\u00edsto v\u010detn\u011b aktu\u00e1ln\u00ed obsazenosti stojan\u016f. <strong><b>Pr\u00e1v\u011b <\/b><\/strong><strong><b>a <\/b><\/strong><strong><b>stojany, kter\u00fdch se zv\u00fdhodn\u011bn\u00e9 tarify dot\u00fdkaj\u00ed, p\u0159itom tvo\u0159\u00ed v\u00edce ne\u017e 80 % cel\u00e9 s\u00edt\u011b \u010cEZ a \u0159idi\u010di na nich dohromady na\u010derpaj\u00ed p\u0159es 95 % ve\u0161ker\u00e9 bezemisn\u00ed elekt\u0159iny odebran\u00e9 v s\u00edti \u010cEZ<\/b><\/strong>. Ob\u011b tato \u010d\u00edsla je\u0161t\u011b v\u00edce porostou s\u00a0v\u00fdstavbou nov\u00fdch stanic, velk\u00fdch dob\u00edjec\u00edch hub\u016f a zvy\u0161ov\u00e1n\u00edm pod\u00edlu elektromobil\u016f schopn\u00fdch tyto typy stanic naplno vyu\u017e\u00edvat.<\/p>\n<p><strong>Zdroj: \u010cEZ, Martin Schreier<\/strong><\/p>\n<p><img loading=\"lazy\" decoding=\"async\" class=\"alignnone size-medium wp-image-1053\" src=\"http:\/\/www.automakers.cz\/wp-content\/uploads\/2023\/12\/CEZ_Ultrafast-360-kW-Mikulov-741x900.jpg\" alt=\"\" width=\"741\" height=\"900\" srcset=\"https:\/\/www.automakers.cz\/wp-content\/uploads\/2023\/12\/CEZ_Ultrafast-360-kW-Mikulov-741x900.jpg 741w, https:\/\/www.automakers.cz\/wp-content\/uploads\/2023\/12\/CEZ_Ultrafast-360-kW-Mikulov-768x933.jpg 768w, https:\/\/www.automakers.cz\/wp-content\/uploads\/2023\/12\/CEZ_Ultrafast-360-kW-Mikulov.jpg 783w\" sizes=\"auto, (max-width: 741px) 100vw, 741px\" \/><\/p>\n","protected":false},"excerpt":{"rendered":"<p>Tarify pro dob\u00edjen\u00ed elektromobil\u016f v\u00a0s\u00edti ve\u0159ejn\u00fdch stanic \u010cEZ, kter\u00e9 vstoup\u00ed v\u00a0platnost od 15. ledna, umo\u017en\u00ed&#8230;<\/p>\n","protected":false},"author":1,"featured_media":1054,"comment_status":"open","ping_status":"open","sticky":false,"template":"","format":"standard","meta":{"footnotes":""},"categories":[9],"tags":[],"class_list":["post-1051","post","type-post","status-publish","format-standard","has-post-thumbnail","hentry","category-elektromobily"],"_links":{"self":[{"href":"https:\/\/www.automakers.cz\/index.php?rest_route=\/wp\/v2\/posts\/1051","targetHints":{"allow":["GET"]}}],"collection":[{"href":"https:\/\/www.automakers.cz\/index.php?rest_route=\/wp\/v2\/posts"}],"about":[{"href":"https:\/\/www.automakers.cz\/index.php?rest_route=\/wp\/v2\/types\/post"}],"author":[{"embeddable":true,"href":"https:\/\/www.automakers.cz\/index.php?rest_route=\/wp\/v2\/users\/1"}],"replies":[{"embeddable":true,"href":"https:\/\/www.automakers.cz\/index.php?rest_route=%2Fwp%2Fv2%2Fcomments&post=1051"}],"version-history":[{"count":3,"href":"https:\/\/www.automakers.cz\/index.php?rest_route=\/wp\/v2\/posts\/1051\/revisions"}],"predecessor-version":[{"id":1056,"href":"https:\/\/www.automakers.cz\/index.php?rest_route=\/wp\/v2\/posts\/1051\/revisions\/1056"}],"wp:featuredmedia":[{"embeddable":true,"href":"https:\/\/www.automakers.cz\/index.php?rest_route=\/wp\/v2\/media\/1054"}],"wp:attachment":[{"href":"https:\/\/www.automakers.cz\/index.php?rest_route=%2Fwp%2Fv2%2Fmedia&parent=1051"}],"wp:term":[{"taxonomy":"category","embeddable":true,"href":"https:\/\/www.automakers.cz\/index.php?rest_route=%2Fwp%2Fv2%2Fcategories&post=1051"},{"taxonomy":"post_tag","embeddable":true,"href":"https:\/\/www.automakers.cz\/index.php?rest_route=%2Fwp%2Fv2%2Ftags&post=1051"}],"curies":[{"name":"wp","href":"https:\/\/api.w.org\/{rel}","templated":true}]}}