{"id":10552,"date":"2025-01-28T12:51:44","date_gmt":"2025-01-28T12:51:44","guid":{"rendered":"https:\/\/www.automakers.cz\/?p=10552"},"modified":"2025-01-28T12:51:44","modified_gmt":"2025-01-28T12:51:44","slug":"lexus-oficialnim-vozem-davis-cupu-v-ostrave","status":"publish","type":"post","link":"https:\/\/www.automakers.cz\/?p=10552","title":{"rendered":"Lexus ofici\u00e1ln\u00edm vozem Davis Cupu v Ostrav\u011b"},"content":{"rendered":"<div class=\"article-content animation\">\n<p><strong>Modely NX, RX, RZ a LM pr\u00e9miov\u00e9 japonsk\u00e9 zna\u010dky Lexus se staly ofici\u00e1ln\u00edmi vozy nadch\u00e1zej\u00edc\u00edho kvalifika\u010dn\u00edho duelu Davis Cupu mezi \u010ceskem a Ji\u017en\u00ed Koreou, kter\u00fd se uskute\u010dn\u00ed od 31. ledna do 1. \u00fanora.<\/strong><\/p>\n<\/div>\n<p><!--more--><\/p>\n<p>V RT Torax Ar\u00e9n\u011b v Ostrav\u011b Porub\u011b nastoup\u00ed \u010desk\u00fd t\u00fdm pod veden\u00edm Tom\u00e1\u0161e Berdycha. V t\u00fdmu figuruj\u00ed hr\u00e1\u010di Ji\u0159\u00ed Lehe\u010dka, Tom\u00e1\u0161 Mach\u00e1\u010d, Jakub Men\u0161\u00edk, deblista Adam Pavl\u00e1sek a nov\u00e1\u010dek Maxim Mrva.<\/p>\n<p>Kvalifikace je dvoudenn\u00ed. V p\u00e1tek 31. ledna se hraje od 15:00, v sobotu 1. \u00fanora za\u010dnou z\u00e1pasy ve 12:00.<\/p>\n<div>\n<div id=\"image_35847\" class=\"image-gallery-wrapper font-reset\">\n<div class=\"image-content\">\n<div class=\"fit-size animation\"><label for=\"article-gallery-view-35847\"><img decoding=\"async\" class=\"resize\" src=\"https:\/\/www.lexusnews.eu\/images\/galleries\/Davis_Cup_25\/_DSF9809.jpg\" alt=\"LEXUS OFICI\u00c1LN\u00cdM VOZEM DAVIS CUPU V OSTRAV\u011a\" \/><\/label><\/div>\n<\/div>\n<\/div>\n<\/div>\n<p>Shuttle dopravu jak hr\u00e1\u010d\u016fm a realiza\u010dn\u00edm t\u00fdm\u016fm obou mu\u017estev, tak VIP host\u016fm budou zaji\u0161\u0165ovat SUV Lexus NX a Lexus RX s hybridn\u00edm nebo plug-in hybridn\u00edm pohonem, elektromobil Lexus RZ a tak\u00e9 luxusn\u00ed hybridn\u00ed van LM s a\u017e sedmi m\u00edsty k sezen\u00ed.<\/p>\n<p>Lexus se pravideln\u011b \u00fa\u010dastn\u00ed r\u016fzn\u00fdch akc\u00ed jako ofici\u00e1ln\u00ed v\u016fz, zejm\u00e9na v oblasti sportu a kultury. Ve sv\u011bt\u011b je partnerem golfov\u00fdch turnaj\u016f a turnaj\u016f tenisov\u00e9ho okruhu ATP, \u010di Filmov\u00e9ho festivalu v Ben\u00e1tk\u00e1ch. V \u010cesku je dlouhodob\u011b partnerem golfov\u00fdch turnaj\u016f Ladies European Tour a Challenge Tour v golfov\u00e9m resortu v Beroun\u011b, gastro sout\u011b\u017ee Bocuse d\u2019Or nebo fashion show n\u00e1vrh\u00e1\u0159e Jana \u010cern\u00e9ho.<\/p>\n<div>\n<div id=\"image_35862\" class=\"image-gallery-wrapper font-reset\">\n<div class=\"image-content\">\n<div class=\"fit-size animation\"><label for=\"article-gallery-view-35862\"><img decoding=\"async\" class=\"resize\" src=\"https:\/\/www.lexusnews.eu\/images\/galleries\/Davis_Cup_25\/_DSF9927.jpg\" alt=\"\" \/><\/label><\/div>\n<\/div>\n<\/div>\n<\/div>\n","protected":false},"excerpt":{"rendered":"<p>Modely NX, RX, RZ a LM pr\u00e9miov\u00e9 japonsk\u00e9 zna\u010dky Lexus se staly ofici\u00e1ln\u00edmi vozy nadch\u00e1zej\u00edc\u00edho&#8230;<\/p>\n","protected":false},"author":2,"featured_media":10553,"comment_status":"closed","ping_status":"closed","sticky":false,"template":"","format":"standard","meta":{"footnotes":""},"categories":[29,70],"tags":[],"class_list":["post-10552","post","type-post","status-publish","format-standard","has-post-thumbnail","hentry","category-sponzoring","category-sport"],"_links":{"self":[{"href":"https:\/\/www.automakers.cz\/index.php?rest_route=\/wp\/v2\/posts\/10552","targetHints":{"allow":["GET"]}}],"collection":[{"href":"https:\/\/www.automakers.cz\/index.php?rest_route=\/wp\/v2\/posts"}],"about":[{"href":"https:\/\/www.automakers.cz\/index.php?rest_route=\/wp\/v2\/types\/post"}],"author":[{"embeddable":true,"href":"https:\/\/www.automakers.cz\/index.php?rest_route=\/wp\/v2\/users\/2"}],"replies":[{"embeddable":true,"href":"https:\/\/www.automakers.cz\/index.php?rest_route=%2Fwp%2Fv2%2Fcomments&post=10552"}],"version-history":[{"count":4,"href":"https:\/\/www.automakers.cz\/index.php?rest_route=\/wp\/v2\/posts\/10552\/revisions"}],"predecessor-version":[{"id":10567,"href":"https:\/\/www.automakers.cz\/index.php?rest_route=\/wp\/v2\/posts\/10552\/revisions\/10567"}],"wp:featuredmedia":[{"embeddable":true,"href":"https:\/\/www.automakers.cz\/index.php?rest_route=\/wp\/v2\/media\/10553"}],"wp:attachment":[{"href":"https:\/\/www.automakers.cz\/index.php?rest_route=%2Fwp%2Fv2%2Fmedia&parent=10552"}],"wp:term":[{"taxonomy":"category","embeddable":true,"href":"https:\/\/www.automakers.cz\/index.php?rest_route=%2Fwp%2Fv2%2Fcategories&post=10552"},{"taxonomy":"post_tag","embeddable":true,"href":"https:\/\/www.automakers.cz\/index.php?rest_route=%2Fwp%2Fv2%2Ftags&post=10552"}],"curies":[{"name":"wp","href":"https:\/\/api.w.org\/{rel}","templated":true}]}}