{"id":10557,"date":"2025-01-29T08:09:52","date_gmt":"2025-01-29T08:09:52","guid":{"rendered":"https:\/\/www.automakers.cz\/?p=10557"},"modified":"2025-01-29T08:09:52","modified_gmt":"2025-01-29T08:09:52","slug":"seat-spousti-vlnu-akcnich-modelu-vamos","status":"publish","type":"post","link":"https:\/\/www.automakers.cz\/?p=10557","title":{"rendered":"SEAT spou\u0161t\u00ed vlnu ak\u010dn\u00edch model\u016f Vamos"},"content":{"rendered":"<p><strong>SEAT za\u0159adil do sv\u00e9 nab\u00eddky dva nov\u00e9 ak\u010dn\u00ed modely Vamos na z\u00e1klad\u011b SUV SEAT Arona a SEAT Ateca. Spole\u010dn\u00fdm jmenovatelem ak\u010dn\u00edch model\u016f Vamos je v\u00fdbava za atraktivn\u00ed ceny.<\/strong><br \/>\n<!--more--><\/p>\n<p><strong>\u201eSEAT vstupuje do nov\u00e9ho roku se sv\u011b\u017e\u00ed nab\u00eddkou nov\u00fdch ak\u010dn\u00edch model\u016f Vamos, kter\u00e1 navazuje na velmi \u00fasp\u011b\u0161nou limitovanou edici Vamos z\u00a0druh\u00e9 poloviny lo\u0148sk\u00e9ho roku,\u201c<\/strong>\u00a0\u0159\u00edk\u00e1 Tom\u00e1\u0161 Navr\u00e1til, vedouc\u00ed divize SEAT\/CUPRA spole\u010dnosti Porsche \u010cesk\u00e1 republika.<\/p>\n<figure id=\"attachment_9022\" aria-describedby=\"caption-attachment-9022\" style=\"width: 900px\" class=\"wp-caption alignnone\"><img loading=\"lazy\" decoding=\"async\" class=\"size-medium wp-image-9022\" src=\"http:\/\/www.automakers.cz\/wp-content\/uploads\/2024\/11\/Tomas_Navratil-low-small-900x600.jpg\" alt=\"\" width=\"900\" height=\"600\" srcset=\"https:\/\/www.automakers.cz\/wp-content\/uploads\/2024\/11\/Tomas_Navratil-low-small-900x600.jpg 900w, https:\/\/www.automakers.cz\/wp-content\/uploads\/2024\/11\/Tomas_Navratil-low-small-1024x683.jpg 1024w, https:\/\/www.automakers.cz\/wp-content\/uploads\/2024\/11\/Tomas_Navratil-low-small-768x512.jpg 768w, https:\/\/www.automakers.cz\/wp-content\/uploads\/2024\/11\/Tomas_Navratil-low-small.jpg 1274w\" sizes=\"auto, (max-width: 900px) 100vw, 900px\" \/><figcaption id=\"caption-attachment-9022\" class=\"wp-caption-text\">Tom\u00e1\u0161 Navr\u00e1til<\/figcaption><\/figure>\n<p><strong>\u201eAktu\u00e1ln\u011b maj\u00ed na\u0161i z\u00e1kazn\u00edci v r\u00e1mci edice Vamos na v\u00fdb\u011br m\u011bstsk\u00fd crossover Arona a kompaktn\u00ed rodinn\u00e9 SUV Ateca. Oba obl\u00edben\u00e9 modely jsou k dispozici s bohatou v\u00fdbavou za mimo\u0159\u00e1dn\u011b atraktivn\u00ed ceny.&#8220;<\/strong><\/p>\n<p>SEAT Arona Vamos vych\u00e1z\u00ed z\u00a0v\u00fdbavov\u00e9 linie Style a ji\u017e v\u00a0z\u00e1kladn\u00ed cen\u011b 439\u00a0900 K\u010d zahrnuje mimo jin\u00e9 16\u201c kola Design z\u00a0lehk\u00e9 slitiny, Full LED p\u0159edn\u00ed sv\u011btlomety, digit\u00e1ln\u00ed p\u0159\u00edstrojov\u00fd \u0161t\u00edt, informa\u010dn\u00ed a z\u00e1bavn\u00ed Media System s\u00a08,25\u201c displejem a konektivitou Full Link a parkovac\u00ed senzory vzadu.<\/p>\n<p><img loading=\"lazy\" decoding=\"async\" class=\"alignnone size-medium wp-image-10562\" src=\"http:\/\/www.automakers.cz\/wp-content\/uploads\/2025\/01\/SEAT-Vamos-2-900x506.webp\" alt=\"\" width=\"900\" height=\"506\" srcset=\"https:\/\/www.automakers.cz\/wp-content\/uploads\/2025\/01\/SEAT-Vamos-2-900x506.webp 900w, https:\/\/www.automakers.cz\/wp-content\/uploads\/2025\/01\/SEAT-Vamos-2-1024x576.webp 1024w, https:\/\/www.automakers.cz\/wp-content\/uploads\/2025\/01\/SEAT-Vamos-2-768x432.webp 768w, https:\/\/www.automakers.cz\/wp-content\/uploads\/2025\/01\/SEAT-Vamos-2.webp 1200w\" sizes=\"auto, (max-width: 900px) 100vw, 900px\" \/><\/p>\n<p>SEAT Ateca Vamos p\u0159eb\u00edr\u00e1 s\u00e9riovou v\u00fdbavu rovn\u011b\u017e od stupn\u011b v\u00fdbavy Style. Z\u00e1kazn\u00edci se tak mohou t\u011b\u0161it na vysokou \u00farove\u0148 bezpe\u010dnosti a komfortu, k\u00a0n\u00ed\u017e p\u0159isp\u00edvaj\u00ed nap\u0159\u00edklad 17\u201c kola z\u00a0lehk\u00e9 slitiny, Full LED sv\u011btlomety, digit\u00e1ln\u00ed p\u0159\u00edstrojov\u00fd \u0161t\u00edt, 2z\u00f3nov\u00e1 klimatizace Climatronic nebo parkovac\u00ed senzory vzadu. Ceny ak\u010dn\u00ed edice Ateca Vamos za\u010d\u00ednaj\u00ed ji\u017e od 649\u00a0900 K\u010d.<\/p>\n<p>Z\u00e1kazn\u00edci si mohou modely Arona Vamos a Ateca Vamos nakonfigurovat podle sv\u00fdch p\u0159edstav, nebo vyu\u017e\u00edt aktu\u00e1ln\u00ed nab\u00eddku skladov\u00fdch voz\u016f SEAT Vamos, kter\u00e9 jsou ihned k dispozici s mimo\u0159\u00e1dn\u011b atraktivn\u00edmi cenami a nadstandardn\u00ed v\u00fdbavou nav\u00edc. I u ak\u010dn\u00edch model\u016f Vamos je samoz\u0159ejmost\u00ed prodlou\u017een\u00e1 z\u00e1ruka v\u00fdrobce na 5 let nebo maxim\u00e1ln\u011b 100 000 km, kter\u00e1 se skl\u00e1d\u00e1 z 2let\u00e9 z\u00e1konn\u00e9 z\u00e1ruky a 3let\u00e9 prodlou\u017een\u00e9 z\u00e1ruky v\u00fdrobce.<\/p>\n<p><img loading=\"lazy\" decoding=\"async\" class=\"alignnone size-medium wp-image-10563\" src=\"http:\/\/www.automakers.cz\/wp-content\/uploads\/2025\/01\/SEAT-Vamos-3-900x506.webp\" alt=\"\" width=\"900\" height=\"506\" srcset=\"https:\/\/www.automakers.cz\/wp-content\/uploads\/2025\/01\/SEAT-Vamos-3-900x506.webp 900w, https:\/\/www.automakers.cz\/wp-content\/uploads\/2025\/01\/SEAT-Vamos-3-1024x576.webp 1024w, https:\/\/www.automakers.cz\/wp-content\/uploads\/2025\/01\/SEAT-Vamos-3-768x432.webp 768w, https:\/\/www.automakers.cz\/wp-content\/uploads\/2025\/01\/SEAT-Vamos-3.webp 1200w\" sizes=\"auto, (max-width: 900px) 100vw, 900px\" \/><\/p>\n","protected":false},"excerpt":{"rendered":"<p>SEAT za\u0159adil do sv\u00e9 nab\u00eddky dva nov\u00e9 ak\u010dn\u00ed modely Vamos na z\u00e1klad\u011b SUV SEAT Arona&#8230;<\/p>\n","protected":false},"author":2,"featured_media":10561,"comment_status":"closed","ping_status":"closed","sticky":false,"template":"","format":"standard","meta":{"footnotes":""},"categories":[37,69],"tags":[],"class_list":["post-10557","post","type-post","status-publish","format-standard","has-post-thumbnail","hentry","category-ceny-novinek","category-suv"],"_links":{"self":[{"href":"https:\/\/www.automakers.cz\/index.php?rest_route=\/wp\/v2\/posts\/10557","targetHints":{"allow":["GET"]}}],"collection":[{"href":"https:\/\/www.automakers.cz\/index.php?rest_route=\/wp\/v2\/posts"}],"about":[{"href":"https:\/\/www.automakers.cz\/index.php?rest_route=\/wp\/v2\/types\/post"}],"author":[{"embeddable":true,"href":"https:\/\/www.automakers.cz\/index.php?rest_route=\/wp\/v2\/users\/2"}],"replies":[{"embeddable":true,"href":"https:\/\/www.automakers.cz\/index.php?rest_route=%2Fwp%2Fv2%2Fcomments&post=10557"}],"version-history":[{"count":5,"href":"https:\/\/www.automakers.cz\/index.php?rest_route=\/wp\/v2\/posts\/10557\/revisions"}],"predecessor-version":[{"id":10569,"href":"https:\/\/www.automakers.cz\/index.php?rest_route=\/wp\/v2\/posts\/10557\/revisions\/10569"}],"wp:featuredmedia":[{"embeddable":true,"href":"https:\/\/www.automakers.cz\/index.php?rest_route=\/wp\/v2\/media\/10561"}],"wp:attachment":[{"href":"https:\/\/www.automakers.cz\/index.php?rest_route=%2Fwp%2Fv2%2Fmedia&parent=10557"}],"wp:term":[{"taxonomy":"category","embeddable":true,"href":"https:\/\/www.automakers.cz\/index.php?rest_route=%2Fwp%2Fv2%2Fcategories&post=10557"},{"taxonomy":"post_tag","embeddable":true,"href":"https:\/\/www.automakers.cz\/index.php?rest_route=%2Fwp%2Fv2%2Ftags&post=10557"}],"curies":[{"name":"wp","href":"https:\/\/api.w.org\/{rel}","templated":true}]}}