{"id":1057,"date":"2023-12-20T09:49:11","date_gmt":"2023-12-20T09:49:11","guid":{"rendered":"https:\/\/www.automakers.cz\/?p=1057"},"modified":"2023-12-20T09:49:11","modified_gmt":"2023-12-20T09:49:11","slug":"prodej-aut-v-eu-v-listopadu-vzrostl","status":"publish","type":"post","link":"https:\/\/www.automakers.cz\/?p=1057","title":{"rendered":"Prodej aut v EU v listopadu vzrostl"},"content":{"rendered":"<p><strong>Po\u010det registrac\u00ed nov\u00fdch osobn\u00edch aut v <span class=\"highlight-E1id0 highlight-E1M\">Evropsk\u00e9<\/span> <span class=\"highlight-E1id0 highlight-E1M\">unii<\/span> se v listopadu zv\u00fd\u0161il o 6,7 procenta na 885 581 voz\u016f, je to \u0161estn\u00e1ct\u00fd m\u011bs\u00edc r\u016fstu v \u0159ad\u011b. D\u00e1l se p\u0159itom zvy\u0161uje prodej elektrick\u00fdch aut, jejich pod\u00edl na nov\u011b zaregistrovan\u00fdch vozech u\u017e je skoro polovi\u010dn\u00ed.<\/strong><!--more--><\/p>\n<p>Ve sv\u00e9 zpr\u00e1v\u011b to dnes uvedlo Evropsk\u00e9 sdru\u017een\u00ed v\u00fdrobc\u016f automobil\u016f (ACEA). Prodej aut v <span class=\"highlight-E0id2 highlight-E0M\">\u010cesk\u00e9<\/span> <span class=\"highlight-E0id2 highlight-E0M\">republice<\/span> se zv\u00fd\u0161il o 11,5 procenta.<\/p>\n<p>Pod\u00edl prodan\u00fdch elektromobil\u016f na baterie stoupl na 16,3 procenta z 15 procent p\u0159ed rokem a znovu p\u0159ekonal pod\u00edl dieselov\u00fdch voz\u016f, kter\u00fd z\u016fstal na 13,7 procenta. N\u011bkter\u00e9 trhy, v\u010detn\u011b dvou nejv\u011bt\u0161\u00edch, zaznamenaly v\u00fdrazn\u00e9 dvoucifern\u00e9 p\u0159\u00edr\u016fstky &#8211; <span class=\"highlight-E0id5 highlight-E0M\">It\u00e1lie<\/span> o 16,2 procenta a <span class=\"highlight-E0id3 highlight-E0M\">Francie<\/span> o 14 procent.<\/p>\n<p>Naopak n\u011bmeck\u00fd trh s automobily zaznamenal meziro\u010dn\u00ed pokles o 5,7 procenta. Za 11 m\u011bs\u00edc\u016f leto\u0161n\u00edho roku se po\u010det registrac\u00ed v cel\u00e9 <span class=\"highlight-E1id0 highlight-E1M\">unii<\/span> zv\u00fd\u0161il o 15,7 procenta t\u00e9m\u011b\u0159 na deset milion\u016f voz\u016f. S v\u00fdjimkou <span class=\"highlight-E0id1 highlight-E0M\">Ma\u010farska<\/span> rostly v tomto obdob\u00ed v\u0161echny unijn\u00ed trhy. Co do pod\u00edlu na trhu se na druh\u00e9m m\u00edst\u011b um\u00edstily hybridn\u00ed elektromobily s pod\u00edlem na trhu 27,4 procenta, zat\u00edmco benzinov\u00e1 auta si udr\u017eela prvenstv\u00ed s pod\u00edlem 32,7 procenta.<\/p>\n<p><strong>Bateriov\u00e9 elektromobily maj\u00ed n\u011bmeck\u00fd probl\u00e9m<\/strong><\/p>\n<p>Po\u010det registrac\u00ed nov\u00fdch bateriov\u00fdch elektromobil\u016f se v <span class=\"highlight-E1id0 highlight-E1M\">EU<\/span> v listopadu zv\u00fd\u0161il o 16,4 procenta na 144.378 voz\u016f. N\u011bkolik trh\u016f p\u0159isp\u011blo k tomuto r\u016fstu dvoucifern\u00fdmi a trojcifern\u00fdmi procentn\u00edmi p\u0159\u00edr\u016fstky, zejm\u00e9na <span class=\"highlight-E0id4 highlight-E0M\">Belgie<\/span> (plus 150,2 procenta), kter\u00e1 je te\u010f p\u00e1t\u00fdm nejv\u011bt\u0161\u00edm trhem podle objemu.<\/p>\n<p>Prodej bateriov\u00fdch elektromobil\u016f v\u0161ak zaznamenal pokles v <span class=\"highlight-E0id0 highlight-E0M\">N\u011bmecku<\/span>, kde se sn\u00ed\u017eil o 22,5 procenta. Navzdory tomu dos\u00e1hl objem od za\u010d\u00e1tku roku t\u00e9m\u011b\u0159 1,4 milionu kus\u016f, co\u017e je n\u00e1r\u016fst o 48,2 procenta proti p\u0159edchoz\u00edmu roku. Na <span class=\"highlight-query\">automobilov\u00e9m<\/span> trhu v <span class=\"highlight-E1id0 highlight-E1M\">EU<\/span> to z\u00e1rove\u0148 p\u0159edstavuje pod\u00edl 14,2 procenta. Nejv\u011bt\u0161\u00ed automobilkou z\u016fstal <span class=\"highlight-E1id1 highlight-E4id0 highlight-E1M highlight-E4M\">Volkswagen<\/span> , kter\u00fd v listopadu zv\u00fd\u0161il prodej o 11,4 procenta. <span class=\"highlight-E4id0 highlight-E1id2 highlight-E4M highlight-E1M\">\u0160koda<\/span> <span class=\"highlight-E1id2 highlight-E4id0 highlight-E1M highlight-E4M\">Auto<\/span>, kter\u00e1 je sou\u010d\u00e1st\u00ed koncernu, zv\u00fd\u0161ila prodej o 38,7 procenta. Skupina <span class=\"highlight-E4id0 highlight-E1id1 highlight-E4M highlight-E1M\">Volkswagen<\/span> m\u00e1 na trhu pod\u00edl 26,2 procenta. Druh\u00e9mu Stellantisu prodej o 7,3 procenta klesl, naopak <span class=\"highlight-E1id4 highlight-E4id0 highlight-E1M highlight-E4M\">Renault<\/span> prodej o 6,1 procenta zv\u00fd\u0161il. <span class=\"highlight-E4id0 highlight-E1id3 highlight-E4M highlight-E1M\">Tesla<\/span> prodej zv\u00fd\u0161ila t\u00e9m\u011b\u0159 o 45 procent.<\/p>\n<p><strong>Zdroj: ACEA<\/strong><\/p>\n<p><img loading=\"lazy\" decoding=\"async\" class=\"alignnone size-medium wp-image-165\" src=\"http:\/\/www.automakers.cz\/wp-content\/uploads\/2023\/11\/EU-vlajka-300x199.jpg\" alt=\"\" width=\"300\" height=\"199\" srcset=\"https:\/\/www.automakers.cz\/wp-content\/uploads\/2023\/11\/EU-vlajka-300x199.jpg 300w, https:\/\/www.automakers.cz\/wp-content\/uploads\/2023\/11\/EU-vlajka.jpg 474w\" sizes=\"auto, (max-width: 300px) 100vw, 300px\" \/><\/p>\n","protected":false},"excerpt":{"rendered":"<p>Po\u010det registrac\u00ed nov\u00fdch osobn\u00edch aut v Evropsk\u00e9 unii se v listopadu zv\u00fd\u0161il o 6,7 procenta&#8230;<\/p>\n","protected":false},"author":1,"featured_media":420,"comment_status":"open","ping_status":"open","sticky":false,"template":"","format":"standard","meta":{"footnotes":""},"categories":[10],"tags":[],"class_list":["post-1057","post","type-post","status-publish","format-standard","has-post-thumbnail","hentry","category-statistika"],"_links":{"self":[{"href":"https:\/\/www.automakers.cz\/index.php?rest_route=\/wp\/v2\/posts\/1057","targetHints":{"allow":["GET"]}}],"collection":[{"href":"https:\/\/www.automakers.cz\/index.php?rest_route=\/wp\/v2\/posts"}],"about":[{"href":"https:\/\/www.automakers.cz\/index.php?rest_route=\/wp\/v2\/types\/post"}],"author":[{"embeddable":true,"href":"https:\/\/www.automakers.cz\/index.php?rest_route=\/wp\/v2\/users\/1"}],"replies":[{"embeddable":true,"href":"https:\/\/www.automakers.cz\/index.php?rest_route=%2Fwp%2Fv2%2Fcomments&post=1057"}],"version-history":[{"count":2,"href":"https:\/\/www.automakers.cz\/index.php?rest_route=\/wp\/v2\/posts\/1057\/revisions"}],"predecessor-version":[{"id":1059,"href":"https:\/\/www.automakers.cz\/index.php?rest_route=\/wp\/v2\/posts\/1057\/revisions\/1059"}],"wp:featuredmedia":[{"embeddable":true,"href":"https:\/\/www.automakers.cz\/index.php?rest_route=\/wp\/v2\/media\/420"}],"wp:attachment":[{"href":"https:\/\/www.automakers.cz\/index.php?rest_route=%2Fwp%2Fv2%2Fmedia&parent=1057"}],"wp:term":[{"taxonomy":"category","embeddable":true,"href":"https:\/\/www.automakers.cz\/index.php?rest_route=%2Fwp%2Fv2%2Fcategories&post=1057"},{"taxonomy":"post_tag","embeddable":true,"href":"https:\/\/www.automakers.cz\/index.php?rest_route=%2Fwp%2Fv2%2Ftags&post=1057"}],"curies":[{"name":"wp","href":"https:\/\/api.w.org\/{rel}","templated":true}]}}