{"id":10570,"date":"2025-01-29T08:19:37","date_gmt":"2025-01-29T08:19:37","guid":{"rendered":"https:\/\/www.automakers.cz\/?p=10570"},"modified":"2025-01-29T08:19:37","modified_gmt":"2025-01-29T08:19:37","slug":"konec-osobnich-cng-vozidel-v-cesku","status":"publish","type":"post","link":"https:\/\/www.automakers.cz\/?p=10570","title":{"rendered":"Konec osobn\u00edch CNG vozidel v \u010cesku"},"content":{"rendered":"<p><strong>Od lo\u0148sk\u00e9ho \u010dervence se na \u010desk\u00fdch silnic\u00edch neobjevilo jedin\u00e9 nov\u00e9 osobn\u00ed vozidlo poh\u00e1n\u011bn\u00e9 stla\u010den\u00fdm zemn\u00edm plynem (CNG). Posledn\u00edm takov\u00fdm vozidlem byla v \u010dervnu registrovan\u00e1 \u0160koda Octavia G-TEC, kter\u00e1 \u010desk\u00e9mu trhu dlouhodob\u011b dominovala.<\/strong><!--more--><\/p>\n<p>Jej\u00ed pod\u00edl na v\u0161ech registrovan\u00fdch CNG vozidlech v obdob\u00ed 2007-2024 dos\u00e1hl 58 %. V lo\u0148sk\u00e9m roce bylo registrov\u00e1no 216 nov\u00fdch osobn\u00edch vozidel na CNG, meziro\u010dn\u011b o 53 % m\u00e9n\u011b, vypl\u00fdv\u00e1 z aktualizovan\u00fdch informac\u00ed webu <a title=\"\u010cist\u00e1 doprava CZ\" href=\"https:\/\/go.sparkpostmail2.com\/f\/a\/-psM_Y_p0kxhU6dcWp297g~~\/AAA-fAA~\/RgRpecUpP0QcaHR0cHM6Ly93d3cuY2lzdGFkb3ByYXZhLmN6L1cDc3BjQgpnkSlAl2dxJRZLUhJpbmZvQGF1dG9tYWtlcnMuY3pYBAAA1CM~\" target=\"_blank\" rel=\"noopener noreferrer\">cistadoprava.cz<\/a>, kter\u00e9 vych\u00e1zej\u00ed ze zdrojov\u00fdch dat Ministerstva dopravy a Svazu dovozc\u016f automobil\u016f.<\/p>\n<p>Koncern Volkswagen, kter\u00fd m\u011bl na \u010desk\u00e9m trhu s CNG vozidly dominantn\u00ed postaven\u00ed, ji\u017e d\u0159\u00edve ozn\u00e1mil, \u017ee bude postupn\u011b utlumovat nab\u00eddku model\u016f na stla\u010den\u00fd zemn\u00ed plyn a v oblasti alternativn\u00edch paliv se zam\u011b\u0159\u00ed v\u00edce na elektromobilitu. Avizovan\u00e9 ukon\u010den\u00ed v\u00fdroby \u0160kody Octavie G-TEC tak znamen\u00e1 definitivn\u00ed konec \u00e9ry CNG vozidel, kter\u00e1 byla sv\u00e9ho \u010dasu popul\u00e1rn\u00ed volbou nejen pro ekologicky sm\u00fd\u0161lej\u00edc\u00ed \u0159idi\u010de, ale p\u0159in\u00e1\u0161ela i ekonomick\u00fd benefit v podob\u011b n\u00edzk\u00fdch provozn\u00edch n\u00e1klad\u016f.<\/p>\n<div class=\"MuiBox-root css-2kk4ci\">\n<div class=\"MuiContainer-root MuiContainer-maxWidthLg css-1yo25gs\">\n<p class=\"MuiTypography-root MuiTypography-body1 css-1okd8zz\"><strong>Registrace nov\u00fdch CNG vozidel v ostatn\u00edch kategori\u00edch v roce 2024:<\/strong><\/p>\n<ul>\n<li>lehk\u00e1 u\u017eitkov\u00e1 vozidla; (29 ks, meziro\u010dn\u011b -46,3 %, tr\u017en\u00ed pod\u00edl 0,13 %)\n<ul>\n<li>Volkswagen 27 ks, Iveco 2 ks<\/li>\n<\/ul>\n<\/li>\n<li>n\u00e1kladn\u00ed automobily; (7 ks, meziro\u010dn\u011b -17 ks, tr\u017en\u00ed pod\u00edl 0,08 %)\n<ul>\n<li>Scania 4 ks, Renault 2 ks, Iveco 1 ks<\/li>\n<\/ul>\n<\/li>\n<li>autobusy; (68 ks, meziro\u010dn\u011b -63,8 %, tr\u017en\u00ed pod\u00edl 5,11 %)\n<ul>\n<li>SOR 28 ks, Ro\u0161ero-P 21 ks, Iveco Bus 19 ks<\/li>\n<\/ul>\n<\/li>\n<\/ul>\n<p class=\"MuiTypography-root MuiTypography-body1 css-1okd8zz\"><em>Zdroj vstupn\u00edch dat: Ministerstvo dopravy, Svaz dovozc\u016f automobil\u016f, \u0160koda Auto<br \/>\nText: Centrum dopravn\u00edho v\u00fdzkumu, <a href=\"https:\/\/www.cistadoprava.cz\/\">cistadoprava.cz<\/a><\/em><\/p>\n<div class=\"gatsby-image-wrapper gatsby-image-wrapper-constrained\" data-gatsby-image-wrapper=\"\">\n<div><img decoding=\"async\" role=\"presentation\" src=\"data:;base64,<svg height='960' width='720' xmlns='http:\/\/www.w3.org\/2000\/svg' version='1.1'><\/svg>&#8220; alt=&#8220;&#8220; aria-hidden=&#8220;true&#8220; \/><\/div>\n<div aria-hidden=\"true\" data-placeholder-image=\"\"><\/div>\n<picture><source srcset=\"\/static\/b9452e3d92a2bb39a0f463effa827a93\/ac704\/280BIOPVABBPABOAPV.webp 180w, \n\/static\/b9452e3d92a2bb39a0f463effa827a93\/c70a3\/280BIOPVABBPABOAPV.webp 360w,\n\/static\/b9452e3d92a2bb39a0f463effa827a93\/05b3f\/280BIOPVABBPABOAPV.webp 720w\" type=\"image\/webp\" sizes=\"(min-width: 720px) 720px, 100vw\" \/><\/picture><\/div>\n<\/div>\n<\/div>\n<p>&nbsp;<\/p>\n","protected":false},"excerpt":{"rendered":"<p>Od lo\u0148sk\u00e9ho \u010dervence se na \u010desk\u00fdch silnic\u00edch neobjevilo jedin\u00e9 nov\u00e9 osobn\u00ed vozidlo poh\u00e1n\u011bn\u00e9 stla\u010den\u00fdm zemn\u00edm&#8230;<\/p>\n","protected":false},"author":1,"featured_media":259,"comment_status":"closed","ping_status":"closed","sticky":false,"template":"","format":"standard","meta":{"footnotes":""},"categories":[48,10],"tags":[],"class_list":["post-10570","post","type-post","status-publish","format-standard","has-post-thumbnail","hentry","category-registrace","category-statistika"],"_links":{"self":[{"href":"https:\/\/www.automakers.cz\/index.php?rest_route=\/wp\/v2\/posts\/10570","targetHints":{"allow":["GET"]}}],"collection":[{"href":"https:\/\/www.automakers.cz\/index.php?rest_route=\/wp\/v2\/posts"}],"about":[{"href":"https:\/\/www.automakers.cz\/index.php?rest_route=\/wp\/v2\/types\/post"}],"author":[{"embeddable":true,"href":"https:\/\/www.automakers.cz\/index.php?rest_route=\/wp\/v2\/users\/1"}],"replies":[{"embeddable":true,"href":"https:\/\/www.automakers.cz\/index.php?rest_route=%2Fwp%2Fv2%2Fcomments&post=10570"}],"version-history":[{"count":2,"href":"https:\/\/www.automakers.cz\/index.php?rest_route=\/wp\/v2\/posts\/10570\/revisions"}],"predecessor-version":[{"id":10572,"href":"https:\/\/www.automakers.cz\/index.php?rest_route=\/wp\/v2\/posts\/10570\/revisions\/10572"}],"wp:featuredmedia":[{"embeddable":true,"href":"https:\/\/www.automakers.cz\/index.php?rest_route=\/wp\/v2\/media\/259"}],"wp:attachment":[{"href":"https:\/\/www.automakers.cz\/index.php?rest_route=%2Fwp%2Fv2%2Fmedia&parent=10570"}],"wp:term":[{"taxonomy":"category","embeddable":true,"href":"https:\/\/www.automakers.cz\/index.php?rest_route=%2Fwp%2Fv2%2Fcategories&post=10570"},{"taxonomy":"post_tag","embeddable":true,"href":"https:\/\/www.automakers.cz\/index.php?rest_route=%2Fwp%2Fv2%2Ftags&post=10570"}],"curies":[{"name":"wp","href":"https:\/\/api.w.org\/{rel}","templated":true}]}}