{"id":10575,"date":"2025-01-29T08:52:17","date_gmt":"2025-01-29T08:52:17","guid":{"rendered":"https:\/\/www.automakers.cz\/?p=10575"},"modified":"2025-01-29T08:52:17","modified_gmt":"2025-01-29T08:52:17","slug":"prologis-s-novym-recx-directorem","status":"publish","type":"post","link":"https:\/\/www.automakers.cz\/?p=10575","title":{"rendered":"Prologis s nov\u00fdm RECX Directorem"},"content":{"rendered":"<p><strong><b>Prologis jmenoval nov\u00e9ho seniorn\u00edho l\u00eddra, Jana Balcera. Ve sv\u00e9 nov\u00e9 roli bude zodpov\u011bdn\u00fd za veden\u00ed t\u00fdm\u016f Real Estate and Customer Experience (RECX) v \u010cesk\u00e9 republice a na Slovensku. <\/b><\/strong><!--more--><\/p>\n<p>Tyto t\u00fdmy se zam\u011b\u0159uj\u00ed na pln\u011bn\u00ed individu\u00e1ln\u00edch pot\u0159eb a p\u0159\u00e1n\u00ed z\u00e1kazn\u00edk\u016f prost\u0159ednictv\u00edm \u0161pi\u010dkov\u00fdch komplexn\u00edch slu\u017eeb. Propojuj\u00ed odborn\u00edky z r\u016fzn\u00fdch oblast\u00ed, d\u00edky \u010demu\u017e mohou nab\u00eddnout integrovan\u00e1 a inovativn\u00ed \u0159e\u0161en\u00ed na m\u00edru.<\/p>\n<p>Jan Balcer na pozici st\u0159\u00edd\u00e1 Pavlu Proch\u00e1zkovou, kter\u00e1 byla ned\u00e1vno pov\u00fd\u0161ena do celoevropsk\u00e9ho veden\u00ed RECX t\u00fdm\u016f, a\u00a0nav\u00e1\u017ee tak na jej\u00ed vynikaj\u00edc\u00ed pr\u00e1ci v\u00a0oblasti zvy\u0161ov\u00e1n\u00ed kvality p\u00e9\u010de o\u00a0z\u00e1kazn\u00edky.<\/p>\n<p><em><i>\u201eJe pro m\u011b velkou ct\u00ed p\u0159evz\u00edt tuto roli a spolupracovat s talentovan\u00fdm t\u00fdmem profesion\u00e1l\u016f, kte\u0159\u00ed sv\u00fdm z\u00e1kazn\u00edk\u016fm neust\u00e1le poskytuj\u00ed \u0161pi\u010dkov\u00e9 slu\u017eby p\u0159esahuj\u00edc\u00ed r\u00e1mec nemovitost\u00ed. Prologis nastavil v oblasti logistick\u00fdch nemovitost\u00ed vysok\u00fd standard a\u00a0j\u00e1 se t\u011b\u0161\u00edm, \u017ee p\u0159isp\u011bji k\u00a0jeho dal\u0161\u00edmu rozvoji,\u201c<\/i><\/em>\u00a0uvedl <strong><b>Jan Balcer<\/b><\/strong>.<\/p>\n<p>Jan p\u0159ich\u00e1z\u00ed do Prologis ze spole\u010dnosti P3 Logistic Parks kde jako Senior Property Manager hr\u00e1l kl\u00ed\u010dovou roli p\u0159i spr\u00e1v\u011b rozmanit\u00e9ho portfolia logistick\u00fdch nemovitost\u00ed. P\u0159edt\u00edm v\u00edce ne\u017e p\u011bt let p\u016fsobil jako Property Manager ve spole\u010dnosti VGP. M\u00e1 mnohalet\u00e9 cenn\u00e9 zku\u0161enosti nejen z\u00a0oblasti logistiky a\u00a0nemovitost\u00ed, ale tak\u00e9 z\u00a0financ\u00ed a\u00a0provozu.<\/p>\n<p><em><i>\u201eJanovy hlubok\u00e9 odborn\u00e9 znalosti v oblasti asset managementu budou pro na\u0161e p\u016fsoben\u00ed v \u010cesk\u00e9 republice a na Slovensku obrovsk\u00fdm p\u0159\u00ednosem,\u201c<\/i><\/em>\u00a0uvedl <strong><b>Martin Bal\u00e1\u017e, SVP, Head of Asset Management pro st\u0159edn\u00ed Evropu<\/b><\/strong>. <em><i>\u201eJsme p\u0159esv\u011bd\u010deni, \u017ee jeho inovativn\u00ed n\u00e1pady a v\u016fd\u010d\u00ed schopnosti d\u00e1le pos\u00edl\u00ed \u00fasp\u011bch na\u0161eho t\u00fdmu RECX<\/i><\/em>.\u201c<\/p>\n<p><img loading=\"lazy\" decoding=\"async\" class=\"alignnone size-medium wp-image-10577\" src=\"http:\/\/www.automakers.cz\/wp-content\/uploads\/2025\/01\/Jan-Balcer_Prologis-600x900.jpg\" alt=\"\" width=\"600\" height=\"900\" \/><\/p>\n<p><strong>Zdroj: Prologis<\/strong><\/p>\n","protected":false},"excerpt":{"rendered":"<p>Prologis jmenoval nov\u00e9ho seniorn\u00edho l\u00eddra, Jana Balcera. Ve sv\u00e9 nov\u00e9 roli bude zodpov\u011bdn\u00fd za veden\u00ed&#8230;<\/p>\n","protected":false},"author":1,"featured_media":6372,"comment_status":"closed","ping_status":"closed","sticky":false,"template":"","format":"standard","meta":{"footnotes":""},"categories":[6,5],"tags":[],"class_list":["post-10575","post","type-post","status-publish","format-standard","has-post-thumbnail","hentry","category-management","category-personalie"],"_links":{"self":[{"href":"https:\/\/www.automakers.cz\/index.php?rest_route=\/wp\/v2\/posts\/10575","targetHints":{"allow":["GET"]}}],"collection":[{"href":"https:\/\/www.automakers.cz\/index.php?rest_route=\/wp\/v2\/posts"}],"about":[{"href":"https:\/\/www.automakers.cz\/index.php?rest_route=\/wp\/v2\/types\/post"}],"author":[{"embeddable":true,"href":"https:\/\/www.automakers.cz\/index.php?rest_route=\/wp\/v2\/users\/1"}],"replies":[{"embeddable":true,"href":"https:\/\/www.automakers.cz\/index.php?rest_route=%2Fwp%2Fv2%2Fcomments&post=10575"}],"version-history":[{"count":2,"href":"https:\/\/www.automakers.cz\/index.php?rest_route=\/wp\/v2\/posts\/10575\/revisions"}],"predecessor-version":[{"id":10578,"href":"https:\/\/www.automakers.cz\/index.php?rest_route=\/wp\/v2\/posts\/10575\/revisions\/10578"}],"wp:featuredmedia":[{"embeddable":true,"href":"https:\/\/www.automakers.cz\/index.php?rest_route=\/wp\/v2\/media\/6372"}],"wp:attachment":[{"href":"https:\/\/www.automakers.cz\/index.php?rest_route=%2Fwp%2Fv2%2Fmedia&parent=10575"}],"wp:term":[{"taxonomy":"category","embeddable":true,"href":"https:\/\/www.automakers.cz\/index.php?rest_route=%2Fwp%2Fv2%2Fcategories&post=10575"},{"taxonomy":"post_tag","embeddable":true,"href":"https:\/\/www.automakers.cz\/index.php?rest_route=%2Fwp%2Fv2%2Ftags&post=10575"}],"curies":[{"name":"wp","href":"https:\/\/api.w.org\/{rel}","templated":true}]}}