{"id":1063,"date":"2023-12-20T10:22:20","date_gmt":"2023-12-20T10:22:20","guid":{"rendered":"https:\/\/www.automakers.cz\/?p=1063"},"modified":"2023-12-20T11:24:33","modified_gmt":"2023-12-20T11:24:33","slug":"renault-letos-trha-rekordy-v-prodeji-lcv","status":"publish","type":"post","link":"https:\/\/www.automakers.cz\/?p=1063","title":{"rendered":"Renault letos trh\u00e1 rekordy v prodeji LCV"},"content":{"rendered":"<p><strong>\u0160\u00e9f Renaultu \u010cR Zden\u011bk Grunt sezval novin\u00e1\u0159e do pra\u017esk\u00e9ho Hiltonu na kulat\u00fd st\u016fl k t\u00e9matu lehk\u00fdch u\u017eitkov\u00fdch voz\u016f. Statistiku leto\u0161n\u00edch prodej\u016f a novinky roku 2024 z tohoto segmentu komentoval Petr Motal\u00edk, produktov\u00fd mana\u017eer LCV CZ\/SK.<\/strong><!--more--><\/p>\n<p>Zna\u010dka ohl\u00e1sila nejv\u00edce prodan\u00fdch LUV za posledn\u00edch 13 let. Z v\u00edce ne\u017e 20 000 celkov\u011b prodan\u00fdch u\u017eitkov\u00fdch voz\u016f na \u010desk\u00e9m trhu pat\u0159ilo zna\u010dce Renault v\u00ed\u00e9ce ne\u017e t\u0159i tis\u00edce kus\u016f.<\/p>\n<p><img loading=\"lazy\" decoding=\"async\" class=\"alignnone size-medium wp-image-1071\" src=\"http:\/\/www.automakers.cz\/wp-content\/uploads\/2023\/12\/Renault-Hilton-LCV-graf-orez-900x547.jpg\" alt=\"\" width=\"900\" height=\"547\" srcset=\"https:\/\/www.automakers.cz\/wp-content\/uploads\/2023\/12\/Renault-Hilton-LCV-graf-orez-900x547.jpg 900w, https:\/\/www.automakers.cz\/wp-content\/uploads\/2023\/12\/Renault-Hilton-LCV-graf-orez-1024x622.jpg 1024w, https:\/\/www.automakers.cz\/wp-content\/uploads\/2023\/12\/Renault-Hilton-LCV-graf-orez-768x467.jpg 768w, https:\/\/www.automakers.cz\/wp-content\/uploads\/2023\/12\/Renault-Hilton-LCV-graf-orez-1536x934.jpg 1536w, https:\/\/www.automakers.cz\/wp-content\/uploads\/2023\/12\/Renault-Hilton-LCV-graf-orez.jpg 1851w\" sizes=\"auto, (max-width: 900px) 100vw, 900px\" \/><\/p>\n<p>&#8222;To znamen\u00e1 35procentn\u00ed n\u00e1r\u016fst pro agreg\u00e1tn\u00ed trh a o 25 procent meziro\u010dn\u011b v\u00edce pro Renault,&#8220; \u0159ekl Motal\u00edk s t\u00edm, \u017ee ka\u017ed\u00e9 sedm\u00e9 prodan\u00e9 auto v segmentu byl letos Renault.<\/p>\n<p>K pil\u00ed\u0159\u016fm \u00fasp\u011bchu pat\u0159ily siln\u00e9 modelov\u00e9 \u0159ady, nab\u00eddka p\u0159estaveb a s\u00ed\u0165 PRO plus. Nejv\u00edc jde z dod\u00e1vek na odbyt Renault Master (1888 kus\u016f), n\u00e1sledovan\u00fd modelem Trafic (562).<\/p>\n<p><strong>Produktov\u00e9 pl\u00e1ny na 2024<\/strong><\/p>\n<p>Zna\u010dka si brous\u00ed zuby i na p\u0159\u00ed\u0161t\u00ed rok. Slibuje sv\u00fdm dealer\u016fm hned n\u011bkolik novinek, mezi n\u011b\u017e budou pat\u0159it mimo jin\u00e9 nov\u00e9 verze Express Vanu, modelu Kangoo, Traficu i nejv\u011bt\u0161\u00edho Masteru.<\/p>\n<p><strong>Erich Handl, Hilton<\/strong><\/p>\n<p><img loading=\"lazy\" decoding=\"async\" class=\"alignnone size-medium wp-image-1073\" src=\"http:\/\/www.automakers.cz\/wp-content\/uploads\/2023\/12\/Renault-LUV-2024-900x675.jpg\" alt=\"\" width=\"900\" height=\"675\" srcset=\"https:\/\/www.automakers.cz\/wp-content\/uploads\/2023\/12\/Renault-LUV-2024-900x675.jpg 900w, https:\/\/www.automakers.cz\/wp-content\/uploads\/2023\/12\/Renault-LUV-2024-1024x768.jpg 1024w, https:\/\/www.automakers.cz\/wp-content\/uploads\/2023\/12\/Renault-LUV-2024-768x576.jpg 768w, https:\/\/www.automakers.cz\/wp-content\/uploads\/2023\/12\/Renault-LUV-2024-1536x1152.jpg 1536w, https:\/\/www.automakers.cz\/wp-content\/uploads\/2023\/12\/Renault-LUV-2024.jpg 2040w\" sizes=\"auto, (max-width: 900px) 100vw, 900px\" \/><\/p>\n<p>&nbsp;<\/p>\n<p>&nbsp;<\/p>\n<p>&nbsp;<\/p>\n","protected":false},"excerpt":{"rendered":"<p>\u0160\u00e9f Renaultu \u010cR Zden\u011bk Grunt sezval novin\u00e1\u0159e do pra\u017esk\u00e9ho Hiltonu na kulat\u00fd st\u016fl k t\u00e9matu&#8230;<\/p>\n","protected":false},"author":1,"featured_media":1066,"comment_status":"open","ping_status":"open","sticky":false,"template":"","format":"standard","meta":{"footnotes":""},"categories":[10,20],"tags":[],"class_list":["post-1063","post","type-post","status-publish","format-standard","has-post-thumbnail","hentry","category-statistika","category-tiskovky"],"_links":{"self":[{"href":"https:\/\/www.automakers.cz\/index.php?rest_route=\/wp\/v2\/posts\/1063","targetHints":{"allow":["GET"]}}],"collection":[{"href":"https:\/\/www.automakers.cz\/index.php?rest_route=\/wp\/v2\/posts"}],"about":[{"href":"https:\/\/www.automakers.cz\/index.php?rest_route=\/wp\/v2\/types\/post"}],"author":[{"embeddable":true,"href":"https:\/\/www.automakers.cz\/index.php?rest_route=\/wp\/v2\/users\/1"}],"replies":[{"embeddable":true,"href":"https:\/\/www.automakers.cz\/index.php?rest_route=%2Fwp%2Fv2%2Fcomments&post=1063"}],"version-history":[{"count":9,"href":"https:\/\/www.automakers.cz\/index.php?rest_route=\/wp\/v2\/posts\/1063\/revisions"}],"predecessor-version":[{"id":1077,"href":"https:\/\/www.automakers.cz\/index.php?rest_route=\/wp\/v2\/posts\/1063\/revisions\/1077"}],"wp:featuredmedia":[{"embeddable":true,"href":"https:\/\/www.automakers.cz\/index.php?rest_route=\/wp\/v2\/media\/1066"}],"wp:attachment":[{"href":"https:\/\/www.automakers.cz\/index.php?rest_route=%2Fwp%2Fv2%2Fmedia&parent=1063"}],"wp:term":[{"taxonomy":"category","embeddable":true,"href":"https:\/\/www.automakers.cz\/index.php?rest_route=%2Fwp%2Fv2%2Fcategories&post=1063"},{"taxonomy":"post_tag","embeddable":true,"href":"https:\/\/www.automakers.cz\/index.php?rest_route=%2Fwp%2Fv2%2Ftags&post=1063"}],"curies":[{"name":"wp","href":"https:\/\/api.w.org\/{rel}","templated":true}]}}