{"id":10665,"date":"2025-02-04T18:04:56","date_gmt":"2025-02-04T18:04:56","guid":{"rendered":"https:\/\/www.automakers.cz\/?p=10665"},"modified":"2025-02-04T18:04:56","modified_gmt":"2025-02-04T18:04:56","slug":"panamera-vitezi-v-ankete-wwcoty-2025","status":"publish","type":"post","link":"https:\/\/www.automakers.cz\/?p=10665","title":{"rendered":"Panamera v\u00edt\u011bz\u00ed v anket\u011b WWCOTY 2025"},"content":{"rendered":"<p><strong>Glob\u00e1ln\u00ed odborn\u00e1 \u017eensk\u00e1 anketa, hodnot\u00edc\u00ed nejlep\u0161\u00ed vozy ve sv\u00fdch kategori\u00edch, vyhl\u00e1sila v\u00edt\u011bze pro rok 2025. Kategorii luxusn\u00edch v\u00fdkonn\u00fdch voz\u016f si podmanilo Porsche Panamera, kter\u00e9 okouzlilo 82 motoristick\u00fdch novin\u00e1\u0159ek z 55 zem\u00ed sv\u011bta v\u010detn\u011b \u010cesk\u00e9 republiky.<\/strong><!--more--><\/p>\n<div id=\"-wm-DivBodyText\">\n<p>\u017deny maj\u00ed v automotive st\u00e1le siln\u011bj\u0161\u00ed pozici a jejich hlas je \u010d\u00edm d\u00e1l z\u00e1sadn\u011bj\u0161\u00ed nejen p\u0159i v\u00fdb\u011bru auta, ale tak\u00e9 ve ve\u0159ejn\u00e9m m\u00edn\u011bn\u00ed nebo odborn\u00fdch anket\u00e1ch. Tou nejrelevantn\u011bj\u0161\u00ed je Women\u2019s Worldwide Car of the Year, kter\u00e1 se letos konala ji\u017e po patn\u00e1ct\u00e9. Kategorii \u201ePerformance and luxury cars\u201c si pro sebe z\u00edskalo Porsche Panamera.<\/p>\n<p>\u201eV\u00edt\u011bzstv\u00ed modelu Panamera v \u017eensk\u00e9m sv\u011btov\u00e9m aut\u011b roku n\u00e1s velmi pot\u011b\u0161ilo,\u201c \u0159\u00edk\u00e1 Petra Klosov\u00e1, marketingov\u00e1 a PR mana\u017eerka Porsche pro \u010cR, a dod\u00e1v\u00e1: \u201eS n\u00e1zorem porotky\u0148 souhlas\u00edm, proto\u017ee Porsche Panamera t\u0159et\u00ed generace je v\u00e1\u017en\u011b skv\u011bl\u00e9 auto. I v trendu SUV m\u00e1 st\u00e1le sv\u00e9 pevn\u00e9 m\u00edsto na trhu a je u \u017een velmi obl\u00edben\u00e9.\u201c<\/p>\n<p>Odborn\u00e1 porota \u017densk\u00e9ho sv\u011btov\u00e9ho auta roku hodnot\u00ed nejlep\u0161\u00ed vozy v n\u011bkolika kategori\u00edch u\u017e 15 let. Mezi 82 motoristick\u00fdmi novin\u00e1\u0159kami z 55 zem\u00ed p\u011bti kontinent\u016f m\u00e1 i \u010cesk\u00e1 republika svoji z\u00e1stupkyni Sabinu Kv\u00e1\u0161ovou.<\/p>\n<\/div>\n<div>\n<p>\u201eT\u0159et\u00ed generace Porsche Panamera motoristick\u00e9 novin\u00e1\u0159ky ohromila svou sportovn\u00ed du\u0161\u00ed v kombinaci s komfortn\u00edmi vlastnostmi pro ka\u017edodenn\u00ed j\u00edzdu. Nov\u00e1 Panamera p\u016fsobiv\u011b snoub\u00ed skv\u011bl\u00fd podvozek s nejmodern\u011bj\u0161\u00edmi technologiemi. Jsem r\u00e1da, \u017ee jako \u010dlenka poroty mohu jm\u00e9nem WWCOTY v \u010cR p\u0159edat ocen\u011bn\u00ed Pet\u0159e Klosov\u00e9 za model Panamera \u2013 v\u00edt\u011bze v kategorii nejv\u00fdkonn\u011bj\u0161\u00edch luxusn\u00edch aut podle hodnocen\u00ed motoristick\u00fdch novin\u00e1\u0159ek z 82 zem\u00ed sv\u011bta,\u201c komentuje v\u00fdsledek odborn\u00e1 porotkyn\u011b z \u010cesk\u00e9 republiky.<\/p>\n<p>\u201ePr\u00e1ce porot nebyla jednoduch\u00e1, proto\u017ee letos bylo sout\u011b\u017e\u00edc\u00edch v\u00edce ne\u017e kdykoliv jindy,\u201c \u0159\u00edk\u00e1 Marta Garc\u00eda, prezidentka ankety Women\u2019s Worldwide Car of the Year. \u201e\u017d\u00e1dn\u00fd hlas nebyl d\u00e1n n\u00e1hodn\u011b. V\u0161echny vozy byly podrobeny n\u00e1ro\u010dn\u00fdm testovac\u00edm j\u00edzd\u00e1m, podrobn\u00fdm anal\u00fdz\u00e1m a porovn\u00e1v\u00e1n\u00ed s konkurenc\u00ed. To je d\u016fvod, pro\u010d jsou ocen\u011bn\u00ed WWCOTY m\u011b\u0159\u00edtkem pro miliony kupuj\u00edc\u00edch po cel\u00e9m sv\u011bt\u011b.\u201c<\/p>\n<p>Porsche Panamera t\u0159et\u00ed generace je sportovn\u00ed luxusn\u00ed sedan, kter\u00fd se vyzna\u010duje \u0161ir\u0161\u00ed \u0161k\u00e1lou digit\u00e1ln\u00edch funkc\u00ed, sv\u011b\u017e\u00edm a expresivn\u00edm designem a \u0161ir\u0161\u00edm spektrem mezi dynamick\u00fdmi v\u00fdkony a j\u00edzdn\u00edm komfortem. V\u00fdkonn\u011bj\u0161\u00ed pohonn\u00e9 jednotky E-Hybrid a nov\u00fd syst\u00e9m odpru\u017een\u00ed s vysokou v\u00fdbavou podtrhuj\u00ed n\u00e1roky na nab\u00eddku nejdynami\u010dt\u011bj\u0161\u00edho sedanu v segmentu. Z\u00e1kladn\u00ed \u0161estiv\u00e1lcov\u00e1 verze je k dispozici od 2 834 777 K\u010d, \u0161pi\u010dkov\u00e1 osmiv\u00e1lcov\u00e1 Panamera E-Hybrid Turbo S zaujme v\u00fdkonem 782 kon\u00ed, zrychlen\u00edm z 0 na 100 km\/h pod 3 sekundy, maxim\u00e1ln\u00ed rychlost\u00ed 325 km\/h a elektrick\u00fdm dojezdem 84 km.<\/p>\n<\/div>\n","protected":false},"excerpt":{"rendered":"<p>Glob\u00e1ln\u00ed odborn\u00e1 \u017eensk\u00e1 anketa, hodnot\u00edc\u00ed nejlep\u0161\u00ed vozy ve sv\u00fdch kategori\u00edch, vyhl\u00e1sila v\u00edt\u011bze pro rok 2025&#8230;.<\/p>\n","protected":false},"author":2,"featured_media":10693,"comment_status":"closed","ping_status":"closed","sticky":false,"template":"","format":"standard","meta":{"footnotes":""},"categories":[32,27],"tags":[],"class_list":["post-10665","post","type-post","status-publish","format-standard","has-post-thumbnail","hentry","category-ankety","category-novinari"],"_links":{"self":[{"href":"https:\/\/www.automakers.cz\/index.php?rest_route=\/wp\/v2\/posts\/10665","targetHints":{"allow":["GET"]}}],"collection":[{"href":"https:\/\/www.automakers.cz\/index.php?rest_route=\/wp\/v2\/posts"}],"about":[{"href":"https:\/\/www.automakers.cz\/index.php?rest_route=\/wp\/v2\/types\/post"}],"author":[{"embeddable":true,"href":"https:\/\/www.automakers.cz\/index.php?rest_route=\/wp\/v2\/users\/2"}],"replies":[{"embeddable":true,"href":"https:\/\/www.automakers.cz\/index.php?rest_route=%2Fwp%2Fv2%2Fcomments&post=10665"}],"version-history":[{"count":2,"href":"https:\/\/www.automakers.cz\/index.php?rest_route=\/wp\/v2\/posts\/10665\/revisions"}],"predecessor-version":[{"id":10706,"href":"https:\/\/www.automakers.cz\/index.php?rest_route=\/wp\/v2\/posts\/10665\/revisions\/10706"}],"wp:featuredmedia":[{"embeddable":true,"href":"https:\/\/www.automakers.cz\/index.php?rest_route=\/wp\/v2\/media\/10693"}],"wp:attachment":[{"href":"https:\/\/www.automakers.cz\/index.php?rest_route=%2Fwp%2Fv2%2Fmedia&parent=10665"}],"wp:term":[{"taxonomy":"category","embeddable":true,"href":"https:\/\/www.automakers.cz\/index.php?rest_route=%2Fwp%2Fv2%2Fcategories&post=10665"},{"taxonomy":"post_tag","embeddable":true,"href":"https:\/\/www.automakers.cz\/index.php?rest_route=%2Fwp%2Fv2%2Ftags&post=10665"}],"curies":[{"name":"wp","href":"https:\/\/api.w.org\/{rel}","templated":true}]}}