{"id":10669,"date":"2025-02-02T20:00:18","date_gmt":"2025-02-02T20:00:18","guid":{"rendered":"https:\/\/www.automakers.cz\/?p=10669"},"modified":"2025-02-02T21:53:50","modified_gmt":"2025-02-02T21:53:50","slug":"pr-roku-2024-sda-ma-svuj-top-5","status":"publish","type":"post","link":"https:\/\/www.automakers.cz\/?p=10669","title":{"rendered":"PR roku 2024 SDA m\u00e1 sv\u016fj TOP 5"},"content":{"rendered":"<p><strong>KMN letos op\u011bt organizuje, ve spolupr\u00e1ci s AUTOmakers, anketu o nejlep\u0161\u00ed medi\u00e1ln\u00ed servis v r\u00e1mci SDA v roce 2024. Sout\u011b\u017e je vedlej\u0161\u00ed kategori\u00ed Auta roku v \u010cR. Do 5. kola se probojovalo 5 mluv\u010d\u00edch.<br \/>\n<\/strong><span id=\"more-10634\"><\/span><!--more--><\/p>\n<p>Klub motoristick\u00fdch novin\u00e1\u0159\u016f vyhl\u00e1sil loni v prosinci anketu v novodob\u00e9 historii u\u017e podev\u00e1t\u00e9.<\/p>\n<p>Jejich \u010dlenov\u00e9 mohli d\u00e1vat sv\u00e9 hlasy v\u0161em ofici\u00e1ln\u00edm mluv\u010d\u00edm spole\u010dnost\u00ed sdru\u017een\u00fdch v SDA, kte\u0159\u00ed poskytovali PR servis v pr\u016fb\u011bhu roku 2024. Loni hlasovalo 29 novin\u00e1\u0159\u016f, letos se akce z\u00fa\u010dastnilo 34 respondent\u016f.<\/p>\n<p><strong>Vyhl\u00e1\u0161en\u00ed v\u00edt\u011bze: 4. \u00fanora<br \/>\n<\/strong><\/p>\n<p>Vyhl\u00e1\u0161en\u00ed mana\u017eer\u016f, kte\u0159\u00ed loni poskytovali nejdostupn\u011bj\u0161\u00ed informa\u010dn\u00ed servis pro jejich redakce, chystaj\u00ed organiz\u00e1to\u0159i na 4. \u00fanora v r\u00e1mci fin\u00e1le ankety Auto roku 2024 v \u010cR.<\/p>\n<p><strong>Na startovn\u00ed \u010d\u00e1\u0159e bylo 25 PR mana\u017eer\u016f, dva a v\u00edce hlas\u016f sta\u010dilo pro postup do 2. kola. Do t\u0159et\u00edho kola se probojovali sout\u011b\u017e\u00edc\u00ed se 3 a v\u00edce hlasy. Na \u010dtvrt\u00e9 kolo bylo pot\u0159eba 4 a v\u00edce hlas\u016f, pro kolo p\u00e1t\u00e9 \u0161est a v\u00edce volebn\u00edch \u010d\u00e1rek.<br \/>\n<\/strong><\/p>\n<p><strong>Sout\u011b\u017e\u00edc\u00ed, kte\u0159\u00ed obdr\u017eeli 6 a v\u00edce hlas\u016f:<\/strong><\/p>\n<p><strong>David Haidinger, BMW<br \/>\n<\/strong><\/p>\n<p><strong>Josef Hl\u00e1vka, Mercedes-Benz<br \/>\n<\/strong><\/p>\n<p><strong>Martin Hejral, Opel<br \/>\n<\/strong><\/p>\n<p><strong>Radka Matthey, Peugeot<\/strong><\/p>\n<p><strong>Jitka Skali\u010dkov\u00e1, Renault a Dacia<br \/>\n<\/strong><\/p>\n<p>&nbsp;<\/p>\n","protected":false},"excerpt":{"rendered":"<p>KMN letos op\u011bt organizuje, ve spolupr\u00e1ci s AUTOmakers, anketu o nejlep\u0161\u00ed medi\u00e1ln\u00ed servis v r\u00e1mci&#8230;<\/p>\n","protected":false},"author":1,"featured_media":9203,"comment_status":"closed","ping_status":"closed","sticky":false,"template":"","format":"standard","meta":{"footnotes":""},"categories":[32,21],"tags":[],"class_list":["post-10669","post","type-post","status-publish","format-standard","has-post-thumbnail","hentry","category-ankety","category-pr"],"_links":{"self":[{"href":"https:\/\/www.automakers.cz\/index.php?rest_route=\/wp\/v2\/posts\/10669","targetHints":{"allow":["GET"]}}],"collection":[{"href":"https:\/\/www.automakers.cz\/index.php?rest_route=\/wp\/v2\/posts"}],"about":[{"href":"https:\/\/www.automakers.cz\/index.php?rest_route=\/wp\/v2\/types\/post"}],"author":[{"embeddable":true,"href":"https:\/\/www.automakers.cz\/index.php?rest_route=\/wp\/v2\/users\/1"}],"replies":[{"embeddable":true,"href":"https:\/\/www.automakers.cz\/index.php?rest_route=%2Fwp%2Fv2%2Fcomments&post=10669"}],"version-history":[{"count":2,"href":"https:\/\/www.automakers.cz\/index.php?rest_route=\/wp\/v2\/posts\/10669\/revisions"}],"predecessor-version":[{"id":10677,"href":"https:\/\/www.automakers.cz\/index.php?rest_route=\/wp\/v2\/posts\/10669\/revisions\/10677"}],"wp:featuredmedia":[{"embeddable":true,"href":"https:\/\/www.automakers.cz\/index.php?rest_route=\/wp\/v2\/media\/9203"}],"wp:attachment":[{"href":"https:\/\/www.automakers.cz\/index.php?rest_route=%2Fwp%2Fv2%2Fmedia&parent=10669"}],"wp:term":[{"taxonomy":"category","embeddable":true,"href":"https:\/\/www.automakers.cz\/index.php?rest_route=%2Fwp%2Fv2%2Fcategories&post=10669"},{"taxonomy":"post_tag","embeddable":true,"href":"https:\/\/www.automakers.cz\/index.php?rest_route=%2Fwp%2Fv2%2Ftags&post=10669"}],"curies":[{"name":"wp","href":"https:\/\/api.w.org\/{rel}","templated":true}]}}