{"id":10716,"date":"2025-02-04T20:40:44","date_gmt":"2025-02-04T20:40:44","guid":{"rendered":"https:\/\/www.automakers.cz\/?p=10716"},"modified":"2025-02-06T10:34:16","modified_gmt":"2025-02-06T10:34:16","slug":"mercedes-benz-g-ceskym-autem-roku-2025","status":"publish","type":"post","link":"https:\/\/www.automakers.cz\/?p=10716","title":{"rendered":"Mercedes-Benz G Autem roku 2025 v \u010cR"},"content":{"rendered":"<p><strong>Automotivn\u00ed komunita v\u010detn\u011b ministra dopravy Martina Kupky se se\u0161la 4. \u00fanora v pra\u017esk\u00e9m hotelu Towers, aby se dozv\u011bd\u011bla, kdo je v\u00edt\u011bzem boje o titul Auto roku 2025 v \u010cR. Ten byl neb\u00fdvale t\u011bsn\u00fd, prvn\u00ed trojici d\u011blily v hlasov\u00e1n\u00ed poroty pouh\u00e9 t\u0159i body.<\/strong><!--more--><\/p>\n<p>Dvaceti\u010dlenn\u00e1 odborn\u00e1 porota slo\u017een\u00e1 z p\u0159edn\u00edch \u010desk\u00fdch novin\u00e1\u0159\u016f to nem\u011bla v leto\u0161n\u00edm ro\u010dn\u00edku ankety Auto roku v \u010cesk\u00e9 republice v\u016fbec jednoduch\u00e9. U\u017e volba v prvn\u00edm kole p\u0159inesla historicky nejt\u011bsn\u011bj\u0161\u00ed v\u00fdsledek, kdy\u017e se v\u0161ech p\u011bt finalist\u016f vm\u011bstnalo do rozd\u00edlu jednoho jedin\u00e9ho bodu, a nazna\u010dovalo to l\u00edt\u00fd boj, kter\u00fd se n\u00e1sledn\u011b odehr\u00e1l ve druh\u00e9m kole volby.<\/p>\n<p>Tam porotci rozd\u011blovali mezi finalisty celkem 25 bod\u016f, p\u0159i\u010dem\u017e p\u0159i sv\u00e9 volb\u011b zohled\u0148ovali mimo jin\u00e9 technick\u00e9 inovace, technologick\u00e1 vysp\u011blost a u\u017eitn\u00e1 hodnota vozu, bezpe\u010dnost, vliv na \u017eivotn\u00ed prost\u0159ed\u00ed, ekonomiku provozu, j\u00edzdn\u00ed vlastnosti, vyu\u017eit\u00ed nov\u00fdch komunika\u010dn\u00edch a informa\u010dn\u00edch syst\u00e9m\u016f a jednoduchost jejich ovl\u00e1d\u00e1n\u00ed, cenu, design, komfort, v\u00fdkon a dal\u0161\u00ed faktory.<\/p>\n<p>Navzdory velk\u00e9 r\u016fznorodosti fin\u00e1lov\u00e9 p\u011btice bylo hlasov\u00e1n\u00ed velice vyrovnan\u00e9, ani jeden z porotc\u016f nep\u0159id\u011blil \u017e\u00e1dn\u00e9mu z finalist\u016f maxim\u00e1ln\u00ed po\u010det 10 bod\u016f. V\u00edt\u011bzn\u00fd v\u016fz sice na prvn\u00ed m\u00edsto dalo sedm z dvaceti porotc\u016f, druh\u00fd v po\u0159ad\u00ed se na prvn\u00edm m\u00edst\u011b objevil jen dvakr\u00e1t, ale i tak je v kone\u010dn\u00e9m sou\u010dtu d\u011bl\u00ed pouh\u00e9 dva body.<\/p>\n<p><img loading=\"lazy\" decoding=\"async\" class=\"alignnone size-medium wp-image-10725\" src=\"http:\/\/www.automakers.cz\/wp-content\/uploads\/2025\/02\/Auto-roku-2025-Towers-Kupka-Horak-900x506.jpg\" alt=\"\" width=\"900\" height=\"506\" srcset=\"https:\/\/www.automakers.cz\/wp-content\/uploads\/2025\/02\/Auto-roku-2025-Towers-Kupka-Horak-900x506.jpg 900w, https:\/\/www.automakers.cz\/wp-content\/uploads\/2025\/02\/Auto-roku-2025-Towers-Kupka-Horak-1024x576.jpg 1024w, https:\/\/www.automakers.cz\/wp-content\/uploads\/2025\/02\/Auto-roku-2025-Towers-Kupka-Horak-768x432.jpg 768w, https:\/\/www.automakers.cz\/wp-content\/uploads\/2025\/02\/Auto-roku-2025-Towers-Kupka-Horak-1536x864.jpg 1536w, https:\/\/www.automakers.cz\/wp-content\/uploads\/2025\/02\/Auto-roku-2025-Towers-Kupka-Horak-1280x720.jpg 1280w, https:\/\/www.automakers.cz\/wp-content\/uploads\/2025\/02\/Auto-roku-2025-Towers-Kupka-Horak.jpg 2040w\" sizes=\"auto, (max-width: 900px) 100vw, 900px\" \/>Mercedes-Benz T\u0159\u00edda G od porotc\u016f obdr\u017eel celkem 107 bod\u016f a je v\u00edt\u011bzem ankety Auto roku v \u010cesk\u00e9 republice, druh\u00e1 \u0160koda Kodiaq dostala 105 a t\u0159et\u00ed Audi A5 104 bod\u016f. O \u010dtvrt\u00e9 m\u00edsto se se shodn\u00fdm po\u010dtem 92 bod\u016f d\u011bl\u00ed BMW X3 a Kia EV3.<\/p>\n<p>Mercedes-Benz T\u0159\u00edda G tak nav\u00e1zal na lo\u0148sk\u00fd triumf T\u0159\u00eddy E a z\u00edskal pro stuttgartskou automobilku historick\u00e9 druh\u00e9 v\u00edt\u011bzstv\u00ed v \u0159ad\u011b v anket\u011b Auto roku v \u010cesk\u00e9 republice.<\/p>\n<p><img loading=\"lazy\" decoding=\"async\" class=\"alignnone size-medium wp-image-1977\" src=\"http:\/\/www.automakers.cz\/wp-content\/uploads\/2024\/02\/Auto-roku-2024-Kupka-Mercedes-Hlavsa-900x506.jpg\" alt=\"\" width=\"900\" height=\"506\" srcset=\"https:\/\/www.automakers.cz\/wp-content\/uploads\/2024\/02\/Auto-roku-2024-Kupka-Mercedes-Hlavsa-900x506.jpg 900w, https:\/\/www.automakers.cz\/wp-content\/uploads\/2024\/02\/Auto-roku-2024-Kupka-Mercedes-Hlavsa-1024x576.jpg 1024w, https:\/\/www.automakers.cz\/wp-content\/uploads\/2024\/02\/Auto-roku-2024-Kupka-Mercedes-Hlavsa-768x432.jpg 768w, https:\/\/www.automakers.cz\/wp-content\/uploads\/2024\/02\/Auto-roku-2024-Kupka-Mercedes-Hlavsa-1536x864.jpg 1536w, https:\/\/www.automakers.cz\/wp-content\/uploads\/2024\/02\/Auto-roku-2024-Kupka-Mercedes-Hlavsa-1280x720.jpg 1280w, https:\/\/www.automakers.cz\/wp-content\/uploads\/2024\/02\/Auto-roku-2024-Kupka-Mercedes-Hlavsa.jpg 2048w\" sizes=\"auto, (max-width: 900px) 100vw, 900px\" \/><\/p>\n<p><strong>V\u00fdsledky ankety Auto roku 2025 v \u010cesk\u00e9 republice<\/strong><\/p>\n<p>1. Mercedes-Benz T\u0159\u00edda G<br \/>\n2. \u0160koda Kodiaq<br \/>\n3. Audi A5<br \/>\n4. BMW X3<br \/>\n4. Kia EV3<\/p>\n<p><strong>Erich Handl, Towers Hotels, FOTO: Lud\u011bk Kortus a autor<\/strong><\/p>\n","protected":false},"excerpt":{"rendered":"<p>Automotivn\u00ed komunita v\u010detn\u011b ministra dopravy Martina Kupky se se\u0161la 4. \u00fanora v pra\u017esk\u00e9m hotelu Towers,&#8230;<\/p>\n","protected":false},"author":1,"featured_media":10718,"comment_status":"closed","ping_status":"closed","sticky":false,"template":"","format":"standard","meta":{"footnotes":""},"categories":[32,26,31,27],"tags":[],"class_list":["post-10716","post","type-post","status-publish","format-standard","has-post-thumbnail","hentry","category-ankety","category-eventy","category-news","category-novinari"],"_links":{"self":[{"href":"https:\/\/www.automakers.cz\/index.php?rest_route=\/wp\/v2\/posts\/10716","targetHints":{"allow":["GET"]}}],"collection":[{"href":"https:\/\/www.automakers.cz\/index.php?rest_route=\/wp\/v2\/posts"}],"about":[{"href":"https:\/\/www.automakers.cz\/index.php?rest_route=\/wp\/v2\/types\/post"}],"author":[{"embeddable":true,"href":"https:\/\/www.automakers.cz\/index.php?rest_route=\/wp\/v2\/users\/1"}],"replies":[{"embeddable":true,"href":"https:\/\/www.automakers.cz\/index.php?rest_route=%2Fwp%2Fv2%2Fcomments&post=10716"}],"version-history":[{"count":8,"href":"https:\/\/www.automakers.cz\/index.php?rest_route=\/wp\/v2\/posts\/10716\/revisions"}],"predecessor-version":[{"id":10737,"href":"https:\/\/www.automakers.cz\/index.php?rest_route=\/wp\/v2\/posts\/10716\/revisions\/10737"}],"wp:featuredmedia":[{"embeddable":true,"href":"https:\/\/www.automakers.cz\/index.php?rest_route=\/wp\/v2\/media\/10718"}],"wp:attachment":[{"href":"https:\/\/www.automakers.cz\/index.php?rest_route=%2Fwp%2Fv2%2Fmedia&parent=10716"}],"wp:term":[{"taxonomy":"category","embeddable":true,"href":"https:\/\/www.automakers.cz\/index.php?rest_route=%2Fwp%2Fv2%2Fcategories&post=10716"},{"taxonomy":"post_tag","embeddable":true,"href":"https:\/\/www.automakers.cz\/index.php?rest_route=%2Fwp%2Fv2%2Ftags&post=10716"}],"curies":[{"name":"wp","href":"https:\/\/api.w.org\/{rel}","templated":true}]}}