{"id":10761,"date":"2025-02-06T07:52:47","date_gmt":"2025-02-06T07:52:47","guid":{"rendered":"https:\/\/www.automakers.cz\/?p=10761"},"modified":"2025-02-11T12:28:56","modified_gmt":"2025-02-11T12:28:56","slug":"sda-hlasi-5-pokles-registraci-aut","status":"publish","type":"post","link":"https:\/\/www.automakers.cz\/?p=10761","title":{"rendered":"SDA hl\u00e1s\u00ed 5% lednov\u00fd pokles registrac\u00ed aut"},"content":{"rendered":"<p><strong>V lednu 2025 se sice meziro\u010dn\u011b sn\u00ed\u017eil po\u010det registrac\u00ed nov\u00fdch osobn\u00edch automobil\u016f o 4,98 % (z 20 361 na 19 347 ks, tj. o 1 014 ks). Jde v\u0161ak st\u00e1le o druh\u00fd nejlep\u0161\u00ed v\u00fdsledek za posledn\u00edch p\u011bt let. Po\u0159ad\u00ed zna\u010dek na prvn\u00edch t\u0159ech m\u00edstech je \u0160koda, Hyundai, Volkswagen.<\/strong> <!--more--><\/p>\n<p>Registrace \u010dist\u011b elektrick\u00fdch OA vzrostly o 107 %, u hybridn\u00edch voz\u016f celkov\u011b narostly o 27,5 %, a u plug-in hybrid\u016f stouply o 48,7 %.<\/p>\n<p>Co se t\u00fd\u010de ostatn\u00edch kategori\u00ed vozidel, s v\u00fdjimkou autobus\u016f v\u0161echny rovn\u011b\u017e meziro\u010dn\u011b poklesly. V lednu leto\u0161n\u00edho roku bylo v \u010cR registrov\u00e1no celkem 19 347 nov\u00fdch osobn\u00edch automobil\u016f, 1 338 lehk\u00fdch u\u017eitkov\u00fdch automobil\u016f, 114 autobus\u016f, 623 n\u00e1kladn\u00edch vozidel, 751 motocykl\u016f. Za stejn\u00e9 obdob\u00ed minul\u00e9ho roku to bylo 20 361 osobn\u00edch automobil\u016f, 1 969 lehk\u00fdch u\u017eitkov\u00fdch automobil\u016f, 79 autobus\u016f, 666 n\u00e1kladn\u00edch vozidel a 1019 motocykl\u016f.<\/p>\n<p>Celkov\u011b registrace nov\u00fdch osobn\u00edch automobil\u016f oproti lo\u0148sk\u00e9mu lednu klesly o 4,98 % (z 20 361 na 19 347 ks, tj. o 1014 ks), jejich po\u010det je v\u0161ak st\u00e1le vy\u0161\u0161\u00ed ne\u017e v roce 2019 (obdob\u00ed p\u0159ed covidem).<\/p>\n<p>Prvn\u00ed je zna\u010dka \u0160koda s 7 053 registrovan\u00fdmi osobn\u00edch automobil\u016f (36,46 %), n\u00e1sleduj\u00ed Hyundai \u2013 1 746 ks (9,02 %), Volkswagen \u2013 1 491 ks (7,71 %), Toyota \u2013 1 369 ks (7,08 %), Kia \u2013 968 ks (5,00 %), Mercedes-Benz \u2013 686 ks (3,55 %), Ford \u2013 612 ks (3,16 %), Dacia \u2013 609 ks (3,15 %), Audi \u2013 477 ks (2,47 %), BMW \u2013 451 ks (2,33 %), atd.<\/p>\n<p>Nejprod\u00e1van\u011bj\u0161\u00edmi osobn\u00edmi vozy jsou \u0160koda OCTAVIA s 1 649 ks (8,52 %), d\u00e1le \u0160koda KODIAQ \u2013 1 024 ks (5,29 %), \u0160koda KAMIQ \u2013 937 ks (4,84 %), \u0160koda SCALA \u2013 929 ks (4,80 %), \u0160koda FABIA \u2013 857 ks (4,43 %), \u0160koda KAROQ \u2013 832 ks (4,30 %), Hyundai i30 \u2013 779 ks (4,03 %), Kia CEED \u2013 547 ks (2,83 %), Hyundai TUCSON \u2013 494 ks (2,55 %), \u0160koda SUPERB \u2013 491 ks (2,54 %), atd.<\/p>\n<p>Z pohledu obchodn\u00edch t\u0159\u00edd jsou mezi OA na prvn\u00edm m\u00edst\u011b SUV s 9 435 registracemi (48,77 %), na druh\u00e9m m\u00edst\u011b jsou vozy ni\u017e\u0161\u00ed st\u0159edn\u00ed t\u0159\u00eddy s 3 526 ks (18,23 %) Z hlediska paliva vede benz\u00edn s 67,29 % (13 018 ks), na druh\u00e9m m\u00edst\u011b je nafta s 22,38 % (4 329 ks), n\u00e1sleduje elektro \u2013 5,07 % (981 ks), benz\u00edn+elektro \u2013 604 ks, benz\u00edn+LPG \u2013 378 ks, nafta+elektro \u2013 37 ks.<\/p>\n<p>Registrace hybridn\u00edch voz\u016f meziro\u010dn\u011b vzrostly o 27,35 % (z 3 821 na 4 866 ks), z toho plug-in hybridy o 47,70 % (ze 434 na 641 ks).<\/p>\n<p>Registrace voz\u016f s alternativn\u00edm pohonem meziro\u010dn\u011b stouply o 31,91 % (z 4 719 na 6 225 voz\u016f). Jejich pod\u00edl na celkov\u00fdch registrac\u00edch \u010din\u00ed 32,2 %.<\/p>\n<p>Po\u010det registrovan\u00fdch elektromobil\u016f se zv\u00fd\u0161il o 107 % (ze 473 na 981 ks). Hybridn\u00ed vozy vzrostly meziro\u010dn\u011b o 27,5 % (4866 vs. 3 817), z toho plug-in hybridy stouply o 48,7 % (ze 431 na 641 ks).<\/p>\n<p>Pod\u00edl firemn\u00edch automobil\u016f na lednov\u00fdch registrac\u00edch byl 77,6 %, priv\u00e1tn\u00edch 22,4 %. Po\u010det dovezen\u00fdch ojet\u00fdch OA klesl meziro\u010dn\u011b o 4,6 % na 10 873 ks. Jejich pr\u016fm\u011brn\u00e9 st\u00e1\u0159\u00ed je 10,5 roku, p\u0159i\u010dem\u017e pod\u00edl vozidel star\u0161\u00edch 10 let \u010din\u00ed 49,44 %, star\u0161\u00edch 15 let je 23,53 %.<\/p>\n<p>Registrace lehk\u00fdch u\u017eitkov\u00fdch automobil\u016f zaznamenaly meziro\u010dn\u00ed pokles o 32,05 % (z 1 969 na 1 338 ks, tj. o 631 ks).<br \/>\nPrvn\u00ed je zna\u010dka Ford s 248 registrovan\u00fdmi lehk\u00fdmi u\u017eitkov\u00fdmi vozy (18,54 %), n\u00e1sleduj\u00ed Volkswagen \u2013 171 ks (12,78 %), Toyota \u2013 160 ks (11,96 %), Peugeot \u2013 143 ks (10,69 %), Renault \u2013 125 ks (9,34 %), Mercedes-Benz \u2013 104 ks (7,77 %), Iveco \u2013 86 ks (6,43 %), Opel \u2013 85 ks (6,35 %), Fiat \u2013 82 ks (6,13 %), Citro\u00ebn \u2013 47 ks (3,51 %), atd.<\/p>\n<p>Z hlediska paliva vede nafta s 84,75 % (1 134 ks), na druh\u00e9m m\u00edst\u011b je benz\u00edn s 7,85 % (105 ks), n\u00e1sleduje elektro \u2013 6,88 % (92 ks), benz\u00edn+LPG \u2013 7 ks, po\u010det registrovan\u00fdch elektromobil\u016f narostl o 206,67 % (z 30 na 92).<\/p>\n<p>Registrace n\u00e1kladn\u00edch vozidel klesly oproti 1\/2024 o 6,46 % (z 666 na 623 ks, tj. o 43 ks). Prvn\u00ed je zna\u010dka Volvo s 138 registrovan\u00fdmi n\u00e1kladn\u00edch automobil\u016f (22,15 %), n\u00e1sleduj\u00ed Scania \u2013 109 ks (17,50 %), Mercedes-Benz \u2013 109 ks (17,50 %), MAN \u2013 87 ks (13,96 %), DAF \u2013 63 ks (10,11 %), Iveco \u2013 55 ks (8,83 %), Renault Trucks \u2013 35 ks (5,62 %), Ford \u2013 10 ks (1,61 %), Tatra \u2013 10 ks (1,61 %), Fuso \u2013 6 ks (0,96 %), atd.<\/p>\n<figure id=\"attachment_6702\" aria-describedby=\"caption-attachment-6702\" style=\"width: 900px\" class=\"wp-caption alignnone\"><img loading=\"lazy\" decoding=\"async\" class=\"size-medium wp-image-6702\" src=\"http:\/\/www.automakers.cz\/wp-content\/uploads\/2024\/08\/Arriva_elektrobusy-Kladno-900x600.jpg\" alt=\"\" width=\"900\" height=\"600\" srcset=\"https:\/\/www.automakers.cz\/wp-content\/uploads\/2024\/08\/Arriva_elektrobusy-Kladno-900x600.jpg 900w, https:\/\/www.automakers.cz\/wp-content\/uploads\/2024\/08\/Arriva_elektrobusy-Kladno-1024x683.jpg 1024w, https:\/\/www.automakers.cz\/wp-content\/uploads\/2024\/08\/Arriva_elektrobusy-Kladno-768x512.jpg 768w, https:\/\/www.automakers.cz\/wp-content\/uploads\/2024\/08\/Arriva_elektrobusy-Kladno-1536x1024.jpg 1536w, https:\/\/www.automakers.cz\/wp-content\/uploads\/2024\/08\/Arriva_elektrobusy-Kladno.jpg 1759w\" sizes=\"auto, (max-width: 900px) 100vw, 900px\" \/><figcaption id=\"caption-attachment-6702\" class=\"wp-caption-text\">Ilustra\u010dn\u00ed foto<\/figcaption><\/figure>\n<p>Registrace autobus\u016f vzrostly oproti 1\/2024 o 44,30 % (z 79 na 114 ks, tj. o 35 ks). Kategorie motocykl\u016f zaznamenala meziro\u010dn\u00ed pokles o 26,30 % (z 1 019 na 751 ks, tj. o 268 ks).<\/p>\n<p><strong>Podrobn\u00e9 tabulky jsou uvedeny v sekci Statistika na http:\/\/portal.sda-cia.cz\/. <\/strong><br \/>\n<strong>Josef Pokorn\u00fd, tajemn\u00edk Svazu dovozc\u016f automobil\u016f<\/strong><\/p>\n","protected":false},"excerpt":{"rendered":"<p>V lednu 2025 se sice meziro\u010dn\u011b sn\u00ed\u017eil po\u010det registrac\u00ed nov\u00fdch osobn\u00edch automobil\u016f o 4,98 %&#8230;<\/p>\n","protected":false},"author":1,"featured_media":10067,"comment_status":"closed","ping_status":"closed","sticky":false,"template":"","format":"standard","meta":{"footnotes":""},"categories":[11,48,10],"tags":[],"class_list":["post-10761","post","type-post","status-publish","format-standard","has-post-thumbnail","hentry","category-importeri","category-registrace","category-statistika"],"_links":{"self":[{"href":"https:\/\/www.automakers.cz\/index.php?rest_route=\/wp\/v2\/posts\/10761","targetHints":{"allow":["GET"]}}],"collection":[{"href":"https:\/\/www.automakers.cz\/index.php?rest_route=\/wp\/v2\/posts"}],"about":[{"href":"https:\/\/www.automakers.cz\/index.php?rest_route=\/wp\/v2\/types\/post"}],"author":[{"embeddable":true,"href":"https:\/\/www.automakers.cz\/index.php?rest_route=\/wp\/v2\/users\/1"}],"replies":[{"embeddable":true,"href":"https:\/\/www.automakers.cz\/index.php?rest_route=%2Fwp%2Fv2%2Fcomments&post=10761"}],"version-history":[{"count":3,"href":"https:\/\/www.automakers.cz\/index.php?rest_route=\/wp\/v2\/posts\/10761\/revisions"}],"predecessor-version":[{"id":10765,"href":"https:\/\/www.automakers.cz\/index.php?rest_route=\/wp\/v2\/posts\/10761\/revisions\/10765"}],"wp:featuredmedia":[{"embeddable":true,"href":"https:\/\/www.automakers.cz\/index.php?rest_route=\/wp\/v2\/media\/10067"}],"wp:attachment":[{"href":"https:\/\/www.automakers.cz\/index.php?rest_route=%2Fwp%2Fv2%2Fmedia&parent=10761"}],"wp:term":[{"taxonomy":"category","embeddable":true,"href":"https:\/\/www.automakers.cz\/index.php?rest_route=%2Fwp%2Fv2%2Fcategories&post=10761"},{"taxonomy":"post_tag","embeddable":true,"href":"https:\/\/www.automakers.cz\/index.php?rest_route=%2Fwp%2Fv2%2Ftags&post=10761"}],"curies":[{"name":"wp","href":"https:\/\/api.w.org\/{rel}","templated":true}]}}