{"id":108,"date":"2023-11-07T07:02:18","date_gmt":"2023-11-07T07:02:18","guid":{"rendered":"https:\/\/www.automakers.cz\/?p=108"},"modified":"2023-11-07T07:03:59","modified_gmt":"2023-11-07T07:03:59","slug":"cupra-ma-na-e-salonu-tavascan-adrenalin","status":"publish","type":"post","link":"https:\/\/www.automakers.cz\/?p=108","title":{"rendered":"e-Salon: CUPRA um\u00edstila na st\u00e1nku Tavascan a Born"},"content":{"rendered":"<p><strong>CUPRA um\u00edstila na v\u00fdstavi\u0161ti v pra\u017esk\u00fdch Let\u0148anech poprv\u00e9 v \u010cesk\u00e9 republice model Tavascan. Druh\u00fd elektromobil v produktov\u00e9m portfoliu bude v expozici st\u00e1t po boku men\u0161\u00edho modelu Born.<\/strong><!--more--><br \/>\n\u201eM\u00e1m velkou radost, \u017ee ji\u017e na listopadov\u00e9m veletrhu \u010dist\u00e9 mobility e-SALON v pra\u017esk\u00fdch Let\u0148anech odhal\u00edme p\u0159ed fanou\u0161ky elektromobility na\u0161e zcela nov\u00e9 SUV kup\u00e9 Tavascan,\u201c\u00a0\u0159\u00edk\u00e1 Ale\u0161 Nov\u00e1k, \u0159editel divize CUPRA spole\u010dnosti Porsche \u010cesk\u00e1 republika, a dod\u00e1v\u00e1:<\/p>\n<p>\u201eV\u00a0\u010desk\u00e9 v\u00fdstavn\u00ed premi\u00e9\u0159e\u00a0p\u0159edstav\u00edme Tavascan v jeho vrcholn\u00e9 verzi VZ Adrenalin s\u00a0v\u00fdkonem 340 k\u00a0a pohonem v\u0161ech kol dv\u011bma elektromotory, kter\u00e1 dokonale kombinuje elektrifikaci se sportovn\u00edmi v\u00fdkony, a zt\u011bles\u0148uje tak na\u0161i odv\u00e1\u017enou vizi elektrick\u00e9 budoucnosti mobility. Toto emocion\u00e1ln\u00ed a \u0159idi\u010dsky orientovan\u00e9 SUV kup\u00e9 nab\u00eddneme \u010desk\u00fdm z\u00e1kazn\u00edk\u016fm v pr\u016fb\u011bhu p\u0159\u00ed\u0161t\u00edho roku.\u201c<\/p>\n<p><strong>Vrcholn\u00e1 verze Adrenalin<\/strong><\/p>\n<p>Hv\u011bzdou expozice zna\u010dky CUPRA je vrcholn\u00e1 verze Tavascanu s n\u00e1zvem VZ Adrenalin, kter\u00fd evokuje podmaniv\u00e9 z\u00e1\u017eitky ze sportovn\u00ed j\u00edzdy. K usednut\u00ed za volant vyb\u00edz\u00ed ji\u017e nezam\u011bniteln\u00fd vzhled tohoto SUV kup\u00e9 v atraktivn\u00edm metalick\u00e9m odst\u00ednu modr\u00e1 Tavascan. Celkov\u00fd dojem umoc\u0148uj\u00ed brou\u0161en\u00e1 21\u201c kola Adrenaline kombinuj\u00edc\u00ed odst\u00edny \u010dern\u00e9 a m\u011bd\u011bn\u00e9 barvy, sv\u011btlomety Matrix LED a osv\u011btlen\u00e1 loga CUPRA na p\u0159\u00eddi a z\u00e1di.<\/p>\n<p>Atmosf\u00e9ra sofistikovan\u00e9 sportovnosti panuje tak\u00e9 v interi\u00e9ru Dark Night s tmav\u011b modr\u00fdm \u010daloun\u011bn\u00edm a ozdobn\u00fdmi prvky. Elektricky nastaviteln\u00e1 sko\u0159epinov\u00e1 sedadla s \u010daloun\u011bn\u00edm v kombinaci Dinamica\/k\u016f\u017ee a s pam\u011bt\u00ed pro ulo\u017een\u00ed polohy poskytnou maxim\u00e1ln\u00ed komfort p\u0159i cestov\u00e1n\u00ed na kr\u00e1tk\u00e9 i dlouh\u00e9 vzd\u00e1lenosti a perfektn\u00ed oporu t\u011bla p\u0159i sportovn\u00ed j\u00edzd\u011b. Prost\u0159ed\u00ed uvnit\u0159 vozu dotv\u00e1\u0159\u00ed panoramatick\u00e1 st\u0159echa a elegantn\u00ed dekora\u010dn\u00ed osv\u011btlen\u00ed.<\/p>\n<figure id=\"attachment_110\" aria-describedby=\"caption-attachment-110\" style=\"width: 300px\" class=\"wp-caption alignnone\"><img loading=\"lazy\" decoding=\"async\" class=\"size-medium wp-image-110\" src=\"http:\/\/www.automakers.cz\/wp-content\/uploads\/2023\/11\/CUPRA-Born-300x200.jpg\" alt=\"\" width=\"300\" height=\"200\" srcset=\"https:\/\/www.automakers.cz\/wp-content\/uploads\/2023\/11\/CUPRA-Born-300x200.jpg 300w, https:\/\/www.automakers.cz\/wp-content\/uploads\/2023\/11\/CUPRA-Born-1024x682.jpg 1024w, https:\/\/www.automakers.cz\/wp-content\/uploads\/2023\/11\/CUPRA-Born-768x512.jpg 768w, https:\/\/www.automakers.cz\/wp-content\/uploads\/2023\/11\/CUPRA-Born.jpg 1280w\" sizes=\"auto, (max-width: 300px) 100vw, 300px\" \/><figcaption id=\"caption-attachment-110\" class=\"wp-caption-text\">Tavascana dopln\u00ed na st\u00e1nku men\u0161\u00ed Born<\/figcaption><\/figure>\n<p>&nbsp;<\/p>\n","protected":false},"excerpt":{"rendered":"<p>CUPRA um\u00edstila na v\u00fdstavi\u0161ti v pra\u017esk\u00fdch Let\u0148anech poprv\u00e9 v \u010cesk\u00e9 republice model Tavascan. Druh\u00fd elektromobil&#8230;<\/p>\n","protected":false},"author":1,"featured_media":109,"comment_status":"open","ping_status":"open","sticky":false,"template":"","format":"standard","meta":{"footnotes":""},"categories":[9,8],"tags":[],"class_list":["post-108","post","type-post","status-publish","format-standard","has-post-thumbnail","hentry","category-elektromobily","category-vystavy"],"_links":{"self":[{"href":"https:\/\/www.automakers.cz\/index.php?rest_route=\/wp\/v2\/posts\/108","targetHints":{"allow":["GET"]}}],"collection":[{"href":"https:\/\/www.automakers.cz\/index.php?rest_route=\/wp\/v2\/posts"}],"about":[{"href":"https:\/\/www.automakers.cz\/index.php?rest_route=\/wp\/v2\/types\/post"}],"author":[{"embeddable":true,"href":"https:\/\/www.automakers.cz\/index.php?rest_route=\/wp\/v2\/users\/1"}],"replies":[{"embeddable":true,"href":"https:\/\/www.automakers.cz\/index.php?rest_route=%2Fwp%2Fv2%2Fcomments&post=108"}],"version-history":[{"count":4,"href":"https:\/\/www.automakers.cz\/index.php?rest_route=\/wp\/v2\/posts\/108\/revisions"}],"predecessor-version":[{"id":114,"href":"https:\/\/www.automakers.cz\/index.php?rest_route=\/wp\/v2\/posts\/108\/revisions\/114"}],"wp:featuredmedia":[{"embeddable":true,"href":"https:\/\/www.automakers.cz\/index.php?rest_route=\/wp\/v2\/media\/109"}],"wp:attachment":[{"href":"https:\/\/www.automakers.cz\/index.php?rest_route=%2Fwp%2Fv2%2Fmedia&parent=108"}],"wp:term":[{"taxonomy":"category","embeddable":true,"href":"https:\/\/www.automakers.cz\/index.php?rest_route=%2Fwp%2Fv2%2Fcategories&post=108"},{"taxonomy":"post_tag","embeddable":true,"href":"https:\/\/www.automakers.cz\/index.php?rest_route=%2Fwp%2Fv2%2Ftags&post=108"}],"curies":[{"name":"wp","href":"https:\/\/api.w.org\/{rel}","templated":true}]}}