{"id":1080,"date":"2023-12-21T09:30:56","date_gmt":"2023-12-21T09:30:56","guid":{"rendered":"https:\/\/www.automakers.cz\/?p=1080"},"modified":"2023-12-21T09:46:11","modified_gmt":"2023-12-21T09:46:11","slug":"prosincove-cislo-casopisu-cesky-autoprumysl","status":"publish","type":"post","link":"https:\/\/www.automakers.cz\/?p=1080","title":{"rendered":"Prosincov\u00e9 \u010d\u00edslo \u010dasopisu \u010cesk\u00fd autopr\u016fmysl"},"content":{"rendered":"<p><strong>\u010ctvrt\u00e9 leto\u0161n\u00ed \u010d\u00edslo magaz\u00ednu \u010cesk\u00fd autopr\u016fmysl hled\u00e1 mimo jin\u00e9 odpov\u011bdi na ot\u00e1zku, jestli n\u00e1m v\u00a0\u010cesk\u00e9 republice a vlastn\u011b v\u00a0cel\u00e9 Evrop\u011b \u201euj\u00ed\u017ed\u00ed n\u00e1m vlak\u201c. A pokud ano, zda d\u011bl\u00e1me n\u011bco pro to, abychom je\u0161t\u011b nasko\u010dili.<\/strong> <!--more--><\/p>\n<p>Da\u0159\u00ed se vyladit \u010desk\u00e9 podnikatelsk\u00e9 prost\u0159ed\u00ed tak, aby bylo atraktivn\u00ed pro zahrani\u010dn\u00ed investory a podn\u011bcovalo vznik nov\u00fdch aktivit? Jak na to \u0161ly firmy, kter\u00fdm se dnes da\u0159\u00ed? Odpov\u011bdi nab\u00edzej\u00ed rozhovory a report\u00e1\u017ee.<\/p>\n<p>V prosincov\u00e9m \u010d\u00edsle se t\u0159eba do\u010dtete, co \u0159\u00edk\u00e1 <a href=\"https:\/\/www.linkedin.com\/in\/lukas-rosulek-08732389\/\">Lukas Ros\u016flek<\/a>, \u0161\u00e9f \u010desk\u00e9ho Vitesca,\u00a0o aktivit\u00e1ch spole\u010dnosti<a href=\"https:\/\/www.linkedin.com\/company\/vitesco-technologies\/\"> Vitesco Technologies<\/a>\u00a0v \u010cR\u00a0a pl\u00e1nech na dal\u0161\u00ed investice, nebo jestli vl\u00e1da poslouch\u00e1 doporu\u010den\u00ed Zde\u0148ka Zaj\u00ed\u010dka jako prezidenta Hospod\u00e1\u0159sk\u00e9 komory \u010cR a tedy z\u00e1stupce podnikatel\u016f.<\/p>\n<p>\u010casopis tak\u00e9 rozeb\u00edr\u00e1, jak m\u00e1 fungovat mechanizmus uhl\u00edkov\u00e9ho vyrovn\u00e1n\u00ed na hranic\u00edch (CBAM), kter\u00fd stanov\u00ed dovozc\u016fm vybran\u00fdch komodit ur\u010dit\u00e9 povinnosti u\u017e od 1. ledna 2024, a pro\u010d Evropsk\u00e1 komise zah\u00e1jila v \u0159\u00edjnu \u0161et\u0159en\u00ed dovozu bateriov\u00fdch elektrick\u00fdch vozidel z \u010c\u00edny a co to bude znamenat.<\/p>\n<p>Dal\u0161\u00ed texty se v\u011bnuj\u00ed t\u0159eba ho\u0159ick\u00e9 firm\u011b Tiyo, kter\u00e1 se rychle rozv\u00edj\u00ed do oblasti v\u00fdvojov\u00e9ho elektro\u2011environment\u00e1ln\u00edho testov\u00e1n\u00ed komponent\u016f a sestav pro nov\u00e9 pohony v oblasti elektromobility, nebo Hyundai Motor Czech, kter\u00e1 oslavila patn\u00e1ct\u00e9 v\u00fdro\u010d\u00ed od spu\u0161t\u011bn\u00ed v\u00fdroby v No\u0161ovic\u00edch.<\/p>\n<p>P\u0159in\u00e1\u0161\u00ed rovn\u011b\u017e informaci o tom, jak se zm\u011bnila Ferona, co chyst\u00e1 JTEKT Czech Republic a jak\u00fd je n\u00e1zor viceprezidenta pro v\u00fdvoj divize Bosch Powertrain Solutions pro \u010cR Alana Celi\u0107e na vyu\u017eit\u00ed vod\u00edku.<\/p>\n<p>P\u0159ipom\u00edn\u00e1 leto\u0161n\u00ed noviny \u0160kodovky a popisuje \u00fasp\u011bch sv\u00ed\u010dek Brisk. A v tomto \u010d\u00edsle lze naj\u00edt i odpov\u011b\u010f na ot\u00e1zku, pro\u010d chce Elon Musk stav\u011bt nejv\u011bt\u0161\u00ed tov\u00e1rnu na elektromobily zrovna v Mexiku\ud83c\uddf2\ud83c\uddfd.<\/p>\n<p><strong>Cel\u00fd \u010dasopis najdete zde:<\/strong><\/p>\n<p><a href=\"https:\/\/autosap.cz\/aktualita\/prosincove-cislo-casopisu-cesky-autoprumysl-je-tady\/\">https:\/\/autosap.cz\/aktualita\/prosincove-cislo-casopisu-cesky-autoprumysl-je-tady\/<\/a><\/p>\n<table>\n<tbody>\n<tr>\n<td width=\"222\"><strong>Libu\u0161e Bautzov\u00e1\u00a0<\/strong><\/p>\n<p>\u0161\u00e9fredaktorka \u010dasopisu \u010cesk\u00fd autopr\u016fmysl<\/td>\n<\/tr>\n<\/tbody>\n<\/table>\n","protected":false},"excerpt":{"rendered":"<p>\u010ctvrt\u00e9 leto\u0161n\u00ed \u010d\u00edslo magaz\u00ednu \u010cesk\u00fd autopr\u016fmysl hled\u00e1 mimo jin\u00e9 odpov\u011bdi na ot\u00e1zku, jestli n\u00e1m v\u00a0\u010cesk\u00e9&#8230;<\/p>\n","protected":false},"author":1,"featured_media":1082,"comment_status":"open","ping_status":"open","sticky":false,"template":"","format":"standard","meta":{"footnotes":""},"categories":[49],"tags":[],"class_list":["post-1080","post","type-post","status-publish","format-standard","has-post-thumbnail","hentry","category-media"],"_links":{"self":[{"href":"https:\/\/www.automakers.cz\/index.php?rest_route=\/wp\/v2\/posts\/1080","targetHints":{"allow":["GET"]}}],"collection":[{"href":"https:\/\/www.automakers.cz\/index.php?rest_route=\/wp\/v2\/posts"}],"about":[{"href":"https:\/\/www.automakers.cz\/index.php?rest_route=\/wp\/v2\/types\/post"}],"author":[{"embeddable":true,"href":"https:\/\/www.automakers.cz\/index.php?rest_route=\/wp\/v2\/users\/1"}],"replies":[{"embeddable":true,"href":"https:\/\/www.automakers.cz\/index.php?rest_route=%2Fwp%2Fv2%2Fcomments&post=1080"}],"version-history":[{"count":2,"href":"https:\/\/www.automakers.cz\/index.php?rest_route=\/wp\/v2\/posts\/1080\/revisions"}],"predecessor-version":[{"id":1083,"href":"https:\/\/www.automakers.cz\/index.php?rest_route=\/wp\/v2\/posts\/1080\/revisions\/1083"}],"wp:featuredmedia":[{"embeddable":true,"href":"https:\/\/www.automakers.cz\/index.php?rest_route=\/wp\/v2\/media\/1082"}],"wp:attachment":[{"href":"https:\/\/www.automakers.cz\/index.php?rest_route=%2Fwp%2Fv2%2Fmedia&parent=1080"}],"wp:term":[{"taxonomy":"category","embeddable":true,"href":"https:\/\/www.automakers.cz\/index.php?rest_route=%2Fwp%2Fv2%2Fcategories&post=1080"},{"taxonomy":"post_tag","embeddable":true,"href":"https:\/\/www.automakers.cz\/index.php?rest_route=%2Fwp%2Fv2%2Ftags&post=1080"}],"curies":[{"name":"wp","href":"https:\/\/api.w.org\/{rel}","templated":true}]}}