{"id":10857,"date":"2025-02-10T11:51:02","date_gmt":"2025-02-10T11:51:02","guid":{"rendered":"https:\/\/www.automakers.cz\/?p=10857"},"modified":"2025-02-10T13:39:53","modified_gmt":"2025-02-10T13:39:53","slug":"konec-dobijecich-cipu-pro-novinarske-vozy","status":"publish","type":"post","link":"https:\/\/www.automakers.cz\/?p=10857","title":{"rendered":"Konec dob\u00edjec\u00edch \u010dip\u016f pro novin\u00e1\u0159sk\u00e9 vozy"},"content":{"rendered":"<p><strong>\u0158ada import\u00e9r\u016f letos p\u0159estala p\u016fj\u010dovat dob\u00edjec\u00ed \u010dipy k novin\u00e1\u0159sk\u00fdm testovac\u00edm vozidl\u016fm. Od ledna je ned\u00e1v\u00e1 Emil Frey ani Renault, v pond\u011bl\u00ed 10. \u00fanora ozn\u00e1mil ukon\u010den\u00ed z\u00e1p\u016fj\u010dek dob\u00edjec\u00edch karet Charge i Hyundai. Jak\u00e9 jsou d\u016fvody?<\/strong><!--more--><\/p>\n<p>PR mana\u017ee\u0159i n\u011bkter\u00fdch uveden\u00fdch zna\u010dek n\u00e1m ukon\u010den\u00ed z\u00e1p\u016fj\u010dek vysv\u011btlili p\u0159\u00edli\u0161 vysok\u00fdmi odb\u011bry elektrick\u00e9ho proudu ze strany testuj\u00edc\u00edch redakc\u00ed. &#8222;U \u0159ady \u010dip\u016f jsme zjistili \u010derp\u00e1n\u00ed energie, kter\u00e9 neodpov\u00eddalo n\u00e1jezd\u016fm testovac\u00edho vozu,&#8220; \u0159ekla n\u00e1m jedna z mluv\u010d\u00edch importu Emil Frey. To potvrdil i Tom\u00e1\u0161 Devera z Renaultu: &#8222;Novin\u00e1\u0159i u\u017e maj\u00ed letos vy\u010derp\u00e1no,&#8220; vysv\u011btlil stru\u010dn\u011b.<\/p>\n<p>Jako posledn\u00ed zat\u00edm kon\u010d\u00ed s p\u016fj\u010dov\u00e1n\u00edm neomezen\u00fdch dob\u00edjec\u00edch karet Hyundai. &#8222;Po\u010d\u00ednaje dne\u0161n\u00edm dnem bude ukon\u010deno bezplatn\u00e9 vyd\u00e1v\u00e1n\u00ed univerz\u00e1ln\u00edch nab\u00edjec\u00edch karet Charge myHyundai k z\u00e1p\u016fj\u010dk\u00e1m na\u0161ich EV a PHEV voz\u016f. Pros\u00edm, abyste informovali kolegy z redakce, kte\u0159\u00ed vozy b\u011b\u017en\u011b vyzved\u00e1vaj\u00ed \u010di testuj\u00ed,&#8220; napsal dnes m\u00e9di\u00edm David Pavl\u00ed\u010dek.<\/p>\n<p><strong>Konec star\u00fdch \u010das\u016f<\/strong><\/p>\n<p>Podle hlas\u016f z automobilek u\u017e doba neomezen\u00fdch \u010dip\u016f jednodu\u0161e skon\u010dila. &#8222;M\u011blo to v\u00fdznam v dob\u011b n\u00e1stupu EL aut. Nyn\u00ed je elektromobil prost\u011b b\u011b\u017en\u00fd v\u016fz ke ke kter\u00e9mu redakce dostane nabitou baterii na 300 km a v\u00edce, zbytek si do\u010derp\u00e1 z nab\u00edje\u010dky za sv\u00e9,&#8220; \u0159ekla n\u00e1m Kate\u0159ina Va\u0148kov\u00e1 Jougl\u00ed\u010dkov\u00e1 z Kia Czech, jej\u00ed\u017e zna\u010dka zat\u00edm ale paradoxn\u011b karty k bateriov\u00fdm testovac\u00edm voz\u016fm st\u00e1le p\u016fj\u010duje. Stejn\u011b jako nap\u0159\u00edklad Mercedes-Benz nebo BMW.<\/p>\n<figure id=\"attachment_9037\" aria-describedby=\"caption-attachment-9037\" style=\"width: 900px\" class=\"wp-caption alignnone\"><img loading=\"lazy\" decoding=\"async\" class=\"size-medium wp-image-9037\" src=\"http:\/\/www.automakers.cz\/wp-content\/uploads\/2024\/11\/Kia-EV3-Jouglickova-900x506.jpg\" alt=\"\" width=\"900\" height=\"506\" srcset=\"https:\/\/www.automakers.cz\/wp-content\/uploads\/2024\/11\/Kia-EV3-Jouglickova-900x506.jpg 900w, https:\/\/www.automakers.cz\/wp-content\/uploads\/2024\/11\/Kia-EV3-Jouglickova-1024x576.jpg 1024w, https:\/\/www.automakers.cz\/wp-content\/uploads\/2024\/11\/Kia-EV3-Jouglickova-768x432.jpg 768w, https:\/\/www.automakers.cz\/wp-content\/uploads\/2024\/11\/Kia-EV3-Jouglickova-1536x864.jpg 1536w, https:\/\/www.automakers.cz\/wp-content\/uploads\/2024\/11\/Kia-EV3-Jouglickova-1280x720.jpg 1280w, https:\/\/www.automakers.cz\/wp-content\/uploads\/2024\/11\/Kia-EV3-Jouglickova.jpg 2040w\" sizes=\"auto, (max-width: 900px) 100vw, 900px\" \/><figcaption id=\"caption-attachment-9037\" class=\"wp-caption-text\">Kate\u0159ina Va\u0148kov\u00e1 Jougl\u00ed\u010dkobv\u00e1 zat\u00edm karty k elektromobil\u016fm d\u00e1v\u00e1<\/figcaption><\/figure>\n<p>Pro \u0159adu novin\u00e1\u0159\u016f ale znamen\u00e1 konec z\u00e1p\u016fj\u010dek \u010dip\u016f probl\u00e9my: &#8222;Pot\u00ed\u017e je v tom, \u017ee elektromobil dnes na ve\u0159ejn\u00fdch nab\u00edje\u010dk\u00e1ch nelze dob\u00edt za pen\u00edze. Je nutn\u00fd dlouhodob\u00fd tarif s \u010dipem nebo kartou. Nap\u0159\u00edklad pro nejv\u011bt\u0161\u00ed s\u00edt\u011b \u010cEZ nebo PRE je nutn\u00e9 po\u0159\u00eddit si slu\u017ebu s placen\u00edm m\u011bs\u00ed\u010dn\u00edch z\u00e1loh, podobn\u011b jako je to t\u0159eba u p\u0159ipojen\u00ed dom\u00e1cnosti. Pro velk\u00e9 redakce to nebude probl\u00e9m, ale novin\u00e1\u0159i na voln\u00e9 noze, kte\u0159\u00ed testuj\u00ed elektromobily jen ob\u010dasn\u011b, mus\u00ed po\u010d\u00edtat s n\u00e1r\u016fstem n\u00e1klad\u016f a byrokracie&#8220; m\u00edn\u00ed \u0161\u00e9fredaktor AUTOmakers Erich Handl.<\/p>\n<p>&#8222;Motonovin\u00e1\u0159i si ale v\u017edycky n\u011bjak porad\u00ed, \u0160kodovka ned\u00e1vala \u010dipy k testu Enyaqu nikdy a tak\u00e9 se testovalo,&#8220; uzav\u0159el Handl.<\/p>\n<p><strong>Zdroj: redakce\u00a0<\/strong><\/p>\n<figure id=\"attachment_9940\" aria-describedby=\"caption-attachment-9940\" style=\"width: 900px\" class=\"wp-caption alignnone\"><img loading=\"lazy\" decoding=\"async\" class=\"size-medium wp-image-9940\" src=\"http:\/\/www.automakers.cz\/wp-content\/uploads\/2024\/12\/01_Prvni-verejna-ultrarychla-dobijeci-stanice-s-intergrovanou-baterii-v-CR-small-2-900x678.jpg\" alt=\"\" width=\"900\" height=\"678\" srcset=\"https:\/\/www.automakers.cz\/wp-content\/uploads\/2024\/12\/01_Prvni-verejna-ultrarychla-dobijeci-stanice-s-intergrovanou-baterii-v-CR-small-2-900x678.jpg 900w, https:\/\/www.automakers.cz\/wp-content\/uploads\/2024\/12\/01_Prvni-verejna-ultrarychla-dobijeci-stanice-s-intergrovanou-baterii-v-CR-small-2-1024x771.jpg 1024w, https:\/\/www.automakers.cz\/wp-content\/uploads\/2024\/12\/01_Prvni-verejna-ultrarychla-dobijeci-stanice-s-intergrovanou-baterii-v-CR-small-2-768x579.jpg 768w, https:\/\/www.automakers.cz\/wp-content\/uploads\/2024\/12\/01_Prvni-verejna-ultrarychla-dobijeci-stanice-s-intergrovanou-baterii-v-CR-small-2.jpg 1200w\" sizes=\"auto, (max-width: 900px) 100vw, 900px\" \/><figcaption id=\"caption-attachment-9940\" class=\"wp-caption-text\">B\u011b\u017en\u00e1 platebn\u00ed karta na v\u011bt\u0161in\u011b dob\u00edje\u010dek nefunguje, je nutn\u00e9 po\u0159\u00edzen\u00ed dlouhodob\u00e9ho tarifu<\/figcaption><\/figure>\n<p>&nbsp;<\/p>\n","protected":false},"excerpt":{"rendered":"<p>\u0158ada import\u00e9r\u016f letos p\u0159estala p\u016fj\u010dovat dob\u00edjec\u00ed \u010dipy k novin\u00e1\u0159sk\u00fdm testovac\u00edm vozidl\u016fm. Od ledna je ned\u00e1v\u00e1&#8230;<\/p>\n","protected":false},"author":1,"featured_media":2306,"comment_status":"closed","ping_status":"closed","sticky":false,"template":"","format":"standard","meta":{"footnotes":""},"categories":[49,27,28],"tags":[],"class_list":["post-10857","post","type-post","status-publish","format-standard","has-post-thumbnail","hentry","category-media","category-novinari","category-testy"],"_links":{"self":[{"href":"https:\/\/www.automakers.cz\/index.php?rest_route=\/wp\/v2\/posts\/10857","targetHints":{"allow":["GET"]}}],"collection":[{"href":"https:\/\/www.automakers.cz\/index.php?rest_route=\/wp\/v2\/posts"}],"about":[{"href":"https:\/\/www.automakers.cz\/index.php?rest_route=\/wp\/v2\/types\/post"}],"author":[{"embeddable":true,"href":"https:\/\/www.automakers.cz\/index.php?rest_route=\/wp\/v2\/users\/1"}],"replies":[{"embeddable":true,"href":"https:\/\/www.automakers.cz\/index.php?rest_route=%2Fwp%2Fv2%2Fcomments&post=10857"}],"version-history":[{"count":6,"href":"https:\/\/www.automakers.cz\/index.php?rest_route=\/wp\/v2\/posts\/10857\/revisions"}],"predecessor-version":[{"id":10869,"href":"https:\/\/www.automakers.cz\/index.php?rest_route=\/wp\/v2\/posts\/10857\/revisions\/10869"}],"wp:featuredmedia":[{"embeddable":true,"href":"https:\/\/www.automakers.cz\/index.php?rest_route=\/wp\/v2\/media\/2306"}],"wp:attachment":[{"href":"https:\/\/www.automakers.cz\/index.php?rest_route=%2Fwp%2Fv2%2Fmedia&parent=10857"}],"wp:term":[{"taxonomy":"category","embeddable":true,"href":"https:\/\/www.automakers.cz\/index.php?rest_route=%2Fwp%2Fv2%2Fcategories&post=10857"},{"taxonomy":"post_tag","embeddable":true,"href":"https:\/\/www.automakers.cz\/index.php?rest_route=%2Fwp%2Fv2%2Ftags&post=10857"}],"curies":[{"name":"wp","href":"https:\/\/api.w.org\/{rel}","templated":true}]}}