{"id":10876,"date":"2025-02-11T09:58:09","date_gmt":"2025-02-11T09:58:09","guid":{"rendered":"https:\/\/www.automakers.cz\/?p=10876"},"modified":"2025-02-11T09:59:37","modified_gmt":"2025-02-11T09:59:37","slug":"veolia-energie-kupuje-flotilu-citroenu-e-c3","status":"publish","type":"post","link":"https:\/\/www.automakers.cz\/?p=10876","title":{"rendered":"Veolia Energie kupuje flotilu Citro\u00ebn\u016f \u00eb-C3"},"content":{"rendered":"<p><strong><b>Skupina Veolia Energie \u010cR, dlouholet\u00fd partner zna\u010dek sdru\u017een\u00fdch ve skupin\u011b Emil Frey v \u010cR, roz\u0161\u00ed\u0159ila sv\u016fj vozov\u00fd park o 21 nov\u00fdch elektromobil\u016f Citro\u00ebn \u00eb-C3.<br \/>\n<\/b><\/strong><!--more--><\/p>\n<p>Skupina Veolia Energie je jedn\u00edm z nejv\u00fdznamn\u011bj\u0161\u00edch z\u00e1kazn\u00edk\u016f skupiny Emil Frey v\u00a0\u010cR. Od za\u010d\u00e1tku obchodn\u00ed spolupr\u00e1ce v\u00a0roce 2019 odebrala stovky osobn\u00edch a u\u017eitkov\u00fdch vozidel v\u0161ech zna\u010dek EF Group, z r\u016fzn\u00fdch segment\u016f a s\u00a0r\u016fzn\u00fdmi typy pohon\u016f. Z\u00a0hlediska bezemisn\u00edch voz\u016f je ov\u0161em dod\u00e1vka 21 elektromobil\u016f Citro\u00ebn \u00eb-C3 jednozna\u010dn\u011b nejv\u00fdznamn\u011bj\u0161\u00ed v\u00a0historii t\u00e9to fleetov\u00e9 spolupr\u00e1ce. A d\u00e1 se o\u010dek\u00e1vat, \u017ee vzhledem ke st\u00e1vaj\u00edc\u00edm trend\u016fm v\u00a0oblasti bezemisn\u00ed mobility budou podobn\u00e9 zak\u00e1zky st\u00e1le \u010dast\u011bj\u0161\u00ed a rozs\u00e1hlej\u0161\u00ed.<\/p>\n<figure id=\"attachment_10369\" aria-describedby=\"caption-attachment-10369\" style=\"width: 900px\" class=\"wp-caption alignnone\"><img loading=\"lazy\" decoding=\"async\" class=\"size-medium wp-image-10369\" src=\"http:\/\/www.automakers.cz\/wp-content\/uploads\/2025\/01\/Citroen-C3-Pruhonice-900x506.jpg\" alt=\"\" width=\"900\" height=\"506\" srcset=\"https:\/\/www.automakers.cz\/wp-content\/uploads\/2025\/01\/Citroen-C3-Pruhonice-900x506.jpg 900w, https:\/\/www.automakers.cz\/wp-content\/uploads\/2025\/01\/Citroen-C3-Pruhonice-1024x576.jpg 1024w, https:\/\/www.automakers.cz\/wp-content\/uploads\/2025\/01\/Citroen-C3-Pruhonice-768x432.jpg 768w, https:\/\/www.automakers.cz\/wp-content\/uploads\/2025\/01\/Citroen-C3-Pruhonice-1536x864.jpg 1536w, https:\/\/www.automakers.cz\/wp-content\/uploads\/2025\/01\/Citroen-C3-Pruhonice-1280x720.jpg 1280w, https:\/\/www.automakers.cz\/wp-content\/uploads\/2025\/01\/Citroen-C3-Pruhonice.jpg 2040w\" sizes=\"auto, (max-width: 900px) 100vw, 900px\" \/><figcaption id=\"caption-attachment-10369\" class=\"wp-caption-text\">Citro\u00ebn m\u011bl ned\u00e1vno premi\u00e9ru vozu v Pr\u016fhonic\u00edch; FOTO: Erich Handl<\/figcaption><\/figure>\n<p>Nov\u00e9 elektrick\u00e9 vozy Citro\u00ebn \u00eb-C3 v \u00farovni v\u00fdbavy YOU (83 kW \/ 113k, baterie 44 kWh) budou slou\u017eit jako referentsk\u00e1 vozidla pro zam\u011bstnance skupiny Veolia Energie v \u010cR. Ti budou vyu\u017e\u00edvat efektivn\u011b \u0159e\u0161enou dob\u00edjec\u00ed infrastrukturu, kterou skupina provozuje ve sv\u00fdch are\u00e1lech.<\/p>\n<p><em><i>\u201eTato \u00fasp\u011b\u0161n\u00e1 fleetov\u00e1 spolupr\u00e1ce je kr\u00e1snou uk\u00e1zkou toho, \u017ee elektromobilita d\u00e1v\u00e1 smysl jak z hlediska spole\u010densk\u00e9 odpov\u011bdnosti, tak i jako n\u00e1stroj rentabiln\u00edho hospoda\u0159en\u00ed firmy. A Citro\u00ebn e-C3 je v\u00a0tomto ohledu tak\u0159ka dokonal\u00fdm vozem pro ty, kte\u0159\u00ed hledaj\u00ed ekologickou, ale z\u00e1rove\u0148 ekonomicky v\u00fdhodnou alternativu k tradi\u010dn\u00edm spalovac\u00edm motor\u016fm. Z\u00a0hlediska pom\u011bru velikosti vozu, kapacity baterie a po\u0159izovac\u00ed ceny je toti\u017e model \u00eb-C3 jedn\u00edm z nejv\u00fdhodn\u011bj\u0161\u00edch voz\u016f na sou\u010dasn\u00e9m trhu,\u201c<\/i><\/em>\u00a0\u0159\u00edk\u00e1 Roman Kraus, vedouc\u00ed fleetov\u00e9ho prodeje zna\u010dek EF Group v\u00a0\u010cR.<\/p>\n<p><strong>Zdroj: Radka Matthey<\/strong><\/p>\n","protected":false},"excerpt":{"rendered":"<p>Skupina Veolia Energie \u010cR, dlouholet\u00fd partner zna\u010dek sdru\u017een\u00fdch ve skupin\u011b Emil Frey v \u010cR, roz\u0161\u00ed\u0159ila&#8230;<\/p>\n","protected":false},"author":1,"featured_media":10877,"comment_status":"closed","ping_status":"closed","sticky":false,"template":"","format":"standard","meta":{"footnotes":""},"categories":[9,15,50],"tags":[],"class_list":["post-10876","post","type-post","status-publish","format-standard","has-post-thumbnail","hentry","category-elektromobily","category-fleety","category-zakazky"],"_links":{"self":[{"href":"https:\/\/www.automakers.cz\/index.php?rest_route=\/wp\/v2\/posts\/10876","targetHints":{"allow":["GET"]}}],"collection":[{"href":"https:\/\/www.automakers.cz\/index.php?rest_route=\/wp\/v2\/posts"}],"about":[{"href":"https:\/\/www.automakers.cz\/index.php?rest_route=\/wp\/v2\/types\/post"}],"author":[{"embeddable":true,"href":"https:\/\/www.automakers.cz\/index.php?rest_route=\/wp\/v2\/users\/1"}],"replies":[{"embeddable":true,"href":"https:\/\/www.automakers.cz\/index.php?rest_route=%2Fwp%2Fv2%2Fcomments&post=10876"}],"version-history":[{"count":3,"href":"https:\/\/www.automakers.cz\/index.php?rest_route=\/wp\/v2\/posts\/10876\/revisions"}],"predecessor-version":[{"id":10879,"href":"https:\/\/www.automakers.cz\/index.php?rest_route=\/wp\/v2\/posts\/10876\/revisions\/10879"}],"wp:featuredmedia":[{"embeddable":true,"href":"https:\/\/www.automakers.cz\/index.php?rest_route=\/wp\/v2\/media\/10877"}],"wp:attachment":[{"href":"https:\/\/www.automakers.cz\/index.php?rest_route=%2Fwp%2Fv2%2Fmedia&parent=10876"}],"wp:term":[{"taxonomy":"category","embeddable":true,"href":"https:\/\/www.automakers.cz\/index.php?rest_route=%2Fwp%2Fv2%2Fcategories&post=10876"},{"taxonomy":"post_tag","embeddable":true,"href":"https:\/\/www.automakers.cz\/index.php?rest_route=%2Fwp%2Fv2%2Ftags&post=10876"}],"curies":[{"name":"wp","href":"https:\/\/api.w.org\/{rel}","templated":true}]}}