{"id":10932,"date":"2025-02-12T08:56:31","date_gmt":"2025-02-12T08:56:31","guid":{"rendered":"https:\/\/www.automakers.cz\/?p=10932"},"modified":"2025-02-12T08:58:24","modified_gmt":"2025-02-12T08:58:24","slug":"volkswagen-sebesta-zacina-utocit-na-siti","status":"publish","type":"post","link":"https:\/\/www.automakers.cz\/?p=10932","title":{"rendered":"Volkswagen: \u0160ebesta za\u010d\u00edn\u00e1 \u00fato\u010dit na s\u00edti"},"content":{"rendered":"<p><b>Import\u00e9rsk\u00fd speci\u00e1l AUTOmakers chyst\u00e1 rozhovor s vedouc\u00edm divize Volkswagen v Porsche \u010cR Jakubem \u0160ebestou. Jeho zna\u010dka skon\u010dila loni v prodej\u00edch a\u017e za Hyundaiem a Toyotou, letos se ale nechce jen br\u00e1nit od zadn\u00ed lajny, v lednu za\u010dala ak\u010dn\u011b \u00fato\u010dit na s\u00edti.<br \/>\n<\/b><!--more--><\/p>\n<p>Volkswagenu v lednu ke t\u0159et\u00edmu m\u00edstu mezi v\u0161emi a ke druh\u00e9mu m\u00edstu mezi dov\u00e1\u017een\u00fdmi zna\u010dkami dopomohla nab\u00eddka ak\u010dn\u00edch model\u016f Limited Edition, People a R-Line People. Nej\u017e\u00e1dan\u011bj\u0161\u00edmi modely byly Golf, Tiguan, Passat a Touran.<\/p>\n<p>Nadpr\u016fm\u011brn\u011b se da\u0159ilo tak\u00e9 elektricky poh\u00e1n\u011bn\u00fdm model\u016fm ID.7 a ID.3. Od za\u010d\u00e1tku roku mohou z\u00e1kazn\u00edci na \u010dist\u011b elektrick\u00e9 a plug-in hybridn\u00ed modely nov\u011b uplatnit Volkswagen e-dotaci se zv\u00fdhodn\u011bn\u00edm a\u017e 100 000 K\u010d.<\/p>\n<p>\u201eVolkswagen vstoupil do nov\u00e9ho roku obchodn\u00ed ofenzivou a v\u00fdsledky na sebe nenechaly dlouho \u010dekat,&#8220; \u0159\u00edk\u00e1 Jakub \u0160ebesta, vedouc\u00ed divize Volkswagen spole\u010dnosti Porsche \u010cesk\u00e1 republika, a dod\u00e1v\u00e1:<\/p>\n<p>\u201eNavzdory poklesu celkov\u00e9ho trhu jsme d\u00edky atraktivn\u00ed nab\u00eddce ak\u010dn\u00edch model\u016f rostli. Za druh\u00e9 m\u00edsto mezi dovozci v\u00a0lednov\u00e9m \u017eeb\u0159\u00ed\u010dku vd\u011b\u010d\u00edme p\u0159edev\u0161\u00edm velk\u00e9 oblib\u011b na\u0161ich nejprod\u00e1van\u011bj\u0161\u00edch voz\u016f. Skv\u011blou zpr\u00e1vou je rovn\u011b\u017e v\u00fdrazn\u00fd n\u00e1r\u016fst u obou na\u0161ich nejprod\u00e1van\u011bj\u0161\u00edch elektromobil\u016f z\u00a0rodiny ID.&#8220;<\/p>\n<p><img loading=\"lazy\" decoding=\"async\" class=\"alignnone size-medium wp-image-10845\" src=\"http:\/\/www.automakers.cz\/wp-content\/uploads\/2025\/02\/Volkswagen-prodluzuje-nabidku-akcnich-modelu-2-small-900x450.jpg\" alt=\"\" width=\"900\" height=\"450\" srcset=\"https:\/\/www.automakers.cz\/wp-content\/uploads\/2025\/02\/Volkswagen-prodluzuje-nabidku-akcnich-modelu-2-small-900x450.jpg 900w, https:\/\/www.automakers.cz\/wp-content\/uploads\/2025\/02\/Volkswagen-prodluzuje-nabidku-akcnich-modelu-2-small-1024x512.jpg 1024w, https:\/\/www.automakers.cz\/wp-content\/uploads\/2025\/02\/Volkswagen-prodluzuje-nabidku-akcnich-modelu-2-small-768x384.jpg 768w, https:\/\/www.automakers.cz\/wp-content\/uploads\/2025\/02\/Volkswagen-prodluzuje-nabidku-akcnich-modelu-2-small-1536x768.jpg 1536w, https:\/\/www.automakers.cz\/wp-content\/uploads\/2025\/02\/Volkswagen-prodluzuje-nabidku-akcnich-modelu-2-small.jpg 1920w\" sizes=\"auto, (max-width: 900px) 100vw, 900px\" \/>Podle statistik Svazu dovozc\u016f automobil\u016f bylo v\u00a0lednu 2025 registrov\u00e1no 1491 nov\u00fdch osobn\u00edch voz\u016f Volkswagen, co\u017e znamen\u00e1 meziro\u010dn\u00ed n\u00e1r\u016fst o 4,05 %. Vzhledem k\u00a0poklesu celkov\u00e9ho \u010desk\u00e9ho trhu o bezm\u00e1la 5 % se pod\u00edl zna\u010dky Volkswagen zv\u00fd\u0161il na 7,71 %. V\u00a0po\u0159ad\u00ed v\u0161ech zna\u010dek tak Volkswagenu pat\u0159\u00ed t\u0159et\u00ed m\u00edsto, mezi dov\u00e1\u017een\u00fdmi zna\u010dkami je Volkswagen druh\u00fd.<\/p>\n<p>Nejprod\u00e1van\u011bj\u0161\u00edm modelem Volkswagen byl v lednu tradi\u010dn\u00ed bestseller Golf, jeho\u017e po\u010det registrac\u00ed meziro\u010dn\u011b vzrostl o pozoruhodn\u00fdch 65,76 % na 489 voz\u016f. Dynamick\u00fd r\u016fst maj\u00ed za sebou tak\u00e9 modely Tiguan (243 voz\u016f; +23,98 %) a Passat (131 voz\u016f; +50,57 %). \u010ctve\u0159ici nej\u00fasp\u011b\u0161n\u011bj\u0161\u00edch model\u016f uzav\u00edr\u00e1 Touran se 103 vozy a meziro\u010dn\u00edm n\u00e1r\u016fstem o 8,42 %.<\/p>\n<figure id=\"attachment_1948\" aria-describedby=\"caption-attachment-1948\" style=\"width: 900px\" class=\"wp-caption alignnone\"><img loading=\"lazy\" decoding=\"async\" class=\"size-medium wp-image-1948\" src=\"http:\/\/www.automakers.cz\/wp-content\/uploads\/2024\/02\/VW-ID7-Dloha-Lhota-predek-900x600.jpg\" alt=\"\" width=\"900\" height=\"600\" srcset=\"https:\/\/www.automakers.cz\/wp-content\/uploads\/2024\/02\/VW-ID7-Dloha-Lhota-predek-900x600.jpg 900w, https:\/\/www.automakers.cz\/wp-content\/uploads\/2024\/02\/VW-ID7-Dloha-Lhota-predek-1024x682.jpg 1024w, https:\/\/www.automakers.cz\/wp-content\/uploads\/2024\/02\/VW-ID7-Dloha-Lhota-predek-768x512.jpg 768w, https:\/\/www.automakers.cz\/wp-content\/uploads\/2024\/02\/VW-ID7-Dloha-Lhota-predek.jpg 1237w\" sizes=\"auto, (max-width: 900px) 100vw, 900px\" \/><figcaption id=\"caption-attachment-1948\" class=\"wp-caption-text\">Vlajkov\u00fd elektromobil zna\u010dky &#8211; Volkswagen ID.7<\/figcaption><\/figure>\n<p>Volkswagen v\u00a0lednu bodoval tak\u00e9 se sv\u00fdmi elektricky poh\u00e1n\u011bn\u00fdmi modely ID. U vlajkov\u00e9 lodi ID.7 vzrostl po\u010det lednov\u00fdch registrac\u00ed 2,4kr\u00e1t na 48 voz\u016f, druh\u00fdm nej\u017e\u00e1dan\u011bj\u0161\u00edm elektromobilem Volkswagen byl kompaktn\u00ed model ID.3. S\u00a028 vozy se po\u010det registrac\u00ed modelu ID.3 meziro\u010dn\u011b zv\u00fd\u0161il 3,5kr\u00e1t. Nov\u011b mohou z\u00e1kazn\u00edci na koupi \u010dist\u011b elektrick\u00e9ho nebo plug-in hybridn\u00edho vozu uplatnit Volkswagen e-dotaci a z\u00edskat dal\u0161\u00ed zv\u00fdhodn\u011bn\u00ed ve v\u00fd\u0161i a\u017e 100\u00a0000 K\u010d. U model\u016f z\u00a0ak\u010dn\u00ed edice Limited lze d\u00edky e-dotaci u\u0161et\u0159it 50\u00a0000 K\u010d. U v\u0161ech ostatn\u00edch v\u00fdbavov\u00fdch variant lze d\u00edky e-dotaci u\u0161et\u0159it 100\u00a0000 K\u010d.<\/p>\n<p>Za lednov\u00fdmi \u00fasp\u011bchy zna\u010dky Volkswagen u \u010desk\u00fdch z\u00e1kazn\u00edk\u016f stoj\u00ed p\u0159edev\u0161\u00edm \u0161irok\u00fd sortiment ak\u010dn\u00edch model\u016f Limited Edition, People a R-Line People. Tato ak\u010dn\u00ed nab\u00eddka p\u0159itom z\u016fst\u00e1v\u00e1 i nad\u00e1le v platnosti.<\/p>\n<p><img loading=\"lazy\" decoding=\"async\" class=\"alignnone size-medium wp-image-8870\" src=\"http:\/\/www.automakers.cz\/wp-content\/uploads\/2024\/11\/Volkswagen-Golf-Variant-small-900x600.jpg\" alt=\"\" width=\"900\" height=\"600\" srcset=\"https:\/\/www.automakers.cz\/wp-content\/uploads\/2024\/11\/Volkswagen-Golf-Variant-small-900x600.jpg 900w, https:\/\/www.automakers.cz\/wp-content\/uploads\/2024\/11\/Volkswagen-Golf-Variant-small-1024x683.jpg 1024w, https:\/\/www.automakers.cz\/wp-content\/uploads\/2024\/11\/Volkswagen-Golf-Variant-small-768x512.jpg 768w, https:\/\/www.automakers.cz\/wp-content\/uploads\/2024\/11\/Volkswagen-Golf-Variant-small-1536x1024.jpg 1536w, https:\/\/www.automakers.cz\/wp-content\/uploads\/2024\/11\/Volkswagen-Golf-Variant-small-2048x1366.jpg 2048w\" sizes=\"auto, (max-width: 900px) 100vw, 900px\" \/>S cenov\u00fdm zv\u00fdhodn\u011bn\u00edm tak lze po\u0159\u00eddit nejen univerz\u00e1ln\u00ed modely Golf a Golf Variant, mana\u017eersk\u00e9 kombi Passat nebo ide\u00e1ln\u00ed rodinn\u00e9 MPV Touran, ale tak\u00e9 mal\u00e9 Polo, kter\u00e9 letos slav\u00ed 50. v\u00fdro\u010d\u00ed. Z\u00e1kazn\u00edci, kte\u0159\u00ed d\u00e1vaj\u00ed p\u0159ednost crossover\u016fm \u010di SUV, mohou za atraktivn\u00edch podm\u00ednek usednout za volant model\u016f Taigo, T-Cross, T-Roc, Tiguan, Tayron nebo vlajkov\u00e9 lodi Touareg. Mezi ak\u010dn\u00ed modely Limited Edition jsou za\u0159azeny rovn\u011b\u017e v\u00fdhradn\u011b elektricky poh\u00e1n\u011bn\u00e9 modely z rodiny ID.<\/p>\n<p><strong>Zdroj: VW<\/strong><\/p>\n","protected":false},"excerpt":{"rendered":"<p>Import\u00e9rsk\u00fd speci\u00e1l AUTOmakers chyst\u00e1 rozhovor s vedouc\u00edm divize Volkswagen v Porsche \u010cR Jakubem \u0160ebestou. Jeho&#8230;<\/p>\n","protected":false},"author":1,"featured_media":208,"comment_status":"closed","ping_status":"closed","sticky":false,"template":"","format":"standard","meta":{"footnotes":""},"categories":[11,10],"tags":[],"class_list":["post-10932","post","type-post","status-publish","format-standard","has-post-thumbnail","hentry","category-importeri","category-statistika"],"_links":{"self":[{"href":"https:\/\/www.automakers.cz\/index.php?rest_route=\/wp\/v2\/posts\/10932","targetHints":{"allow":["GET"]}}],"collection":[{"href":"https:\/\/www.automakers.cz\/index.php?rest_route=\/wp\/v2\/posts"}],"about":[{"href":"https:\/\/www.automakers.cz\/index.php?rest_route=\/wp\/v2\/types\/post"}],"author":[{"embeddable":true,"href":"https:\/\/www.automakers.cz\/index.php?rest_route=\/wp\/v2\/users\/1"}],"replies":[{"embeddable":true,"href":"https:\/\/www.automakers.cz\/index.php?rest_route=%2Fwp%2Fv2%2Fcomments&post=10932"}],"version-history":[{"count":3,"href":"https:\/\/www.automakers.cz\/index.php?rest_route=\/wp\/v2\/posts\/10932\/revisions"}],"predecessor-version":[{"id":10934,"href":"https:\/\/www.automakers.cz\/index.php?rest_route=\/wp\/v2\/posts\/10932\/revisions\/10934"}],"wp:featuredmedia":[{"embeddable":true,"href":"https:\/\/www.automakers.cz\/index.php?rest_route=\/wp\/v2\/media\/208"}],"wp:attachment":[{"href":"https:\/\/www.automakers.cz\/index.php?rest_route=%2Fwp%2Fv2%2Fmedia&parent=10932"}],"wp:term":[{"taxonomy":"category","embeddable":true,"href":"https:\/\/www.automakers.cz\/index.php?rest_route=%2Fwp%2Fv2%2Fcategories&post=10932"},{"taxonomy":"post_tag","embeddable":true,"href":"https:\/\/www.automakers.cz\/index.php?rest_route=%2Fwp%2Fv2%2Ftags&post=10932"}],"curies":[{"name":"wp","href":"https:\/\/api.w.org\/{rel}","templated":true}]}}