{"id":10936,"date":"2025-02-12T09:06:47","date_gmt":"2025-02-12T09:06:47","guid":{"rendered":"https:\/\/www.automakers.cz\/?p=10936"},"modified":"2025-02-12T09:06:47","modified_gmt":"2025-02-12T09:06:47","slug":"cesky-trh-nabizi-50-znacek-elektromobilu","status":"publish","type":"post","link":"https:\/\/www.automakers.cz\/?p=10936","title":{"rendered":"\u010cesk\u00fd trh nab\u00edz\u00ed 50 zna\u010dek elektromobil\u016f"},"content":{"rendered":"<p><strong>V \u010cR bylo loni registrov\u00e1no 10 933 nov\u00fdch osobn\u00edch a 622 lehk\u00fdch u\u017eitkov\u00fdch elektromobil\u016f. Tyto po\u010dty p\u0159edstavovaly v obou kategori\u00edch celoro\u010dn\u00ed tr\u017en\u00ed pod\u00edly 4,72 % mezi osobn\u00edmi automobily, resp. 2,86 % v kategorii LUV. Redaktor AUTOmakers Karel Ber\u00e1nek spo\u010d\u00edtal po\u010dty zna\u010dek a model\u016f v obou kategori\u00edch.<\/strong><!--more--><\/p>\n<p><strong><b>Osobn\u00ed elektromobily \u2013 50 zna\u010dek a 106 model\u016f<\/b><\/strong><\/p>\n<p>V\u00a0pr\u016fb\u011bhu lo\u0148sk\u00e9ho roku bylo u n\u00e1s registrov\u00e1no nev\u011b\u0159iteln\u00fdch 106 model\u016f elektromobil\u016f od 50. zna\u010dek. Nedivte se, \u017ee n\u011bkter\u00e9 zna\u010dky nezn\u00e1te, ur\u010dit\u011b nejste sami. \u010ceskou ligu BEV vedla jasn\u011b <strong><b>Tesla <\/b><\/strong>s\u00a03716 kusy a pod\u00edlem v\u00a0t\u00e9to kategorii 33,99 %, kter\u00e1 tak\u00e9 nejv\u00edce profitovala na dotac\u00edch. Na druh\u00e9 pozici skon\u010dila <strong><b>\u0160koda<\/b><\/strong>\u00a0s\u00a01644 kusy a pod\u00edlem 15,04 %, ale pod\u00edl BEV na celkov\u00fdch registrac\u00edch byl u \u0160kody jen 2,11 %. P\u0159ekvapen\u00edm bylo t\u0159et\u00ed m\u00edsto <strong><b>Volva<\/b><\/strong>\u00a0s\u00a0971 kusy a pod\u00edlem 8,88 %, kdy\u017e se na celkov\u00fdch registrac\u00edch Volva pod\u00edlely vozy BEV z\u00a019,32 %. Pro zaj\u00edmavost uv\u00e1d\u00edme u dal\u0161\u00edch zna\u010dek za lom\u00edtkem pr\u00e1v\u011b pod\u00edl BEV na jejich celkov\u00fdch prodej\u00edch.<\/p>\n<p>\u010ctvrt\u00e1 p\u0159\u00ed\u010dka pat\u0159ila <strong><b>VW<\/b><\/strong>\u00a0(682 kus\u016f\/4,38 %, pod\u00edl BEV v\u00a0r\u00e1mci zna\u010dky), 5. m\u00edsto obsadilo <strong><b>BMW<\/b><\/strong>\u00a0(578\/10,59 %), \u0161est\u00fd <strong><b>Mercedes-Benz<\/b><\/strong>\u00a0(522\/6,48 %), 7. <strong><b>Hyundai <\/b><\/strong>(498\/2,44 %), 8. <strong><b>MG <\/b><\/strong>(428\/10,44 %), 9. <strong><b>Kia<\/b><\/strong>\u00a0(275\/2,56 %), 10. <strong><b>Toyota<\/b><\/strong>\u00a0(186\/0,98 %), 11. <strong><b>Ford<\/b><\/strong>\u00a0(173\/2,62 %), 12. <strong><b>Opel<\/b><\/strong>\u00a0(173\/5,06 %), 13. <strong><b>Peugeot<\/b><\/strong>\u00a0(157\/3,1 %), 14. <strong><b>Renault <\/b><\/strong>(155\/2,82 %), 15. <strong><b>Audi <\/b><\/strong>(105\/2,66 %), 16. <strong><b>Dacia<\/b><\/strong>\u00a0(103\/1,09 %), 17. <strong><b>Fiat<\/b><\/strong>\u00a0(90\/14,04 %), 18. <strong><b>Porsche<\/b><\/strong>\u00a0(87\/13,74 %), 19. <strong><b>Mini<\/b><\/strong>\u00a0(78\/20,97 %), 20. <strong><b>Citro\u00ebn<\/b><\/strong>\u00a0(64\/2,24 %), 21. <strong><b>Ssangyong<\/b><\/strong>\u00a0(63\/1,86 %).<\/p>\n<p>Od 22. m\u00edsta m\u011bly registrace u\u017e co do po\u010dtu v\u011bt\u0161\u00ed odstup: <strong><b>Lexus<\/b><\/strong>\u00a0(26\/1,12 %), 23. <strong><b>BYD<\/b><\/strong>\u00a0(22 kus\u016f), 24. <strong><b>Nissan<\/b><\/strong>\u00a0(21), 25. <strong><b>Dongfeng<\/b><\/strong>\u00a0(17), 26. <strong><b>Cupra<\/b><\/strong>\u00a0(15), 27. <strong><b>Fisker<\/b><\/strong>\u00a0(12), 28. <strong><b>Nio <\/b><\/strong>(11). 29. <strong><b>Rolls-Royce<\/b><\/strong>\u00a0(9), na 30. a\u017e 33. m\u00edst\u011b se \u0161esti vozy skon\u010dily <strong><b>Jeep, Mazda, smart <\/b><\/strong>a<strong><b>\u00a0Subaru<\/b><\/strong>, 34. <strong><b>Zeekr<\/b><\/strong>\u00a0(5), 35. \u2013 36. byla <strong><b>Alfa Romeo <\/b><\/strong>a<strong><b>\u00a0Honda<\/b><\/strong>\u00a0(3), o 37 a\u017e 41. m\u00edsto se d\u011bl\u00ed se dv\u011bma kusy <strong><b>Dongfeng, Forthing, Jaguar, Polestar <\/b><\/strong>a<strong><b>\u00a0Voyah<\/b><\/strong>. V po\u0159ad\u00ed na 42. a\u017e 50. m\u00edst\u011b, figuruje 7 zna\u010dek: <strong><b>DS, Eveasy, Faw, GMC, Hiphi, Lotus, Lucid, Maserati <\/b><\/strong>a<strong><b>\u00a0SAIC<\/b><\/strong>.<\/p>\n<p><img loading=\"lazy\" decoding=\"async\" class=\"alignnone size-medium wp-image-1086\" src=\"http:\/\/www.automakers.cz\/wp-content\/uploads\/2023\/12\/Toyota-bZ4X-nabijeni-baterie-2-900x600.jpg\" alt=\"\" width=\"900\" height=\"600\" \/><\/p>\n<p><strong><b>Lehk\u00e9 u\u017eitkov\u00e9 elektromobily \u2013 26 zna\u010dek s\u00a035 modely<\/b><\/strong><\/p>\n<p>Ani v\u00a0kategorii lehk\u00fdch u\u017eitkov\u00fdch vozidel nen\u00ed nab\u00eddka \u010dist\u011b elektricky poh\u00e1n\u011bn\u00fdch nijak chud\u00e1. O 622 u n\u00e1s registrovan\u00fdch u\u017eitkov\u00fdch elektromobil\u016f se loni pod\u011blilo neuv\u011b\u0159iteln\u00fdch 26 zna\u010dek, z\u00a0nich\u017e ale polovina sou\u010dasn\u011b registrovala i osobn\u00ed elektromobily. Dal\u0161\u00edch 13 zna\u010dek registrovalo LUV jen elektrick\u00e9.<\/p>\n<p>Ligu BEV zde vyhr\u00e1l s\u00a0velk\u00fdm n\u00e1skokem <strong><b>Ford<\/b><\/strong>, kter\u00fd registroval 183 elektricky poh\u00e1n\u011bn\u00fdch voz\u016f, co\u017e p\u0159edstavuje pod\u00edl 29,42 % v\u00a0kategorii BEV a 6,09 % na celkov\u00fdch registrac\u00edch LUV zna\u010dky. Druh\u00fd <strong><b>Mercedes-Benz<\/b><\/strong>\u00a0dos\u00e1hl p\u0159i registrac\u00edch 79 kus\u016f, pod\u00edlu mezi BEV 12,7 %, co\u017e znamenalo 6,92 % u zna\u010dky. T\u0159et\u00ed <strong><b>Opel <\/b><\/strong>registroval 61 voz\u016f s\u00a0pod\u00edlem 9,81 %, resp. 3,9 %. \u010ctvrt\u00e1 <strong><b>Toyota<\/b><\/strong>\u00a0(41 kus\u016f\/6,59 %\/1,46 %), 5. <strong><b>Renault <\/b><\/strong>(34\/5,47 %\/1,05 %), 6. <strong><b>VW<\/b><\/strong>\u00a0(32\/5,14 %\/1,27 %), 7. a\u017e 10. <strong><b>Fiat, Maxus, Nextem <\/b><\/strong>a<strong><b>\u00a0Nissan<\/b><\/strong>\u00a0(26).<\/p>\n<p>Jeden\u00e1ct\u00fd skon\u010dil <strong><b>Peugeot<\/b><\/strong>\u00a0(25), 12. <strong><b>Citro\u00ebn<\/b><\/strong>\u00a0(14), 13. <strong><b>Evum<\/b><\/strong>\u00a0Motors\u00a0(13), 14. <strong><b>Goupil <\/b><\/strong>(9), 15. <strong><b>Renault Trucks<\/b><\/strong>\u00a0(6), 16. a\u017e 19. <strong><b>Alke, Garia, Iveco <\/b><\/strong>a<strong><b>\u00a0TPC<\/b><\/strong>\u00a0po t\u0159ech kusech, 20 a\u017e 21. jsou zna\u010dky <strong><b>Cenntro <\/b><\/strong>a<strong><b>\u00a0Victory<\/b><\/strong>\u00a0(2), 22. a\u017e 26. m\u00edsto obsadily zna\u010dky <strong><b>Addax, Dongfeng Jenhoo, Rivian <\/b><\/strong>a<strong><b>\u00a0Selvo<\/b><\/strong>, kter\u00e9 u n\u00e1s loni registrovaly po jednom kusu BEV.<\/p>\n<p><strong><b>Jak asi bude letos? <\/b><\/strong><\/p>\n<p>Leto\u0161n\u00ed lednov\u00e9 v\u00fdsledky (celkem 981 kus\u016f, z toho bylo 326 \u0160kodovek a jen 116 Tesel, kdy\u017e loni bylo po\u0159ad\u00ed v\u011bt\u0161inou obr\u00e1cen\u011b) ukazuj\u00ed, \u017ee u n\u00e1s registrovalo osobn\u00ed BEV zat\u00edm 27 zna\u010dek a jejich tr\u017en\u00ed pod\u00edl dos\u00e1hl solidn\u00edch 5,07 %. Ty mohou, ale stejn\u011b tak nemus\u00ed b\u00fdt p\u0159\u00edslibem. Podobn\u011b nad\u011bjn\u00fdch je i 92 \u010dist\u011b elektrick\u00fdch dod\u00e1vek od 15. zna\u010dek, kter\u00e9 zvedly pod\u00edl a\u017e na p\u0159ekvapiv\u00fdch 6,88 %. Zda to signalizuje trvalej\u0161\u00ed jev teprve uvid\u00edme.<\/p>\n<p>Hodn\u011b bude z\u00e1le\u017eet na tom, zda se vl\u00e1da donut\u00ed k\u00a0op\u011btovn\u00e9 regulaci v podob\u011b vypl\u00e1cen\u00ed dal\u0161\u00ed etapy \u0161t\u011bdr\u00fdch dotac\u00ed. Pokud ne, tak se u n\u00e1s z\u00e1jem o n\u00e1kup elektromobil\u016f, a\u0165 osobn\u00edch nebo u\u017eitkov\u00fdch, je\u0161t\u011b asi n\u011bjak\u00fd \u010das v\u00fdrazn\u011bji nezvedne. Ukazuje se toti\u017e, \u017ee \u010de\u0161t\u00ed z\u00e1kazn\u00edci nejsou zdaleka tak zelen\u011b uv\u011bdom\u011bl\u00ed a poslu\u0161n\u00ed, jak si EU p\u0159edstavovala. Nab\u00eddka je p\u0159itom neskute\u010dn\u011b bohat\u00e1.<\/p>\n<p><strong>Karel Ber\u00e1nek<\/strong><\/p>\n","protected":false},"excerpt":{"rendered":"<p>V \u010cR bylo loni registrov\u00e1no 10 933 nov\u00fdch osobn\u00edch a 622 lehk\u00fdch u\u017eitkov\u00fdch elektromobil\u016f. Tyto&#8230;<\/p>\n","protected":false},"author":1,"featured_media":67,"comment_status":"closed","ping_status":"closed","sticky":false,"template":"","format":"standard","meta":{"footnotes":""},"categories":[42,9,10],"tags":[],"class_list":["post-10936","post","type-post","status-publish","format-standard","has-post-thumbnail","hentry","category-analyza","category-elektromobily","category-statistika"],"_links":{"self":[{"href":"https:\/\/www.automakers.cz\/index.php?rest_route=\/wp\/v2\/posts\/10936","targetHints":{"allow":["GET"]}}],"collection":[{"href":"https:\/\/www.automakers.cz\/index.php?rest_route=\/wp\/v2\/posts"}],"about":[{"href":"https:\/\/www.automakers.cz\/index.php?rest_route=\/wp\/v2\/types\/post"}],"author":[{"embeddable":true,"href":"https:\/\/www.automakers.cz\/index.php?rest_route=\/wp\/v2\/users\/1"}],"replies":[{"embeddable":true,"href":"https:\/\/www.automakers.cz\/index.php?rest_route=%2Fwp%2Fv2%2Fcomments&post=10936"}],"version-history":[{"count":1,"href":"https:\/\/www.automakers.cz\/index.php?rest_route=\/wp\/v2\/posts\/10936\/revisions"}],"predecessor-version":[{"id":10937,"href":"https:\/\/www.automakers.cz\/index.php?rest_route=\/wp\/v2\/posts\/10936\/revisions\/10937"}],"wp:featuredmedia":[{"embeddable":true,"href":"https:\/\/www.automakers.cz\/index.php?rest_route=\/wp\/v2\/media\/67"}],"wp:attachment":[{"href":"https:\/\/www.automakers.cz\/index.php?rest_route=%2Fwp%2Fv2%2Fmedia&parent=10936"}],"wp:term":[{"taxonomy":"category","embeddable":true,"href":"https:\/\/www.automakers.cz\/index.php?rest_route=%2Fwp%2Fv2%2Fcategories&post=10936"},{"taxonomy":"post_tag","embeddable":true,"href":"https:\/\/www.automakers.cz\/index.php?rest_route=%2Fwp%2Fv2%2Ftags&post=10936"}],"curies":[{"name":"wp","href":"https:\/\/api.w.org\/{rel}","templated":true}]}}