{"id":10961,"date":"2025-02-13T13:29:50","date_gmt":"2025-02-13T13:29:50","guid":{"rendered":"https:\/\/www.automakers.cz\/?p=10961"},"modified":"2025-02-13T13:29:50","modified_gmt":"2025-02-13T13:29:50","slug":"dachser-spustil-fotovoltaickou-elektrarnu-v-kladne","status":"publish","type":"post","link":"https:\/\/www.automakers.cz\/?p=10961","title":{"rendered":"Dachser spustil fotovoltaickou elektr\u00e1rnu v Kladn\u011b"},"content":{"rendered":"<p><strong>Mezin\u00e1rodn\u00ed logistick\u00fd provider Dachser Czech Republic investoval v Kladn\u011b do v\u00fdstavby fotovoltaick\u00e9 elektr\u00e1rny. Za\u0159\u00edzen\u00ed instalovan\u00e9 na st\u0159e\u0161e p\u0159ekl\u00e1dkov\u00e9ho skladu na plo\u0161e 4 146 m\u00b2 pokr\u00fdv\u00e1 t\u0159etinu ro\u010dn\u00ed spot\u0159eby energie cel\u00e9ho logistick\u00e9ho provozu i nov\u00e9 administrativn\u00ed vestavby. <\/strong><!--more--><\/p>\n<p>Fotovoltaick\u00e1 elektr\u00e1rna se vyu\u017e\u00edv\u00e1 i jako zdroj energie pro vlastn\u00ed dob\u00edjec\u00ed stanice. Tady m\u016f\u017ee Dachser Kladno d\u00edky fotovoltaice u\u0161et\u0159it a\u017e 80 procent n\u00e1klad\u016f na dob\u00edjen\u00ed v\u0161ech firemn\u00edch osobn\u00edch i n\u00e1kladn\u00edch elektromobil\u016f, kter\u00e9 na pobo\u010dce provozuje. Sou\u010d\u00e1st\u00ed investice ve v\u00fd\u0161i 20 milion\u016f korun je i bateriov\u00e9 \u00falo\u017ei\u0161t\u011b typu Second Life.<\/p>\n<p>\u201eFotovoltaick\u00e1 elektr\u00e1rna je jednou z na\u0161ich dal\u0161\u00edch investic do udr\u017eiteln\u00e9ho rozvoje, p\u0159esn\u011b v souladu s korpor\u00e1tn\u00ed strategi\u00ed pro ochranu klimatu,\u201c \u0159\u00edk\u00e1 Ing. Jan Pihar, gener\u00e1ln\u00ed \u0159editel Dachser Czech Republic, a dod\u00e1v\u00e1, \u201eDachser Kladno je v\u00fdbornou uk\u00e1zkou toho, jak na sebe nejnov\u011bj\u0161\u00ed technologie navazuj\u00ed a jak lze jejich synergiemi v logistice dos\u00e1hnout v\u00fdznamn\u00e9 \u00faspory emis\u00ed CO2.\u201c<\/p>\n<p>Fotovoltaick\u00e1 elektr\u00e1rna o v\u00fdkonu 385 kWp byla instalovan\u00e1 na st\u0159e\u0161e p\u0159ekl\u00e1dkov\u00e9ho skladu nejv\u011bt\u0161\u00ed pobo\u010dky spole\u010dnosti u n\u00e1s \u2013 v Dachser Kladno. Jej\u00ed \u0159\u00eddic\u00ed syst\u00e9m umo\u017e\u0148uje provoz v n\u011bkolika re\u017eimech podle aktu\u00e1ln\u00ed pot\u0159eby a zaji\u0161\u0165uje stabiln\u00ed provoz s kvalitn\u00edm managementem odb\u011brov\u00fdch \u0161pi\u010dek. P\u0159ebytky energie jsou ukl\u00e1d\u00e1ny do bateriov\u00e9ho \u00falo\u017ei\u0161t\u011b typu Second Life o kapacit\u011b 300 kWh, proto\u017ee v sou\u010dasn\u00e9 dob\u011b v m\u00edst\u011b nen\u00ed povolena distribuce energie do ve\u0159ejn\u00e9 s\u00edt\u011b.<\/p>\n<p><strong>Synergie s dob\u00edjec\u00edmi stanicemi a bezemisn\u00ed logistikou<\/strong><\/p>\n<p>Dachser Czech Republic, kter\u00fd zah\u00e1jil sv\u00e9 projekty bezemisn\u00edho z\u00e1sobov\u00e1n\u00ed na vybran\u00fdch relac\u00edch ji\u017e v roce 2020, investoval i do vlastn\u00ed dob\u00edjec\u00ed infrastruktury. S ohledem na budoucnost bezemisn\u00ed logistiky vybudoval p\u0159ed dv\u011bma lety na pobo\u010dce v Kladn\u011b 7 dob\u00edjec\u00edch stanic \u2013 jednu stanici DC pro rychl\u00e9 dob\u00edjen\u00ed n\u00e1kladn\u00edch vozidel (184 kW) a 6 dob\u00edjec\u00edch stanic AC (22 kW).<\/p>\n<p>Re\u017eim nov\u00e9 fotovoltaick\u00e9 elektr\u00e1rny je nastaven i na jejich z\u00e1sobov\u00e1n\u00ed sol\u00e1rn\u00ed energi\u00ed. \u201eNa\u0161e statistiky ukazuj\u00ed, \u017ee v p\u0159\u00edpad\u011b dob\u00edjen\u00ed elektrick\u00fdch n\u00e1kladn\u00edch vozidel na na\u0161ich dob\u00edjec\u00edch stanic\u00edch nam\u00edsto ve\u0159ejn\u00fdch, dosahujeme 40 a\u017e 60% \u00faspory n\u00e1klad\u016f na dob\u00edjen\u00ed. V kombinaci s vyu\u017eit\u00edm fotovoltaick\u00e9 elektr\u00e1rny a bateriov\u00e9ho \u00falo\u017ei\u0161t\u011b by m\u011bla celkov\u00e1 \u00faspora n\u00e1klad\u016f \u010dinit a\u017e 80 %,\u201c uv\u00e1d\u00ed k synergi\u00edm Ing. Michal K\u0159i\u017ean, General Manager Dachser Kladno. V neposledn\u00ed \u0159ad\u011b m\u00e1 toto \u0159e\u0161en\u00ed v\u00fdznamn\u00fd dopad na sni\u017eov\u00e1n\u00ed emis\u00ed CO2.<\/p>\n<p><img loading=\"lazy\" decoding=\"async\" class=\"alignnone size-medium wp-image-6111\" src=\"http:\/\/www.automakers.cz\/wp-content\/uploads\/2024\/07\/Vystavba-Dachser-Kladno_1-small-900x600.jpg\" alt=\"\" width=\"900\" height=\"600\" srcset=\"https:\/\/www.automakers.cz\/wp-content\/uploads\/2024\/07\/Vystavba-Dachser-Kladno_1-small-900x600.jpg 900w, https:\/\/www.automakers.cz\/wp-content\/uploads\/2024\/07\/Vystavba-Dachser-Kladno_1-small-1024x683.jpg 1024w, https:\/\/www.automakers.cz\/wp-content\/uploads\/2024\/07\/Vystavba-Dachser-Kladno_1-small-768x512.jpg 768w, https:\/\/www.automakers.cz\/wp-content\/uploads\/2024\/07\/Vystavba-Dachser-Kladno_1-small-1536x1024.jpg 1536w, https:\/\/www.automakers.cz\/wp-content\/uploads\/2024\/07\/Vystavba-Dachser-Kladno_1-small-2048x1365.jpg 2048w\" sizes=\"auto, (max-width: 900px) 100vw, 900px\" \/>V tomto roce spole\u010dnost pl\u00e1nuje fotovoltaickou elektr\u00e1rnu roz\u0161\u00ed\u0159it o dal\u0161\u00edch 280 kWp v\u00fdkonu a kapacitu bateriov\u00e9ho \u00falo\u017ei\u0161t\u011b o dal\u0161\u00edch 300 kWh s c\u00edlem zv\u00fd\u0161it sob\u011bsta\u010dnost cel\u00e9ho are\u00e1lu na \u00farove\u0148 70 \u2013 80 %.<\/p>\n","protected":false},"excerpt":{"rendered":"<p>Mezin\u00e1rodn\u00ed logistick\u00fd provider Dachser Czech Republic investoval v Kladn\u011b do v\u00fdstavby fotovoltaick\u00e9 elektr\u00e1rny. Za\u0159\u00edzen\u00ed instalovan\u00e9&#8230;<\/p>\n","protected":false},"author":2,"featured_media":10962,"comment_status":"closed","ping_status":"closed","sticky":false,"template":"","format":"standard","meta":{"footnotes":""},"categories":[41,3],"tags":[],"class_list":["post-10961","post","type-post","status-publish","format-standard","has-post-thumbnail","hentry","category-ekologie","category-investice"],"_links":{"self":[{"href":"https:\/\/www.automakers.cz\/index.php?rest_route=\/wp\/v2\/posts\/10961","targetHints":{"allow":["GET"]}}],"collection":[{"href":"https:\/\/www.automakers.cz\/index.php?rest_route=\/wp\/v2\/posts"}],"about":[{"href":"https:\/\/www.automakers.cz\/index.php?rest_route=\/wp\/v2\/types\/post"}],"author":[{"embeddable":true,"href":"https:\/\/www.automakers.cz\/index.php?rest_route=\/wp\/v2\/users\/2"}],"replies":[{"embeddable":true,"href":"https:\/\/www.automakers.cz\/index.php?rest_route=%2Fwp%2Fv2%2Fcomments&post=10961"}],"version-history":[{"count":3,"href":"https:\/\/www.automakers.cz\/index.php?rest_route=\/wp\/v2\/posts\/10961\/revisions"}],"predecessor-version":[{"id":10972,"href":"https:\/\/www.automakers.cz\/index.php?rest_route=\/wp\/v2\/posts\/10961\/revisions\/10972"}],"wp:featuredmedia":[{"embeddable":true,"href":"https:\/\/www.automakers.cz\/index.php?rest_route=\/wp\/v2\/media\/10962"}],"wp:attachment":[{"href":"https:\/\/www.automakers.cz\/index.php?rest_route=%2Fwp%2Fv2%2Fmedia&parent=10961"}],"wp:term":[{"taxonomy":"category","embeddable":true,"href":"https:\/\/www.automakers.cz\/index.php?rest_route=%2Fwp%2Fv2%2Fcategories&post=10961"},{"taxonomy":"post_tag","embeddable":true,"href":"https:\/\/www.automakers.cz\/index.php?rest_route=%2Fwp%2Fv2%2Ftags&post=10961"}],"curies":[{"name":"wp","href":"https:\/\/api.w.org\/{rel}","templated":true}]}}