{"id":10965,"date":"2025-02-13T13:32:15","date_gmt":"2025-02-13T13:32:15","guid":{"rendered":"https:\/\/www.automakers.cz\/?p=10965"},"modified":"2025-02-13T13:32:15","modified_gmt":"2025-02-13T13:32:15","slug":"air-products-meni-generalniho-reditele","status":"publish","type":"post","link":"https:\/\/www.automakers.cz\/?p=10965","title":{"rendered":"Air Products m\u011bn\u00ed gener\u00e1ln\u00edho \u0159editele"},"content":{"rendered":"<p class=\"-wm-MsoNormal\"><b>P\u0159edstavenstvo Air Products jmenovalo Eduarda F. Menezese v\u00fdkonn\u00fdm \u0159editelem (CEO) spole\u010dnosti. Nahrad\u00ed Seifollaha (\u201eSeifiho\u201c) Ghasemiho, kter\u00fd po v\u00edce ne\u017e 10 letech pr\u00e1ce ve spole\u010dnosti odch\u00e1z\u00ed. <\/b><!--more--><\/p>\n<p class=\"-wm-MsoNormal\">Eduardo F. Menezes se rovn\u011b\u017e stal \u010dlenem p\u0159edstavenstva spole\u010dnosti Air Products. P\u0159edstavenstvo sou\u010dasn\u011b jmenovalo Wayna T. Smithe p\u0159edsedou a Dennise H. Reilleyho m\u00edstop\u0159edsedou p\u0159edstavenstva. Ti budou spolu s cel\u00fdm p\u0159edstavenstvem \u00fazce spolupracovat s Eduardem Menezesem a veden\u00edm spole\u010dnosti Air Products na jej\u00edm rozvoji.<\/p>\n<p class=\"-wm-MsoNormal\"><b>Eduardo Menezes<\/b>\u00a0byl jmenov\u00e1n nov\u00fdm gener\u00e1ln\u00edm \u0159editelem spole\u010dnosti Air Products s\u00a0\u00fa\u010dinnost\u00ed od 7. \u00fanora 2025. K jeho jmenov\u00e1n\u00ed\u00a0<b>Wayne Smith<\/b>\u00a0poznamenal:\u00a0<i>\u201ePo posouzen\u00ed r\u016fzn\u00fdch v\u00fdjime\u010dn\u00fdch kandid\u00e1t\u016f na funkci gener\u00e1ln\u00edho \u0159editele p\u0159edstavenstvo rozhodlo, \u017ee Eduardovy znalosti, dovednosti a rozs\u00e1hl\u00e9 zku\u0161enosti v oblasti pr\u016fmyslov\u00fdch plyn\u016f, v\u010detn\u011b v\u00edce ne\u017e t\u0159\u00ed a p\u016fl desetilet\u00ed postupn\u00e9ho zast\u00e1v\u00e1n\u00ed vedouc\u00edch funkc\u00ed ve spole\u010dnosti Linde a\u00a0zku\u0161enost\u00ed s provozem po cel\u00e9m sv\u011bt\u011b, mu d\u00e1vaj\u00ed jedine\u010dn\u00e9 p\u0159edpoklady k tomu, aby spole\u010dnost Air Products posunul kup\u0159edu a maximalizoval hodnotu pro akcion\u00e1\u0159e.\u201c<\/i><\/p>\n<p class=\"-wm-MsoNormal\"><b>Eduardo Menezes<\/b>\u00a0uvedl:\u00a0<i>\u201eAir Products je fantastick\u00e1 spole\u010dnost s velkou budoucnost\u00ed a je mi ct\u00ed, \u017ee m\u00e1m p\u0159\u00edle\u017eitost spolupracovat s talentovan\u00fdm t\u00fdmem na budov\u00e1n\u00ed siln\u00e9 pozice spole\u010dnosti. T\u011b\u0161\u00edm se na uplatn\u011bn\u00ed zku\u0161enost\u00ed a perspektiv, kter\u00e9 jsem z\u00edskal p\u0159i pr\u00e1ci v\u00a0r\u016fzn\u00fdch odv\u011btv\u00edch technick\u00fdch plyn\u016f v mnoha zem\u00edch sv\u011bta. Jsem p\u0159esv\u011bd\u010den, \u017ee d\u00edky na\u0161emu spole\u010dn\u00e9mu \u00fasil\u00ed a discipl\u00edn\u011b dos\u00e1hneme vynikaj\u00edc\u00ed v\u00fdsledky.\u201c<\/i><\/p>\n<p class=\"-wm-MsoNormal\"><b>Eduardo Menezes<\/b>\u00a0p\u0159in\u00e1\u0161\u00ed rozs\u00e1hl\u00e9 mezin\u00e1rodn\u00ed zku\u0161enosti ve v\u0161ech kl\u00ed\u010dov\u00fdch odv\u011btv\u00edch technick\u00fdch plyn\u016f, v\u010detn\u011b v\u00fdroby plyn\u016f u z\u00e1kazn\u00edk\u016f, distribuce stla\u010den\u00fdch i kapaln\u00fdch plyn\u016f a v\u00fdroby vod\u00edku. Na sv\u00e9 posledn\u00ed pozici byl v\u00fdkonn\u00fdm viceprezidentem (EVP) spole\u010dnosti Linde pro Evropu, Bl\u00edzk\u00fd v\u00fdchod a Afriku, kde byl zodpov\u011bdn\u00fd za operace ve v\u00edce ne\u017e 40 zem\u00edch s obratem p\u0159es 8 miliard USD a s 18 000 zam\u011bstnanci. P\u0159edt\u00edm pracoval pro spole\u010dnost Praxair na r\u016fzn\u00fdch vedouc\u00edch pozic\u00edch, mimo jin\u00e9 jako EVP odpov\u011bdn\u00fd za Severn\u00ed Ameriku a na \u0159ad\u011b pozic v oblasti v\u0161eobecn\u00e9ho \u0159\u00edzen\u00ed a rozvoje podnik\u00e1n\u00ed v USA, \u0160pan\u011blsku, Mexiku a Braz\u00edlii.<\/p>\n<p class=\"-wm-MsoNormal\">Eduardo Menezes z\u00edskal titul M.B.A. na St\u00e1tn\u00ed univerzit\u011b v New Yorku a titul chemick\u00e9ho in\u017een\u00fdra na Feder\u00e1ln\u00ed univerzit\u011b v Rio de Janeiru v Braz\u00edlii.<\/p>\n<p class=\"-wm-MsoNormal\"><b>Seifi Ghasemi<\/b>\u00a0opou\u0161t\u00ed spole\u010dnost Air Products po v\u00edce ne\u017e 10 letech ob\u011btav\u00e9 pr\u00e1ce.\u00a0<b>Wayne\u00a0Smith<\/b>\u00a0k\u00a0tomu \u0159ekl:\u00a0<i>\u201eJm\u00e9nem cel\u00e9ho p\u0159edstavenstva, vedouc\u00edho t\u00fdmu spole\u010dnosti Air\u00a0Products a zam\u011bstnanc\u016f d\u011bkujeme Seifimu za jeho nes\u010detn\u00e9 p\u0159\u00edsp\u011bvky a veden\u00ed spole\u010dnosti v uplynul\u00e9m desetilet\u00ed. Seifiho z\u00e1vazek k bezpe\u010dnosti, jeho schopnost spojovat lidi za \u00fa\u010delem inovac\u00ed a spolupr\u00e1ce a jeho ne\u00fanavn\u00e1 snaha &#8218;b\u00fdt nejlep\u0161\u00ed&#8216; budou spole\u010dnosti i\u00a0nad\u00e1le dob\u0159e slou\u017eit p\u0159i poskytov\u00e1n\u00ed hodnot z\u00e1kazn\u00edk\u016fm, akcion\u00e1\u0159\u016fm a na\u0161im provozn\u00edm komunit\u00e1m po cel\u00e9m sv\u011bt\u011b.\u201c<\/i><\/p>\n<p class=\"-wm-MsoNormal\"><b>Seifi Ghasemi<\/b>\u00a0\u0159ekl:\u00a0<i>\u201eV\u00e9st spole\u010dnost Air Products v posledn\u00edch deseti letech mi bylo ct\u00ed a\u00a0v\u00fdsadou. Kdy\u017e jsem se v roce 2014 stal gener\u00e1ln\u00edm \u0159editelem, dali jsme si za \u00fakol dos\u00e1hnout nov\u00e9 \u00farovn\u011b ziskovosti a r\u016fstu. Ve spolupr\u00e1ci s talentovan\u00fdm t\u00fdmem vedouc\u00edch pracovn\u00edk\u016f a na\u0161imi odhodlan\u00fdmi a motivovan\u00fdmi zam\u011bstnanci po cel\u00e9m sv\u011bt\u011b mohu s\u00a0hrdost\u00ed \u0159\u00edct, \u017ee jsme toho dos\u00e1hli a dovedli spole\u010dnost Air Products k nov\u00fdm v\u00fd\u0161in\u00e1m. Za tento v\u00fdsledek vd\u011b\u010d\u00edme tvrd\u00e9 pr\u00e1ci zam\u011bstnanc\u016f spole\u010dnosti a nepochybuji o\u00a0tom, \u017ee budou hnac\u00edm motorem dal\u0161\u00edch \u00fasp\u011bch\u016f spole\u010dnosti i v budoucnosti.\u201c\u00a0\u00a0\u00a0\u00a0<\/i><\/p>\n<p class=\"-wm-MsoNormal\"><b>P\u0159edseda p\u0159edstavenstva Wayne T. Smith<\/b><\/p>\n<p class=\"-wm-MsoNormal\">Wayne T. Smith je p\u0159edsedou p\u0159edstavenstva spole\u010dnosti Air Products. Funkci \u0159editele spole\u010dnosti Air Products zast\u00e1v\u00e1 od roku 2021. P\u0159in\u00e1\u0161\u00ed 35 let zku\u0161enost\u00ed ve vrcholov\u00e9m managementu v chemick\u00e9m pr\u016fmyslu, v\u010detn\u011b rozs\u00e1hl\u00fdch zku\u0161enost\u00ed s veden\u00edm a provozem technick\u00fdch plyn\u016f. Je emeritn\u00edm p\u0159edsedou p\u0159edstavenstva a gener\u00e1ln\u00edm \u0159editelem spole\u010dnosti BASF Corporation, kde tuto funkci zast\u00e1val od roku 2015 do 2021. Od roku 2012 p\u016fsobil v\u00a0jej\u00edm p\u0159edstavenstvu a byl zodpov\u011bdn\u00fd za glob\u00e1ln\u00ed obchodn\u00ed portfolia s\u00a0obratem p\u0159esahuj\u00edc\u00edm 25 miliard dolar\u016f.<\/p>\n<p class=\"-wm-MsoNormal\">Do spole\u010dnosti BASF nastoupil Wayne T. Smith v roce 2004. P\u0159edt\u00edm byl Smith viceprezidentem a gener\u00e1ln\u00edm \u0159editelem divize speci\u00e1ln\u00edch stavebn\u00edch chemik\u00e1li\u00ed ve spole\u010dnosti W.R. Grace and Company, ve kter\u00e9 \u0159\u00eddil rozvoj strategie, r\u016fst a ziskovost spole\u010dnosti po cel\u00e9m sv\u011bt\u011b. P\u0159ed n\u00e1stupem do W.R. Grace p\u016fsobil Smith na st\u00e1le odpov\u011bdn\u011bj\u0161\u00edch pozic\u00edch ve spole\u010dnosti The BOC Group a dos\u00e1hl tam funkce viceprezidenta a gener\u00e1ln\u00edho \u0159editele divize balen\u00fdch v\u00fdrobk\u016f.<\/p>\n<p class=\"-wm-MsoNormal\">Smith p\u016fsob\u00ed tak\u00e9 jako \u0159editel ve spr\u00e1vn\u00ed rad\u011b spole\u010dnosti ONEOK a je b\u00fdval\u00fdm \u0159editelem spole\u010dnosti Inter Pip.<\/p>\n<p class=\"-wm-MsoNormal\">Bakal\u00e1\u0159sk\u00fd titul v oboru chemick\u00e9ho in\u017een\u00fdrstv\u00ed z\u00edskal na Syracuse University a titul M.B.A. na Wharton School of the University of Pennsylvania.<\/p>\n<p class=\"-wm-MsoNormal\"><b>M\u00edstop\u0159edseda p\u0159edstavenstva Dennis H. Reilley<\/b><\/p>\n<p class=\"-wm-MsoNormal\">Dennis H. Reilley je m\u00edstop\u0159edsedou p\u0159edstavenstva spole\u010dnosti Air Products. Od roku 2000 a\u017e do sv\u00e9ho odchodu do d\u016fchodu v roce 2007 p\u016fsobil jako p\u0159edseda p\u0159edstavenstva, prezident a gener\u00e1ln\u00ed \u0159editel spole\u010dnosti Praxair s celosv\u011btovou p\u016fsobnost\u00ed v oblasti technick\u00fdch plyn\u016f, kter\u00e1 je nyn\u00ed sou\u010d\u00e1st\u00ed spole\u010dnosti Linde. P\u0159ed n\u00e1stupem do spole\u010dnosti Praxair zast\u00e1val n\u011bkolik vedouc\u00edch funkc\u00ed ve spole\u010dnosti E.I. DuPont de Nemours and Company, v\u010detn\u011b pozice v\u00fdkonn\u00e9ho viceprezidenta a provozn\u00edho \u0159editele, v\u00fdkonn\u00e9ho viceprezidenta, viceprezidenta a gener\u00e1ln\u00edho \u0159editele divize Lycra, viceprezidenta a\u00a0gener\u00e1ln\u00edho \u0159editele divize speci\u00e1ln\u00edch chemik\u00e1li\u00ed a viceprezidenta a gener\u00e1ln\u00edho \u0159editele divize oxidu titani\u010dit\u00e9ho.<\/p>\n<p class=\"-wm-MsoNormal\">P\u0159ed t\u00edm p\u016fsobil jako vedouc\u00ed pracovn\u00edk ve spole\u010dnosti Conoco, jako p\u0159edseda p\u0159edstavenstva spole\u010dnosti Marathon Oil Corporation a jako p\u0159edseda p\u0159edstavenstva spole\u010dnosti Covidien. Byl rovn\u011b\u017e \u010dlenem p\u0159edstavenstva spole\u010dnost\u00ed DuPont de Nemours, CSX Corporation, The Dow Chemical Company, H.J. Heinz &amp; Co a Entergy Corporation.<\/p>\n<p class=\"-wm-MsoNormal\">Dennis Reilley z\u00edskal bakal\u00e1\u0159sk\u00fd titul v oboru financ\u00ed na Oklahomsk\u00e9 st\u00e1tn\u00ed univerzit\u011b.<\/p>\n<p><img loading=\"lazy\" decoding=\"async\" class=\"alignnone wp-image-10967\" src=\"http:\/\/www.automakers.cz\/wp-content\/uploads\/2025\/02\/Eduardo-Menezes_CEO_Air-Products_07-02-2025-1.jpg\" alt=\"\" width=\"820\" height=\"1094\" \/><\/p>\n","protected":false},"excerpt":{"rendered":"<p>P\u0159edstavenstvo Air Products jmenovalo Eduarda F. Menezese v\u00fdkonn\u00fdm \u0159editelem (CEO) spole\u010dnosti. Nahrad\u00ed Seifollaha (\u201eSeifiho\u201c) Ghasemiho,&#8230;<\/p>\n","protected":false},"author":2,"featured_media":10966,"comment_status":"closed","ping_status":"closed","sticky":false,"template":"","format":"standard","meta":{"footnotes":""},"categories":[23,6,5],"tags":[],"class_list":["post-10965","post","type-post","status-publish","format-standard","has-post-thumbnail","hentry","category-dodavatele","category-management","category-personalie"],"_links":{"self":[{"href":"https:\/\/www.automakers.cz\/index.php?rest_route=\/wp\/v2\/posts\/10965","targetHints":{"allow":["GET"]}}],"collection":[{"href":"https:\/\/www.automakers.cz\/index.php?rest_route=\/wp\/v2\/posts"}],"about":[{"href":"https:\/\/www.automakers.cz\/index.php?rest_route=\/wp\/v2\/types\/post"}],"author":[{"embeddable":true,"href":"https:\/\/www.automakers.cz\/index.php?rest_route=\/wp\/v2\/users\/2"}],"replies":[{"embeddable":true,"href":"https:\/\/www.automakers.cz\/index.php?rest_route=%2Fwp%2Fv2%2Fcomments&post=10965"}],"version-history":[{"count":3,"href":"https:\/\/www.automakers.cz\/index.php?rest_route=\/wp\/v2\/posts\/10965\/revisions"}],"predecessor-version":[{"id":10974,"href":"https:\/\/www.automakers.cz\/index.php?rest_route=\/wp\/v2\/posts\/10965\/revisions\/10974"}],"wp:featuredmedia":[{"embeddable":true,"href":"https:\/\/www.automakers.cz\/index.php?rest_route=\/wp\/v2\/media\/10966"}],"wp:attachment":[{"href":"https:\/\/www.automakers.cz\/index.php?rest_route=%2Fwp%2Fv2%2Fmedia&parent=10965"}],"wp:term":[{"taxonomy":"category","embeddable":true,"href":"https:\/\/www.automakers.cz\/index.php?rest_route=%2Fwp%2Fv2%2Fcategories&post=10965"},{"taxonomy":"post_tag","embeddable":true,"href":"https:\/\/www.automakers.cz\/index.php?rest_route=%2Fwp%2Fv2%2Ftags&post=10965"}],"curies":[{"name":"wp","href":"https:\/\/api.w.org\/{rel}","templated":true}]}}