{"id":10996,"date":"2025-02-14T08:23:01","date_gmt":"2025-02-14T08:23:01","guid":{"rendered":"https:\/\/www.automakers.cz\/?p=10996"},"modified":"2025-02-14T08:23:01","modified_gmt":"2025-02-14T08:23:01","slug":"hyundai-kona-pro-program-spolecne-pro-elektromobilitu","status":"publish","type":"post","link":"https:\/\/www.automakers.cz\/?p=10996","title":{"rendered":"Hyundai Kona pro program Spole\u010dn\u011b pro elektromobilitu"},"content":{"rendered":"<p><strong>Nada\u010dn\u00ed fond Pavla Novotn\u00e9ho, \u0160ance podan\u00e1 ruka, m\u011bsto Fr\u00fddlant nad Ostravic\u00ed a Diec\u00e9zn\u00ed charita ostravsko-opavsk\u00e1 \u2013 z\u00e1stupci t\u011bchto instituc\u00ed si v \u00fater\u00fd 11. \u00fanora p\u0159evzali Hyundai Kona Electric v r\u00e1mci grantov\u00e9ho programu Spole\u010dn\u011b pro elektromobilitu. Vozy budou zdarma vyu\u017e\u00edvat po dobu p\u016fl roku. <\/strong><!--more--><\/p>\n<p>Tento program, kter\u00fd automobilka Hyundai v No\u0161ovic\u00edch spustila v roce 2022, podporuje rozvoj elektromobility v Moravskoslezsk\u00e9m kraji a pom\u00e1h\u00e1 zvy\u0161ovat pov\u011bdom\u00ed o v\u00fdhod\u00e1ch elektrick\u00fdch vozidel mezi \u0161irokou ve\u0159ejnost\u00ed.<\/p>\n<p>Pavel Novotn\u00fd, p\u0159edseda spr\u00e1vn\u00ed rady Nada\u010dn\u00edho fondu Pavla Novotn\u00e9ho, p\u0159ibl\u00ed\u017eil, jak bude organizace v\u016fz vyu\u017e\u00edvat: \u201eNa Konu Electric se moc t\u011b\u0161\u00edme. Poslou\u017e\u00ed n\u00e1m p\u0159i cest\u00e1ch ke klient\u016fm a na na\u0161e akce, kter\u00fdch po\u0159\u00e1d\u00e1me des\u00edtky ro\u010dn\u011b. Velmi si v\u00e1\u017e\u00edme t\u00e9to p\u0159\u00edle\u017eitosti a chceme pod\u011bkovat spole\u010dnosti Hyundai za podporu. T\u011b\u0161\u00edme se na to, jak auto pom\u016f\u017ee nejen n\u00e1m, ale i t\u011bm, kte\u0159\u00ed na\u0161i pomoc pot\u0159ebuj\u00ed.\u201c Nada\u010dn\u00ed fond p\u016fsob\u00ed v 10 nemocnic\u00edch po cel\u00e9 \u010cesk\u00e9 republice, koordinuje \u010dinnost 205 dobrovoln\u00edk\u016f a provozuje dv\u011b poradny v Ostrav\u011b a Krnov\u011b, kter\u00e9 ro\u010dn\u011b nav\u0161t\u00edv\u00ed n\u011bkolik stovek pacient\u016f.<\/p>\n<p>\u201eOd roku 2022 si elektrickou Konu vyzkou\u0161elo 10 subjekt\u016f. Za\u010d\u00ednali jsme s jedn\u00edm vozem na rok, postupn\u011b po\u010det aut roste a nyn\u00ed u\u017e m\u00e1me k dispozici 4 elektromobily, kter\u00e9 p\u016fj\u010dujeme na 6-12 m\u011bs\u00edc\u016f, tak\u017ee se b\u011bhem jednoho roku m\u016f\u017ee prost\u0159\u00eddat a\u017e 8 r\u016fzn\u00fdch organizac\u00ed. Rostouc\u00ed z\u00e1jem o tento program n\u00e1s velmi t\u011b\u0161\u00ed. Od spu\u0161t\u011bn\u00ed programu se n\u00e1m se\u0161lo 21 \u017e\u00e1dost\u00ed a \u00fasp\u011b\u0161n\u00ed \u017eadatel\u00e9 s vozy najeli p\u0159es 47 tis\u00edc kilometr\u016f,\u201c dodala Barbora Hermanov\u00e1 z odd\u011blen\u00ed vn\u011bj\u0161\u00edch vztah\u016f automobilky.<\/p>\n<p>Dal\u0161\u00ed kolo p\u0159\u00edjmu \u017e\u00e1dost\u00ed bude pro region\u00e1ln\u00ed obce, \u00fa\u0159ady a dal\u0161\u00ed organizace v Moravskoslezsk\u00e9m kraji otev\u0159eno na ja\u0159e leto\u0161n\u00edho roku. Podrobnosti o tomto programu naleznou z\u00e1jemci na str\u00e1nk\u00e1ch automobilky\u00a0<a href=\"http:\/\/www.hyundai-motor.cz\">http:\/\/www.hyundai-motor.cz<\/a> v sekci O spole\u010dnosti. \u017d\u00e1dosti bude mo\u017en\u00e9 pod\u00e1vat v syst\u00e9mu Grantys.<\/p>\n<p><img loading=\"lazy\" decoding=\"async\" class=\"alignnone size-medium wp-image-11001\" src=\"http:\/\/www.automakers.cz\/wp-content\/uploads\/2025\/02\/Predani-ctyr-vozu-Hyundai-Kona-Electric-uspesnym-zadatelum.-small-1-900x599.jpg\" alt=\"\" width=\"900\" height=\"599\" srcset=\"https:\/\/www.automakers.cz\/wp-content\/uploads\/2025\/02\/Predani-ctyr-vozu-Hyundai-Kona-Electric-uspesnym-zadatelum.-small-1-900x599.jpg 900w, https:\/\/www.automakers.cz\/wp-content\/uploads\/2025\/02\/Predani-ctyr-vozu-Hyundai-Kona-Electric-uspesnym-zadatelum.-small-1-1024x682.jpg 1024w, https:\/\/www.automakers.cz\/wp-content\/uploads\/2025\/02\/Predani-ctyr-vozu-Hyundai-Kona-Electric-uspesnym-zadatelum.-small-1-768x511.jpg 768w, https:\/\/www.automakers.cz\/wp-content\/uploads\/2025\/02\/Predani-ctyr-vozu-Hyundai-Kona-Electric-uspesnym-zadatelum.-small-1-1536x1022.jpg 1536w, https:\/\/www.automakers.cz\/wp-content\/uploads\/2025\/02\/Predani-ctyr-vozu-Hyundai-Kona-Electric-uspesnym-zadatelum.-small-1-2048x1363.jpg 2048w\" sizes=\"auto, (max-width: 900px) 100vw, 900px\" \/><\/p>\n","protected":false},"excerpt":{"rendered":"<p>Nada\u010dn\u00ed fond Pavla Novotn\u00e9ho, \u0160ance podan\u00e1 ruka, m\u011bsto Fr\u00fddlant nad Ostravic\u00ed a Diec\u00e9zn\u00ed charita ostravsko-opavsk\u00e1&#8230;<\/p>\n","protected":false},"author":2,"featured_media":10997,"comment_status":"closed","ping_status":"closed","sticky":false,"template":"","format":"standard","meta":{"footnotes":""},"categories":[16,9],"tags":[],"class_list":["post-10996","post","type-post","status-publish","format-standard","has-post-thumbnail","hentry","category-csr","category-elektromobily"],"_links":{"self":[{"href":"https:\/\/www.automakers.cz\/index.php?rest_route=\/wp\/v2\/posts\/10996","targetHints":{"allow":["GET"]}}],"collection":[{"href":"https:\/\/www.automakers.cz\/index.php?rest_route=\/wp\/v2\/posts"}],"about":[{"href":"https:\/\/www.automakers.cz\/index.php?rest_route=\/wp\/v2\/types\/post"}],"author":[{"embeddable":true,"href":"https:\/\/www.automakers.cz\/index.php?rest_route=\/wp\/v2\/users\/2"}],"replies":[{"embeddable":true,"href":"https:\/\/www.automakers.cz\/index.php?rest_route=%2Fwp%2Fv2%2Fcomments&post=10996"}],"version-history":[{"count":5,"href":"https:\/\/www.automakers.cz\/index.php?rest_route=\/wp\/v2\/posts\/10996\/revisions"}],"predecessor-version":[{"id":11008,"href":"https:\/\/www.automakers.cz\/index.php?rest_route=\/wp\/v2\/posts\/10996\/revisions\/11008"}],"wp:featuredmedia":[{"embeddable":true,"href":"https:\/\/www.automakers.cz\/index.php?rest_route=\/wp\/v2\/media\/10997"}],"wp:attachment":[{"href":"https:\/\/www.automakers.cz\/index.php?rest_route=%2Fwp%2Fv2%2Fmedia&parent=10996"}],"wp:term":[{"taxonomy":"category","embeddable":true,"href":"https:\/\/www.automakers.cz\/index.php?rest_route=%2Fwp%2Fv2%2Fcategories&post=10996"},{"taxonomy":"post_tag","embeddable":true,"href":"https:\/\/www.automakers.cz\/index.php?rest_route=%2Fwp%2Fv2%2Ftags&post=10996"}],"curies":[{"name":"wp","href":"https:\/\/api.w.org\/{rel}","templated":true}]}}