{"id":11010,"date":"2025-02-14T08:37:45","date_gmt":"2025-02-14T08:37:45","guid":{"rendered":"https:\/\/www.automakers.cz\/?p=11010"},"modified":"2025-02-14T08:37:45","modified_gmt":"2025-02-14T08:37:45","slug":"nissan-ukoncil-jednani-o-fuzi-s-hondou","status":"publish","type":"post","link":"https:\/\/www.automakers.cz\/?p=11010","title":{"rendered":"Nissan ukon\u010dil jedn\u00e1n\u00ed o f\u00fazi s Hondou"},"content":{"rendered":"<p><strong><span class=\"highlight-query highlight-E1id10 highlight-E4id1 highlight-E1M highlight-E4M\">Honda<\/span> a <span class=\"highlight-E1id2 highlight-E4id1 highlight-E1M highlight-E4M\">Nissan v lednu jednaly o f\u00fazi, h<\/span>lavn\u00ed motivac\u00ed bylo st\u00e1t se op\u011bt konkurenceschopn\u00fdmi <span class=\"highlight-E5id0 highlight-E5M\">hr\u00e1\u010di<\/span> na trhu s elektromobily. Veden\u00ed automobilek reagovalo na r\u016fst americk\u00e9 <span class=\"highlight-E4id1 highlight-E1id6 highlight-E4M highlight-E1M\">Tesly<\/span> vlastn\u011bn\u00e9 <span class=\"highlight-E5id5 highlight-E5M\">miliard\u00e1\u0159em<\/span> <span class=\"highlight-E2id0 highlight-E2M\">Elonem<\/span> <span class=\"highlight-E2id0 highlight-E2M\">Muskem<\/span>. Americk\u00e1 <span class=\"highlight-E3id0 highlight-E3M\">CNN<\/span> v\u0161ak napsala, \u017ee jedn\u00e1n\u00ed zkrachovalo. U n\u00e1s se t\u00e9matu v\u011bnovaly Seznam Zpr\u00e1vy.<\/strong><!--more--><\/p>\n<p>Zpr\u00e1vy o tom, \u017ee se f\u00faze zadrhla, v\u0161ak prosakovaly u\u017e d\u0159\u00edve. <span class=\"highlight-E1id0 highlight-E4id0 highlight-E1M highlight-E4M\">Agentura<\/span> <span class=\"highlight-E4id0 highlight-E1id0 highlight-E4M highlight-E1M\">Reuters<\/span> informovala o sch\u016fzce <span class=\"highlight-E5id1 highlight-E5M\">gener\u00e1ln\u00edho<\/span> <span class=\"highlight-E5id1 highlight-E5M\">\u0159editele<\/span> spole\u010dnosti <span class=\"highlight-E1id2 highlight-E4id1 highlight-E1M highlight-E4M\">Nissan<\/span> <span class=\"highlight-E2id1 highlight-E2M\">Makota<\/span> U\u010didy s jeho prot\u011bj\u0161kem z <span class=\"highlight-E4id1 highlight-E1id10 highlight-E4M highlight-E1M\">Hondy<\/span> To\u0161ihirem Mibem &#8211; <span class=\"highlight-E5id4 highlight-E5M\">\u0161\u00e9f<\/span> <span class=\"highlight-E1id2 highlight-E4id1 highlight-E1M highlight-E4M\">Nissanu<\/span> na n\u00ed \u00fadajn\u011b \u0159ekl, \u017ee chce dosavadn\u00ed jedn\u00e1n\u00ed o f\u00fazi ukon\u010dit. \u201eDo budoucna budou <span class=\"highlight-E4id1 highlight-E1id2 highlight-E4M highlight-E1M\">Nissan<\/span> a <span class=\"highlight-query highlight-E1id10 highlight-E4id1 highlight-E1M highlight-E4M\">Honda<\/span> spolupracovat v r\u00e1mci strategick\u00e9ho partnerstv\u00ed zam\u011b\u0159en\u00e9ho na \u00e9ru inteligentn\u00edch a elektrifikovan\u00fdch vozidel, s c\u00edlem vytv\u00e1\u0159et novou hodnotu a maximalizovat korpor\u00e1tn\u00ed hodnotu obou spole\u010dnost\u00ed,\u201c napsala ve \u010dtvrte\u010dn\u00edm prohl\u00e1\u0161en\u00ed spole\u010dnost <span class=\"highlight-E1id2 highlight-E4id1 highlight-E1M highlight-E4M\">Nissan<\/span>.<\/p>\n<p>P\u016fvodn\u00edm pl\u00e1nem bylo zalo\u017eit jednotnou holdingovou spole\u010dnost, pod n\u00ed\u017e by ob\u011b spole\u010dnosti spadaly. Veden\u00ed <span class=\"highlight-E4id1 highlight-E1id10 highlight-E4M highlight-E1M\">Hondy<\/span>, kter\u00e1 je po <span class=\"highlight-E1id7 highlight-E4id1 highlight-E1M highlight-E4M\">Toyot\u011b<\/span> druhou nejv\u011bt\u0161\u00ed japonskou automobilkou, v\u0161ak p\u0159i\u0161lo s po\u017eadavkem, aby se <span class=\"highlight-E4id1 highlight-E1id2 highlight-E4M highlight-E1M\">Nissan<\/span> stal pouze jej\u00ed dce\u0159inou spole\u010dnost\u00ed. Pro <span class=\"highlight-E1id2 highlight-E4id1 highlight-E1M highlight-E4M\">Nissan<\/span> p\u0159edstavuj\u00ed ne\u00fasp\u011b\u0161n\u00e1 jedn\u00e1n\u00ed velk\u00fd probl\u00e9m. Automobilce toti\u017e v posledn\u00edch letech v\u00fdznamn\u011b klesaj\u00ed prodeje ve <span class=\"highlight-E0id1 highlight-E0M\">Spojen\u00fdch<\/span> <span class=\"highlight-E0id1 highlight-E0M\">st\u00e1tech<\/span> a v <span class=\"highlight-E0id3 highlight-E0M\">\u010c\u00edn\u011b<\/span>. Na za\u010d\u00e1tku listopadu lo\u0148sk\u00e9ho roku proto spole\u010dnost p\u0159edstavila restrukturaliza\u010dn\u00ed pl\u00e1n. Ten zahrnuje sn\u00ed\u017een\u00ed provozn\u00edch n\u00e1klad\u016f o 2,6 miliardy dolar\u016f (63 miliard korun), v\u010detn\u011b propou\u0161t\u011bn\u00ed v\u00edce ne\u017e dev\u00edti tis\u00edc <span class=\"highlight-E5id2 highlight-E5M\">zam\u011bstnanc\u016f<\/span> a sn\u00ed\u017een\u00ed glob\u00e1ln\u00ed v\u00fdrobn\u00ed kapacity o 20 procent. I p\u0159esto bude z\u0159ejm\u011b <span class=\"highlight-E4id1 highlight-E1id2 highlight-E4M highlight-E1M\">Nissan<\/span> hledat jin\u00e9ho <span class=\"highlight-E5id3 highlight-E5M\">partnera<\/span>.<\/p>\n<p><img loading=\"lazy\" decoding=\"async\" class=\"alignnone size-medium wp-image-9890\" src=\"http:\/\/www.automakers.cz\/wp-content\/uploads\/2024\/12\/Honda-Logo-900x600.jpg\" alt=\"\" width=\"900\" height=\"600\" srcset=\"https:\/\/www.automakers.cz\/wp-content\/uploads\/2024\/12\/Honda-Logo-900x600.jpg 900w, https:\/\/www.automakers.cz\/wp-content\/uploads\/2024\/12\/Honda-Logo-1024x683.jpg 1024w, https:\/\/www.automakers.cz\/wp-content\/uploads\/2024\/12\/Honda-Logo-768x512.jpg 768w, https:\/\/www.automakers.cz\/wp-content\/uploads\/2024\/12\/Honda-Logo.jpg 1155w\" sizes=\"auto, (max-width: 900px) 100vw, 900px\" \/><\/p>\n<p>Automobilky se pot\u00fdkaj\u00ed s velkou regulac\u00ed i vysokou konkurenc\u00ed, co\u017e je nut\u00ed sni\u017eovat v\u00fdrobn\u00ed n\u00e1klady. V <span class=\"highlight-E0id0 highlight-E0M\">Japonsku<\/span> se do t\u00e9to situace dostal pr\u00e1v\u011b <span class=\"highlight-E1id2 highlight-E4id1 highlight-E1M highlight-E4M\">Nissan<\/span>, v <span class=\"highlight-E0id2 highlight-E0M\">Evrop\u011b<\/span> jedn\u00e1 o zav\u00edr\u00e1n\u00ed z\u00e1vod\u016f <span class=\"highlight-E4id1 highlight-E1id1 highlight-E4M highlight-E1M\">Volkswagen<\/span>, kter\u00fd z\u0159ejm\u011b propust\u00ed tis\u00edce <span class=\"highlight-E5id2 highlight-E5M\">zam\u011bstnanc\u016f<\/span>. Pr\u00e1v\u011b f\u00faze v\u0161ak mohou b\u00fdt pro automobilky zp\u016fsob, jak u\u0161et\u0159it p\u0159i investic\u00edch do v\u00fdvoje nov\u00fdch a \u010dist\u00fdch technologi\u00ed.<\/p>\n<p>\u201eKe spojen\u00ed vede automobilky \u0159ada faktor\u016f. Hlavn\u00edm z nich je p\u0159echod na <span class=\"highlight-E4id3 highlight-E4M\">elektromobilitu<\/span>, kdy automobilky mus\u00ed rozs\u00e1hle investovat do v\u00fdvoje nov\u00fdch technologi\u00ed. Men\u0161\u00ed automobilky v\u0161ak nejsou tyto n\u00e1klady schopn\u00e9 pokr\u00fdt, a proto se spojuj\u00ed s jin\u00fdmi, aby si n\u00e1klady na v\u00fdvoj rozd\u011blily a pota\u017emo spolupracovaly i v jin\u00fdch odv\u011btv\u00edch v\u00fdroby,\u201c vysv\u011btluje pro SZ Byznys <span class=\"highlight-E5id6 highlight-E5M\">expert<\/span> na automotive <span class=\"highlight-E2id2 highlight-E2M\">Petr<\/span> <span class=\"highlight-E2id2 highlight-E2M\">Nov\u00e1k<\/span>. F\u00faze m\u016f\u017ee nav\u00edc do jist\u00e9 m\u00edry ochr\u00e1nit automobilky p\u0159ed pokutami za nespln\u011bn\u00ed emisn\u00edch po\u017eadavk\u016f.<\/p>\n<p><strong>Zdroj: SZ Byznys<\/strong><\/p>\n","protected":false},"excerpt":{"rendered":"<p>Honda a Nissan v lednu jednaly o f\u00fazi, hlavn\u00ed motivac\u00ed bylo st\u00e1t se op\u011bt konkurenceschopn\u00fdmi&#8230;<\/p>\n","protected":false},"author":1,"featured_media":2805,"comment_status":"closed","ping_status":"closed","sticky":false,"template":"","format":"standard","meta":{"footnotes":""},"categories":[31,18],"tags":[],"class_list":["post-11010","post","type-post","status-publish","format-standard","has-post-thumbnail","hentry","category-news","category-vyroba"],"_links":{"self":[{"href":"https:\/\/www.automakers.cz\/index.php?rest_route=\/wp\/v2\/posts\/11010","targetHints":{"allow":["GET"]}}],"collection":[{"href":"https:\/\/www.automakers.cz\/index.php?rest_route=\/wp\/v2\/posts"}],"about":[{"href":"https:\/\/www.automakers.cz\/index.php?rest_route=\/wp\/v2\/types\/post"}],"author":[{"embeddable":true,"href":"https:\/\/www.automakers.cz\/index.php?rest_route=\/wp\/v2\/users\/1"}],"replies":[{"embeddable":true,"href":"https:\/\/www.automakers.cz\/index.php?rest_route=%2Fwp%2Fv2%2Fcomments&post=11010"}],"version-history":[{"count":3,"href":"https:\/\/www.automakers.cz\/index.php?rest_route=\/wp\/v2\/posts\/11010\/revisions"}],"predecessor-version":[{"id":11013,"href":"https:\/\/www.automakers.cz\/index.php?rest_route=\/wp\/v2\/posts\/11010\/revisions\/11013"}],"wp:featuredmedia":[{"embeddable":true,"href":"https:\/\/www.automakers.cz\/index.php?rest_route=\/wp\/v2\/media\/2805"}],"wp:attachment":[{"href":"https:\/\/www.automakers.cz\/index.php?rest_route=%2Fwp%2Fv2%2Fmedia&parent=11010"}],"wp:term":[{"taxonomy":"category","embeddable":true,"href":"https:\/\/www.automakers.cz\/index.php?rest_route=%2Fwp%2Fv2%2Fcategories&post=11010"},{"taxonomy":"post_tag","embeddable":true,"href":"https:\/\/www.automakers.cz\/index.php?rest_route=%2Fwp%2Fv2%2Ftags&post=11010"}],"curies":[{"name":"wp","href":"https:\/\/api.w.org\/{rel}","templated":true}]}}