{"id":11015,"date":"2025-02-14T14:45:20","date_gmt":"2025-02-14T14:45:20","guid":{"rendered":"https:\/\/www.automakers.cz\/?p=11015"},"modified":"2025-02-17T12:16:01","modified_gmt":"2025-02-17T12:16:01","slug":"novinky-znacky-mini-brazdily-novy-rybnik","status":"publish","type":"post","link":"https:\/\/www.automakers.cz\/?p=11015","title":{"rendered":"MINI br\u00e1zdilo Nov\u00fd rybn\u00edk (Video)"},"content":{"rendered":"<p><strong>Mluv\u010d\u00ed BMW David Haidinger svolal novin\u00e1\u0159e na prezentaci nov\u00fdch model\u016f MINI. Akce se konala v lokalit\u011b Nov\u00fd rybn\u00edk a byla ur\u010dena pro m\u00e9dia, kter\u00fdm byla p\u0159edstavena kompletn\u00ed produktov\u00e1 \u0159ada dvou novinek v\u010detn\u011b technick\u00fdch specifikac\u00ed a mo\u017enost\u00ed v\u00fdbavy.<br \/>\n<\/strong><!--more--><\/p>\n<p><strong>Sou\u010d\u00e1st\u00ed prezentace byly tak\u00e9 testovac\u00ed j\u00edzdy, kter\u00e9 umo\u017enily p\u0159\u00edm\u00e9 sezn\u00e1men\u00ed s j\u00edzdn\u00edmi vlastnostmi nov\u00fdch model\u016f.<\/strong><\/p>\n<p><strong>Hlavn\u00edmi hv\u011bzdami p\u0159edstaven\u00ed byly:<\/strong><\/p>\n<p>&#8211; Nov\u00fd elektrick\u00fd MINI Aceman (vlevo)<br \/>\n&#8211; MINI Cooper (5dve\u0159ov\u00e9 proveden\u00ed)<\/p>\n<p><img loading=\"lazy\" decoding=\"async\" class=\"alignnone size-medium wp-image-11016\" src=\"http:\/\/www.automakers.cz\/wp-content\/uploads\/2025\/02\/P90587247_highRes_mini-aceman-mini-coo-900x600.jpg\" alt=\"\" width=\"900\" height=\"600\" srcset=\"https:\/\/www.automakers.cz\/wp-content\/uploads\/2025\/02\/P90587247_highRes_mini-aceman-mini-coo-900x600.jpg 900w, https:\/\/www.automakers.cz\/wp-content\/uploads\/2025\/02\/P90587247_highRes_mini-aceman-mini-coo-1024x683.jpg 1024w, https:\/\/www.automakers.cz\/wp-content\/uploads\/2025\/02\/P90587247_highRes_mini-aceman-mini-coo-768x512.jpg 768w, https:\/\/www.automakers.cz\/wp-content\/uploads\/2025\/02\/P90587247_highRes_mini-aceman-mini-coo-1536x1024.jpg 1536w, https:\/\/www.automakers.cz\/wp-content\/uploads\/2025\/02\/P90587247_highRes_mini-aceman-mini-coo-2048x1365.jpg 2048w\" sizes=\"auto, (max-width: 900px) 100vw, 900px\" \/><strong>Kl\u00ed\u010dov\u00e9 vlastnosti nov\u00fdch model\u016f:<\/strong><\/p>\n<p><strong>MINI Aceman<\/strong><\/p>\n<p>&#8211; K dispozici ve t\u0159ech v\u00fdkonov\u00fdch variant\u00e1ch:<br \/>\n&#8211; MINI Aceman E (184 k)<br \/>\n&#8211; MINI Aceman SE (218 k)<br \/>\n&#8211; MINI John Cooper Works Aceman (258 k)<br \/>\n&#8211; Dojezd a\u017e 400 km (dle WLTP)<br \/>\n&#8211; Ceny za\u010d\u00ednaj\u00ed na 845.000 K\u010d v\u010detn\u011b DPH<\/p>\n<p><strong>MINI Cooper 5dve\u0159ov\u00fd<\/strong><\/p>\n<p>&#8211; Praktick\u00e9 rodinn\u00e9 proveden\u00ed<br \/>\n&#8211; Zavazadlov\u00fd prostor:<br \/>\n&#8211; Z\u00e1kladn\u00ed objem 210 litr\u016f<br \/>\n&#8211; Po sklopen\u00ed zadn\u00edch sedadel a\u017e 725 litr\u016f<br \/>\n&#8211; Variabiln\u00ed interi\u00e9r s d\u011blen\u00fdmi zadn\u00edmi sedadly (60:40)<br \/>\n&#8211; Cena od 698.100 K\u010d v\u010detn\u011b DPH<\/p>\n<p><strong>Lud\u011bk Kortus, Nov\u00fd rybn\u00edk<\/strong><\/p>\n<p><iframe loading=\"lazy\"  id=\"_ytid_33868\"  width=\"640\" height=\"360\"  data-origwidth=\"640\" data-origheight=\"360\" src=\"https:\/\/www.youtube.com\/embed\/0_zdPjVnsuA?enablejsapi=1&#038;autoplay=0&#038;cc_load_policy=0&#038;cc_lang_pref=&#038;iv_load_policy=1&#038;loop=0&#038;modestbranding=0&#038;rel=1&#038;fs=1&#038;playsinline=0&#038;autohide=2&#038;theme=dark&#038;color=red&#038;controls=1&#038;\" class=\"__youtube_prefs__  epyt-is-override  no-lazyload\" title=\"YouTube player\"  allow=\"accelerometer; autoplay; clipboard-write; encrypted-media; gyroscope; picture-in-picture\" allowfullscreen data-no-lazy=\"1\" data-skipgform_ajax_framebjll=\"\"><\/iframe><\/p>\n<p>&nbsp;<\/p>\n","protected":false},"excerpt":{"rendered":"<p>Mluv\u010d\u00ed BMW David Haidinger svolal novin\u00e1\u0159e na prezentaci nov\u00fdch model\u016f MINI. Akce se konala v&#8230;<\/p>\n","protected":false},"author":4,"featured_media":11017,"comment_status":"closed","ping_status":"closed","sticky":false,"template":"","format":"standard","meta":{"footnotes":""},"categories":[59,12,20,66],"tags":[],"class_list":["post-11015","post","type-post","status-publish","format-standard","has-post-thumbnail","hentry","category-automakers-tv","category-premiery","category-tiskovky","category-video"],"_links":{"self":[{"href":"https:\/\/www.automakers.cz\/index.php?rest_route=\/wp\/v2\/posts\/11015","targetHints":{"allow":["GET"]}}],"collection":[{"href":"https:\/\/www.automakers.cz\/index.php?rest_route=\/wp\/v2\/posts"}],"about":[{"href":"https:\/\/www.automakers.cz\/index.php?rest_route=\/wp\/v2\/types\/post"}],"author":[{"embeddable":true,"href":"https:\/\/www.automakers.cz\/index.php?rest_route=\/wp\/v2\/users\/4"}],"replies":[{"embeddable":true,"href":"https:\/\/www.automakers.cz\/index.php?rest_route=%2Fwp%2Fv2%2Fcomments&post=11015"}],"version-history":[{"count":4,"href":"https:\/\/www.automakers.cz\/index.php?rest_route=\/wp\/v2\/posts\/11015\/revisions"}],"predecessor-version":[{"id":11058,"href":"https:\/\/www.automakers.cz\/index.php?rest_route=\/wp\/v2\/posts\/11015\/revisions\/11058"}],"wp:featuredmedia":[{"embeddable":true,"href":"https:\/\/www.automakers.cz\/index.php?rest_route=\/wp\/v2\/media\/11017"}],"wp:attachment":[{"href":"https:\/\/www.automakers.cz\/index.php?rest_route=%2Fwp%2Fv2%2Fmedia&parent=11015"}],"wp:term":[{"taxonomy":"category","embeddable":true,"href":"https:\/\/www.automakers.cz\/index.php?rest_route=%2Fwp%2Fv2%2Fcategories&post=11015"},{"taxonomy":"post_tag","embeddable":true,"href":"https:\/\/www.automakers.cz\/index.php?rest_route=%2Fwp%2Fv2%2Ftags&post=11015"}],"curies":[{"name":"wp","href":"https:\/\/api.w.org\/{rel}","templated":true}]}}