{"id":11054,"date":"2025-02-17T12:10:15","date_gmt":"2025-02-17T12:10:15","guid":{"rendered":"https:\/\/www.automakers.cz\/?p=11054"},"modified":"2025-02-17T12:10:45","modified_gmt":"2025-02-17T12:10:45","slug":"ministr-kupka-miri-do-maroka-a-senegalu","status":"publish","type":"post","link":"https:\/\/www.automakers.cz\/?p=11054","title":{"rendered":"Ministr Kupka m\u00ed\u0159\u00ed do Maroka a Senegalu"},"content":{"rendered":"<p class=\"xmprfx_MsoNormal\"><strong>Ministr dopravy Martin Kupka se v r\u00e1mci sv\u00e9 \u00fa\u010dasti na konferenci OSN o bezpe\u010dnosti silni\u010dn\u00edho provozu vyd\u00e1 na ofici\u00e1ln\u00ed n\u00e1v\u0161t\u011bvu Maroka, kde bude z\u00e1rove\u0148 jednat o rozvoji dopravn\u00ed infrastruktury a posilov\u00e1n\u00ed mezin\u00e1rodn\u00ed spolupr\u00e1ce v t\u00e9to oblasti.<\/strong><!--more--><\/p>\n<p class=\"xmprfx_MsoNormal\">V\u00a0r\u00e1mci t\u00e9to cesty prob\u011bhne tak\u00e9 v\u00a0Senegalu setk\u00e1n\u00ed s ministrem infrastruktury, silni\u010dn\u00ed a leteck\u00e9 dopravy Yankhobou Di\u00e9m\u00e9. Cesta prob\u011bhne tento t\u00fdden, od \u00fater\u00fd 18. do \u010dtvrtka 20. \u00fanora 2025.<\/p>\n<p class=\"xmprfx_MsoNormal\">Minist\u0159i by m\u011bli p\u0159edev\u0161\u00edm projednat kl\u00ed\u010dov\u00e9 ot\u00e1zky spole\u010dn\u00e9ho z\u00e1jmu, jako je dal\u0161\u00ed rozvoj spolupr\u00e1ce mezi ob\u011bma zem\u011bmi v\u00a0oblasti dopravy, pos\u00edlen\u00ed region\u00e1ln\u00ed konektivity, v\u010detn\u011b ot\u00e1zky pokra\u010dov\u00e1n\u00ed \u010desk\u00fdch firem v dopravn\u00edch projektech v\u00a0Senegalu. B\u011bhem jedn\u00e1n\u00ed bude podeps\u00e1na bilater\u00e1ln\u00ed leteck\u00e1 dohoda, kter\u00e1 p\u0159isp\u011bje k dal\u0161\u00edmu prohlouben\u00ed ekonomick\u00fdch a obchodn\u00edch vazeb mezi ob\u011bma zem\u011bmi, a bude se tak\u00e9 \u0159e\u0161it situace \u010desk\u00e9ho ob\u010dana zadr\u017eovan\u00e9ho v\u00a0souvislosti s\u00a0aktivitami spole\u010dnosti Transcon v\u00a0Senegalu.<\/p>\n<p class=\"xmprfx_MsoNormal\">Minist\u0159i Martin Kupka a Jan Lipavsk\u00fd spole\u010dn\u011b koordinuj\u00ed postup \u010desk\u00e9 strany s c\u00edlem zajistit ochranu pr\u00e1v ob\u010dana \u010cR, podpo\u0159it vy\u0159e\u0161en\u00ed pr\u00e1vn\u00edch ot\u00e1zek a obnovu stabiln\u00edch podm\u00ednek pro pokra\u010dov\u00e1n\u00ed \u010desk\u00fdch projekt\u016f v Senegalu. \u010cesk\u00e1 vl\u00e1da vn\u00edm\u00e1 Senegal jako d\u016fle\u017eit\u00e9ho partnera v rozvoji ekonomick\u00e9 spolupr\u00e1ce v oblasti dopravy. Z\u00e1rove\u0148 si uv\u011bdomuje v\u00fdznamnou roli, kterou \u010desk\u00e9 firmy, jako je Transcon a Omnipol, hraj\u00ed v realizaci strategick\u00fdch projekt\u016f v Senegalu.<\/p>\n<p><img loading=\"lazy\" decoding=\"async\" class=\"alignnone size-medium wp-image-945\" src=\"http:\/\/www.automakers.cz\/wp-content\/uploads\/2023\/12\/Kupka-ministr-TK-EURO-7-kamery-900x675.jpg\" alt=\"\" width=\"900\" height=\"675\" srcset=\"https:\/\/www.automakers.cz\/wp-content\/uploads\/2023\/12\/Kupka-ministr-TK-EURO-7-kamery-900x675.jpg 900w, https:\/\/www.automakers.cz\/wp-content\/uploads\/2023\/12\/Kupka-ministr-TK-EURO-7-kamery-1024x768.jpg 1024w, https:\/\/www.automakers.cz\/wp-content\/uploads\/2023\/12\/Kupka-ministr-TK-EURO-7-kamery-768x576.jpg 768w, https:\/\/www.automakers.cz\/wp-content\/uploads\/2023\/12\/Kupka-ministr-TK-EURO-7-kamery-1536x1152.jpg 1536w, https:\/\/www.automakers.cz\/wp-content\/uploads\/2023\/12\/Kupka-ministr-TK-EURO-7-kamery.jpg 2040w\" sizes=\"auto, (max-width: 900px) 100vw, 900px\" \/><strong>\u201e<i>\u010cesk\u00e1 republika klade d\u016fraz nejen na posilov\u00e1n\u00ed obchodn\u00edch vztah\u016f, ale tak\u00e9 na transparentn\u00ed podm\u00ednky a rovn\u00e9 zach\u00e1zen\u00ed s\u00a0\u010desk\u00fdmi firmami v\u00a0investi\u010dn\u00edch projektech v\u00a0zahrani\u010d\u00ed. Na\u0161e anga\u017em\u00e1 v Senegalu reflektuje z\u00e1jem nejen o \u010desk\u00e9 ob\u010dany a firmy, ale tak\u00e9 o dlouhodob\u00fd rozvoj hospod\u00e1\u0159stv\u00ed regionu, v\u00a0nich\u017e chceme podpo\u0159it vizi Senegal 2050<\/i>,\u201c uvedl ministr Kupka p\u0159ed cestou.<\/strong><\/p>\n<p><strong>Zdroj: MD<\/strong><\/p>\n","protected":false},"excerpt":{"rendered":"<p>Ministr dopravy Martin Kupka se v r\u00e1mci sv\u00e9 \u00fa\u010dasti na konferenci OSN o bezpe\u010dnosti silni\u010dn\u00edho&#8230;<\/p>\n","protected":false},"author":1,"featured_media":10900,"comment_status":"closed","ping_status":"closed","sticky":false,"template":"","format":"standard","meta":{"footnotes":""},"categories":[26,31],"tags":[],"class_list":["post-11054","post","type-post","status-publish","format-standard","has-post-thumbnail","hentry","category-eventy","category-news"],"_links":{"self":[{"href":"https:\/\/www.automakers.cz\/index.php?rest_route=\/wp\/v2\/posts\/11054","targetHints":{"allow":["GET"]}}],"collection":[{"href":"https:\/\/www.automakers.cz\/index.php?rest_route=\/wp\/v2\/posts"}],"about":[{"href":"https:\/\/www.automakers.cz\/index.php?rest_route=\/wp\/v2\/types\/post"}],"author":[{"embeddable":true,"href":"https:\/\/www.automakers.cz\/index.php?rest_route=\/wp\/v2\/users\/1"}],"replies":[{"embeddable":true,"href":"https:\/\/www.automakers.cz\/index.php?rest_route=%2Fwp%2Fv2%2Fcomments&post=11054"}],"version-history":[{"count":3,"href":"https:\/\/www.automakers.cz\/index.php?rest_route=\/wp\/v2\/posts\/11054\/revisions"}],"predecessor-version":[{"id":11056,"href":"https:\/\/www.automakers.cz\/index.php?rest_route=\/wp\/v2\/posts\/11054\/revisions\/11056"}],"wp:featuredmedia":[{"embeddable":true,"href":"https:\/\/www.automakers.cz\/index.php?rest_route=\/wp\/v2\/media\/10900"}],"wp:attachment":[{"href":"https:\/\/www.automakers.cz\/index.php?rest_route=%2Fwp%2Fv2%2Fmedia&parent=11054"}],"wp:term":[{"taxonomy":"category","embeddable":true,"href":"https:\/\/www.automakers.cz\/index.php?rest_route=%2Fwp%2Fv2%2Fcategories&post=11054"},{"taxonomy":"post_tag","embeddable":true,"href":"https:\/\/www.automakers.cz\/index.php?rest_route=%2Fwp%2Fv2%2Ftags&post=11054"}],"curies":[{"name":"wp","href":"https:\/\/api.w.org\/{rel}","templated":true}]}}